{"id":101589,"date":"2019-05-23T10:40:06","date_gmt":"2019-05-23T10:40:06","guid":{"rendered":"https:\/\/lavozdehellin.com\/noticias\/v00-168-este-viernes-24-de-mayo-a-las-20-30-horas-se-inagura-la-exposicion-de-las-fotografias-presentadas-a-la-octava-edicion-del-concurso-convocado-por-la-archicofradia-de-nuestro-padre-jesus-de-medi\/"},"modified":"2024-01-04T14:05:37","modified_gmt":"2024-01-04T14:05:37","slug":"v00-168-este-viernes-24-de-mayo-a-las-20-30-horas-se-inagura-la-exposicion-de-las-fotografias-presentadas-a-la-octava-edicion-del-concurso-convocado-por-la-archicofradia-de-nuestro-padre-jesus-de-medi","status":"publish","type":"post","link":"https:\/\/lavozdehellin.com\/noticias\/v00-168-este-viernes-24-de-mayo-a-las-20-30-horas-se-inagura-la-exposicion-de-las-fotografias-presentadas-a-la-octava-edicion-del-concurso-convocado-por-la-archicofradia-de-nuestro-padre-jesus-de-medi\/","title":{"rendered":"LVH NOTICIAS | ESTE VIERNES 24 DE MAYO, A LAS 20.30 HORAS, SE INAGURA LA EXPOSICI\u00d3N DE LAS FOTOGRAFIAS PRESENTADAS A LA OCTAVA EDICI\u00d3N DEL CONCURSO CONVOCADO POR LA ARCHICOFRAD\u00cdA DE NUESTRO PADRE JES\u00daS DE MEDINACELI."},"content":{"rendered":"<p style=\"text-align: justify;\">Este viernes 24 de mayo, a las 20.30 horas, se inagura la exposici\u00f3n de las fotograf\u00edas presentadas a la octava edici\u00f3n del concurso convocado por la Archicofrad\u00eda de Nuestro Padre Jes\u00fas de Medinaceli.<\/p>\n<p><!--more--><br \/>\n<!--publicidad-voz01--><a href=\"https:\/\/www.facebook.com\/SoloRadioHellin\/?locale=es_ES\"><img decoding=\"async\" class=\"alignnone size-medium\" src=\"https:\/\/blogger.googleusercontent.com\/img\/b\/R29vZ2xl\/AVvXsEiNncirNnyGedv00mhjZjh5Wl4_YPdJGanoAl8tL8zH-HwqE8uHqjEfSt340RHdx-9tuCSIkZ8rFamZiGyYlgDGxCsmXjCH_1xk5eYM3ntFZRvJP_jndOKR7w1UAo9Tu0vrZyOLfqRpHIxYI5SymJJ-pfGCQw6QVpggBH-UgfjiFQ2JOxqxG0Jx94kW83c\/s1600\/logo-principal.jpg\" width=\"100%\" height=\"100\" \/><\/a><!--bestpublic-voz01--><!--desk-in-out-voz01--><br \/>\n<!--publicidad-voz02--><a href=\"https:\/\/www.hellincf.com\/\"><img decoding=\"async\" class=\"alignnone size-medium\" src=\"https:\/\/blogger.googleusercontent.com\/img\/b\/R29vZ2xl\/AVvXsEhuZ4-XfBVj3UtdP8-RZugy3WVrg-Zv28c53m4oV47qYCxL1rX_dqWX_YddsGSnpH5SRDqZ7bZeKPIfDVCDncpjVlhy3aQs2vojcJBn7Gdv9hC2_Nzct_pRFrnFE1a7KTCdY1bT_kAgnY3-iadRZrGeJf1fR2P5fu11bokx0pWjaypoy-ctwCjklldpEbA\/s1600\/logo-principal7.jpg\" width=\"100%\" height=\"100\" \/><\/a><!--bestpublic-voz02--><!--desk-in-out-voz02--><\/p>\n<p style=\"text-align: justify;\">El pr\u00f3ximo viernes 24 de mayo, a las 20:30 horas, se inaugura la exposici\u00f3n de las fotograf\u00edas presentadas a la octava edici\u00f3n del concurso de fotograf\u00eda que convoca la Archicofrad\u00eda de Ntro. Padre Jes\u00fas de Medinaceli, la exposici\u00f3n permanecer\u00e1 abierta hasta el viernes 31 de mayo.<\/p>\n<p style=\"text-align: justify;\">Este a\u00f1o la muestra cambia su ubicaci\u00f3n al Museo de Semana Santa, un total de 24 obras se han presentado en esta edici\u00f3n, todas con la misma tem\u00e1tica, cualquier momento en el que la Archicofrad\u00eda y su imagen titular participan durante la Cuaresma, la Semana Santa 2019, as\u00ed como cualquier acto realizado durante dicho a\u00f1o.<\/p>\n<p style=\"text-align: justify;\">Todas las obras expuestas participan en un concurso que reparte 500 euros en premios.<\/p>\n<ul style=\"text-align: justify;\">\n<li>El primer premio obtendr\u00e1 250 euros en met\u00e1lico, y ser\u00e1 la imagen del cartel anunciador de los actos del primer viernes marzo 2020.<\/li>\n<\/ul>\n<ul style=\"text-align: justify;\">\n<li>El segundo tiene un premio de 150 euros y ser\u00e1 la portada del \u201cCalendario El Medinaceli\u201d del pr\u00f3ximo a\u00f1o. Desde aqu\u00ed queremos dar las gracias a todo el pueblo de Hell\u00edn por la acogida que a\u00f1os tras a\u00f1o dan al \u201cCalendario El Medinaceli\u201d agotando sus existencias.<\/li>\n<li>Tambi\u00e9n el jurado conceder\u00e1 dos premios, que ser\u00e1n gratificados con 50 euros y la publicaci\u00f3n en el interior del citado calendario.<\/li>\n<\/ul>\n<p style=\"text-align: justify;\">El jurado de esta s\u00e9ptima entrega est\u00e1 compuesto por: Antonio Garc\u00eda (p\u00e1rroco de San Roque), Pascual Garc\u00eda (t\u00e9cnico de imprenta), Marisol Lencina (fot\u00f3grafo profesional), Jos\u00e9 Aurelio Mart\u00ednez (Hermano Mayor de la Archicofrad\u00eda de Ntro. Padre Jes\u00fas de Medinaceli), Inmaculada Genestal (secretaria de la Archicofrad\u00eda de Ntro. Padre Jes\u00fas de Medinaceli) y Marcos Mill\u00e1n (Ganador del VII Concurso de fotograf\u00eda \u201cEl Medinaceli\u201d) y Rafael Mill\u00e1n (tutor legal de Marcos).<\/p>\n<p style=\"text-align: justify;\">El fallo del jurado se har\u00e1 p\u00fablico durante la entrega de premios que se realizara en la Parroquia de San Roque el s\u00e1bado 8 de junio a las 19:30h., al finalizar la Eucarist\u00eda.<\/p>\n<p style=\"text-align: justify;\">La exposici\u00f3n se podr\u00e1 visitar en el horario habitual del Museo de Semana Santa, de martes a domingo de 11\u201900 a 14\u00b400 y de 17\u201930 a 20:30 horas, los domingos por la tarde permanecer\u00e1 cerrado.<\/p>\n<p><!--publicidad-voz03--><a href=\"https:\/\/www.facebook.com\/profile.php?id=100063593791305&amp;locale=es_ES\"><img decoding=\"async\" class=\"alignnone size-medium\" src=\"https:\/\/blogger.googleusercontent.com\/img\/b\/R29vZ2xl\/AVvXsEi8_n_ll8UOcGxCqzFvb_9Io4ICczlGC990BPtPj2w9Px-u7B3oqWUW5vtjZUqPNJ-nyjiUIorE0ATsib_l5tV8BVN-UJ03RTnU__IHJF_4DgDBtY4LIqXNG-FomrO-7ywes20CBCRM2Hcm7EJSh3UUw1dO-c_uTflUrtgY1i7uBRezj_DpympmEFkfbQY\/s1600\/logo-principal2.jpg\" width=\"100%\" height=\"100\" \/><\/a><!--bestpublic-voz03--><!--desk-in-out-voz03--><br \/>\n<!--publicidad-voz04--><a href=\"https:\/\/www.facebook.com\/profile.php?id=61557370768692&amp;locale=es_ES\"><img decoding=\"async\" class=\"alignnone size-medium\" src=\"https:\/\/blogger.googleusercontent.com\/img\/b\/R29vZ2xl\/AVvXsEgy5RdcfffrnrItnYTcV9bCJjgJwldsQLWssfVfrLbyfXeBNTFKgBf0rMIvhrUaGUhiXzVr9_eQgCbi-j63ZDpfTvLIty9w7s140y-m1yHe7eKmEK7v2NAHUJDVYGdfeiQFeRCqUjdwWmN1MX_AUxxz4IVdJ4WIM0APxit8bjWkXzrnEFGqBvW_1F13H1g\/s1600\/logo-principal5.jpg\" width=\"100%\" height=\"100\" \/><\/a><!--bestpublic-voz04--><!--desk-in-out-voz04--><br \/>\n<!--publicidad-voz05--><a href=\"https:\/\/www.facebook.com\/asociaciontamborileroshellin?locale=es_ES\"><img decoding=\"async\" class=\"alignnone size-medium\" src=\"https:\/\/blogger.googleusercontent.com\/img\/b\/R29vZ2xl\/AVvXsEhHEEpZsKK1VpwiYMrS7aE2ujtqIDZoLd4B5wtbiseSU9s2HdTdQfhF84So2XwEB1fv0BLw95GADm6hUl1bkKtzh-eIgVigXONuu_5RxeIMPhjk8q6uNX4EaEHbooKkbu7pCADWPpVJjhKIH5NQSJpWqedC-YBez4QAQeJYokkLot9bhrIaUAeztsGis6M\/s1600\/logo-principal3.jpg\" width=\"100%\" height=\"100\" \/><\/a><!--bestpublic-voz05--><!--desk-in-out-voz05--><br \/>\n<!--publicidad-voz06--><!--bestpublic-voz06--><!--desk-in-out-voz06--><br \/>\n<!--publicidad-voz07--><!--bestpublic-voz07--><!--desk-in-out-voz07--><br \/>\n<!--publicidad-voz08--><!--bestpublic-voz08--><!--desk-in-out-voz08--><br \/>\n<!--publicidad-voz09--><!--bestpublic-voz09--><!--desk-in-out-voz09--><br \/>\n<!--publicidad-voz10--><!--bestpublic-voz10--><!--desk-in-out-voz10--><br \/>\n<!--publicidad-voz11--><!--bestpublic-voz11--><!--desk-in-out-voz11--><br \/>\n<!--publicidad-voz12--><!--bestpublic-voz12--><!--desk-in-out-voz12--><br \/>\n<!--publicidad-voz13--><!--bestpublic-voz13--><!--desk-in-out-voz13--><br \/>\n<!--publicidad-voz14--><!--bestpublic-voz14--><!--desk-in-out-voz14--><br \/>\n<!--publicidad-voz15--><!--bestpublic-voz15--><!--desk-in-out-voz15--><br \/>\n<!--publicidad-voz16--><!--bestpublic-voz16--><!--desk-in-out-voz16--><\/p>\n","protected":false},"excerpt":{"rendered":"<p>ESTE VIERNES 24 DE MAYO, A LAS 20.30 HORAS, SE INAGURA LA EXPOSICI\u00d3N DE LAS FOTOGRAFIAS PRESENTADAS A LA OCTAVA EDICI\u00d3N DEL CONCURSO CONVOCADO POR LA ARCHICOFRAD\u00cdA DE NUESTRO PADRE JES\u00daS DE MEDINACELI.<\/p>\n","protected":false},"author":2,"featured_media":90585,"comment_status":"closed","ping_status":"closed","sticky":false,"template":"","format":"standard","meta":{"footnotes":""},"categories":[719,718,715,716,717],"tags":[],"class_list":["post-101589","post","type-post","status-publish","format-standard","has-post-thumbnail","hentry","category-blog-lv001","category-blogger","category-la-voz-de-hellin","category-la-voz-de-hellin-la-voz-de-hellin","category-noticias"],"_links":{"self":[{"href":"https:\/\/lavozdehellin.com\/noticias\/wp-json\/wp\/v2\/posts\/101589","targetHints":{"allow":["GET"]}}],"collection":[{"href":"https:\/\/lavozdehellin.com\/noticias\/wp-json\/wp\/v2\/posts"}],"about":[{"href":"https:\/\/lavozdehellin.com\/noticias\/wp-json\/wp\/v2\/types\/post"}],"author":[{"embeddable":true,"href":"https:\/\/lavozdehellin.com\/noticias\/wp-json\/wp\/v2\/users\/2"}],"replies":[{"embeddable":true,"href":"https:\/\/lavozdehellin.com\/noticias\/wp-json\/wp\/v2\/comments?post=101589"}],"version-history":[{"count":0,"href":"https:\/\/lavozdehellin.com\/noticias\/wp-json\/wp\/v2\/posts\/101589\/revisions"}],"wp:featuredmedia":[{"embeddable":true,"href":"https:\/\/lavozdehellin.com\/noticias\/wp-json\/wp\/v2\/media\/90585"}],"wp:attachment":[{"href":"https:\/\/lavozdehellin.com\/noticias\/wp-json\/wp\/v2\/media?parent=101589"}],"wp:term":[{"taxonomy":"category","embeddable":true,"href":"https:\/\/lavozdehellin.com\/noticias\/wp-json\/wp\/v2\/categories?post=101589"},{"taxonomy":"post_tag","embeddable":true,"href":"https:\/\/lavozdehellin.com\/noticias\/wp-json\/wp\/v2\/tags?post=101589"}],"curies":[{"name":"wp","href":"https:\/\/api.w.org\/{rel}","templated":true}]}}