{"id":101595,"date":"2019-05-21T12:03:08","date_gmt":"2019-05-21T12:03:08","guid":{"rendered":"https:\/\/lavozdehellin.com\/noticias\/v00-174-el-cv-ciudad-de-hellin-ha-cerrado-una-brillante-temporada-2018-19-con-una-buena-actuacion-en-los-campeonatos-de-espana-de-voleibol-infantil-femenino-celebrados-en-la-ciudad-de-las-palmas-de-gr\/"},"modified":"2024-01-04T14:05:37","modified_gmt":"2024-01-04T14:05:37","slug":"v00-174-el-cv-ciudad-de-hellin-ha-cerrado-una-brillante-temporada-2018-19-con-una-buena-actuacion-en-los-campeonatos-de-espana-de-voleibol-infantil-femenino-celebrados-en-la-ciudad-de-las-palmas-de-gr","status":"publish","type":"post","link":"https:\/\/lavozdehellin.com\/noticias\/v00-174-el-cv-ciudad-de-hellin-ha-cerrado-una-brillante-temporada-2018-19-con-una-buena-actuacion-en-los-campeonatos-de-espana-de-voleibol-infantil-femenino-celebrados-en-la-ciudad-de-las-palmas-de-gr\/","title":{"rendered":"LVH NOTICIAS | EL CV CIUDAD DE HELL\u00cdN HA CERRADO UNA BRILLANTE TEMPORADA 2018-19 CON UNA BUENA ACTUACI\u00d3N EN LOS CAMPEONATOS DE ESPA\u00d1A DE VOLEIBOL INFANTIL FEMENINO CELEBRADOS EN LA CIUDAD DE LAS PALMAS DE GRAN CANARIA."},"content":{"rendered":"<p style=\"text-align: justify;\">El CV Ciudad de Hell\u00edn ha cerrado una brillante temporada 2018-19 con una buena actuaci\u00f3n en los campeonatos de Espa\u00f1a de Voleibol Infantil Femenino celebrados en la ciudad de Las Palmas de Gran Canaria.<\/p>\n<p><!--more--><br \/>\n<!--publicidad-voz01--><a href=\"https:\/\/www.facebook.com\/SoloRadioHellin\/?locale=es_ES\"><img decoding=\"async\" class=\"alignnone size-medium\" src=\"https:\/\/blogger.googleusercontent.com\/img\/b\/R29vZ2xl\/AVvXsEiNncirNnyGedv00mhjZjh5Wl4_YPdJGanoAl8tL8zH-HwqE8uHqjEfSt340RHdx-9tuCSIkZ8rFamZiGyYlgDGxCsmXjCH_1xk5eYM3ntFZRvJP_jndOKR7w1UAo9Tu0vrZyOLfqRpHIxYI5SymJJ-pfGCQw6QVpggBH-UgfjiFQ2JOxqxG0Jx94kW83c\/s1600\/logo-principal.jpg\" width=\"100%\" height=\"100\" \/><\/a><!--bestpublic-voz01--><!--desk-in-out-voz01--><br \/>\n<!--publicidad-voz02--><a href=\"https:\/\/www.hellincf.com\/\"><img decoding=\"async\" class=\"alignnone size-medium\" src=\"https:\/\/blogger.googleusercontent.com\/img\/b\/R29vZ2xl\/AVvXsEhuZ4-XfBVj3UtdP8-RZugy3WVrg-Zv28c53m4oV47qYCxL1rX_dqWX_YddsGSnpH5SRDqZ7bZeKPIfDVCDncpjVlhy3aQs2vojcJBn7Gdv9hC2_Nzct_pRFrnFE1a7KTCdY1bT_kAgnY3-iadRZrGeJf1fR2P5fu11bokx0pWjaypoy-ctwCjklldpEbA\/s1600\/logo-principal7.jpg\" width=\"100%\" height=\"100\" \/><\/a><!--bestpublic-voz02--><!--desk-in-out-voz02--><\/p>\n<p style=\"text-align: justify;\">El CV Ciudad de Hell\u00edn ha cerrado una brillante temporada 2018-19 con una buena actuaci\u00f3n en los Campeonatos de Espa\u00f1a de Voleibol Infantil Femenino celebrados en la ciudad de Las Palmas de Gran Canaria la pasada semana, de mi\u00e9rcoles a domingo.<\/p>\n<p style=\"text-align: justify;\">Si el pasado a\u00f1o, en su primer a\u00f1o de participaci\u00f3n, consegu\u00eda el Campeonato Provincial y Subcampeonato Regional, este a\u00f1o han conseguido superar. Si bien la pasada Copa de Espa\u00f1a de Guadalajara se vio que las chicas hab\u00edan dado un salto de calidad y hac\u00eda esperar lo mejor para el resto de temporada, este final de la misma no ha hecho sino confirmar esas esperanzas y acabaron Campeonas Provinciales de nuevo y Campeonas Regionales en un brillante partido. Todo ello ha hecho que un equipo hellinero femenino se clasificase por primera vez a un Campeonato de Espa\u00f1a Infantil.<br \/>\nEste a\u00f1o, la celebraci\u00f3n de este Campeonato se ha llevado a cabo en Las Palmas de Gran Canaria y el CV Ciudad de Hell\u00edn acud\u00eda con la intenci\u00f3n de aprender y competir contra los mejores equipos de todo el territorio nacional, consiguiendo finalmente un 23\u00ba puesto, venciendo a CV Helps Ponferrada, CV Haris de Tenerife y CV Manacor, a la postre octavo clasificado. Muy buen campeonato el disputado por nuestras chicas que, salvando los nervios iniciales, fueron en una clara l\u00ednea ascendente pese a sufrir derrotas dolorosas como la de Emeve Lugo por 25-27 en el \u00faltimo set del partido. Pero estas chicas son guerreras por naturaleza y se repusieron r\u00e1pidamente en este tipo de competici\u00f3n que tan poco tiempo da para la reflexi\u00f3n ya que son partidos de ma\u00f1ana y tarde para continuar luchando por la posici\u00f3n m\u00e1s alta posible entre los mejores equipos de Espa\u00f1a.<\/p>\n<p style=\"text-align: justify;\">El equipo integrante que ha participado en este Campeonato de Espa\u00f1a ha sido:<br \/>\n\u00c1ngela Sim\u00f3n, Mar\u00eda Mart\u00ednez, Luc\u00eda Y\u00e1\u00f1ez, Monika Milanova, Elena L\u00f3pez, Lidia L\u00f3pez, Marta S\u00e1nchez, Ana Lencina, Jimena S\u00e1nchez, Paula Sagredo, Raquel Serrano, Claudia Garc\u00eda.<\/p>\n<p style=\"text-align: justify;\">Adem\u00e1s, la buena labor de nuestras chicas no ha pasado inadvertida esta temporada produci\u00e9ndose la participaci\u00f3n en la supervisi\u00f3n de jugadoras por parte los t\u00e9cnicos de las secciones de categor\u00edas inferiores de la Selecci\u00f3n Espa\u00f1ola como fue el caso de Ana Lencina y \u00c1ngela Sim\u00f3n, o el caso de las jornadas de supervisi\u00f3n para participar en los Campeonatos de Espa\u00f1a por Selecciones Auton\u00f3micas (CESA), en las que participaron Ana Lencina, \u00c1ngela Sim\u00f3n, Luc\u00eda Y\u00e1\u00f1ez, Mar\u00eda Mart\u00ednez y Jimena S\u00e1nchez, esperando que todas ellas participen como integrantes de la selecci\u00f3n de Castilla la Mancha en dichos campeonatos a celebrar en Valladolid el pr\u00f3ximo mes de Junio.<\/p>\n<p><!--publicidad-voz03--><a href=\"https:\/\/www.facebook.com\/profile.php?id=100063593791305&amp;locale=es_ES\"><img decoding=\"async\" class=\"alignnone size-medium\" src=\"https:\/\/blogger.googleusercontent.com\/img\/b\/R29vZ2xl\/AVvXsEi8_n_ll8UOcGxCqzFvb_9Io4ICczlGC990BPtPj2w9Px-u7B3oqWUW5vtjZUqPNJ-nyjiUIorE0ATsib_l5tV8BVN-UJ03RTnU__IHJF_4DgDBtY4LIqXNG-FomrO-7ywes20CBCRM2Hcm7EJSh3UUw1dO-c_uTflUrtgY1i7uBRezj_DpympmEFkfbQY\/s1600\/logo-principal2.jpg\" width=\"100%\" height=\"100\" \/><\/a><!--bestpublic-voz03--><!--desk-in-out-voz03--><br \/>\n<!--publicidad-voz04--><a href=\"https:\/\/www.facebook.com\/profile.php?id=61557370768692&amp;locale=es_ES\"><img decoding=\"async\" class=\"alignnone size-medium\" src=\"https:\/\/blogger.googleusercontent.com\/img\/b\/R29vZ2xl\/AVvXsEgy5RdcfffrnrItnYTcV9bCJjgJwldsQLWssfVfrLbyfXeBNTFKgBf0rMIvhrUaGUhiXzVr9_eQgCbi-j63ZDpfTvLIty9w7s140y-m1yHe7eKmEK7v2NAHUJDVYGdfeiQFeRCqUjdwWmN1MX_AUxxz4IVdJ4WIM0APxit8bjWkXzrnEFGqBvW_1F13H1g\/s1600\/logo-principal5.jpg\" width=\"100%\" height=\"100\" \/><\/a><!--bestpublic-voz04--><!--desk-in-out-voz04--><br \/>\n<!--publicidad-voz05--><a href=\"https:\/\/www.facebook.com\/asociaciontamborileroshellin?locale=es_ES\"><img decoding=\"async\" class=\"alignnone size-medium\" src=\"https:\/\/blogger.googleusercontent.com\/img\/b\/R29vZ2xl\/AVvXsEhHEEpZsKK1VpwiYMrS7aE2ujtqIDZoLd4B5wtbiseSU9s2HdTdQfhF84So2XwEB1fv0BLw95GADm6hUl1bkKtzh-eIgVigXONuu_5RxeIMPhjk8q6uNX4EaEHbooKkbu7pCADWPpVJjhKIH5NQSJpWqedC-YBez4QAQeJYokkLot9bhrIaUAeztsGis6M\/s1600\/logo-principal3.jpg\" width=\"100%\" height=\"100\" \/><\/a><!--bestpublic-voz05--><!--desk-in-out-voz05--><br \/>\n<!--publicidad-voz06--><!--bestpublic-voz06--><!--desk-in-out-voz06--><br \/>\n<!--publicidad-voz07--><!--bestpublic-voz07--><!--desk-in-out-voz07--><br \/>\n<!--publicidad-voz08--><!--bestpublic-voz08--><!--desk-in-out-voz08--><br \/>\n<!--publicidad-voz09--><!--bestpublic-voz09--><!--desk-in-out-voz09--><br \/>\n<!--publicidad-voz10--><!--bestpublic-voz10--><!--desk-in-out-voz10--><br \/>\n<!--publicidad-voz11--><!--bestpublic-voz11--><!--desk-in-out-voz11--><br \/>\n<!--publicidad-voz12--><!--bestpublic-voz12--><!--desk-in-out-voz12--><br \/>\n<!--publicidad-voz13--><!--bestpublic-voz13--><!--desk-in-out-voz13--><br \/>\n<!--publicidad-voz14--><!--bestpublic-voz14--><!--desk-in-out-voz14--><br \/>\n<!--publicidad-voz15--><!--bestpublic-voz15--><!--desk-in-out-voz15--><br \/>\n<!--publicidad-voz16--><!--bestpublic-voz16--><!--desk-in-out-voz16--><\/p>\n","protected":false},"excerpt":{"rendered":"<p>EL CV CIUDAD DE HELL\u00cdN HA CERRADO UNA BRILLANTE TEMPORADA 2018-19 CON UNA BUENA ACTUACI\u00d3N EN LOS CAMPEONATOS DE ESPA\u00d1A DE VOLEIBOL INFANTIL FEMENINO CELEBRADOS EN LA CIUDAD DE LAS PALMAS DE GRAN CANARIA.<\/p>\n","protected":false},"author":2,"featured_media":90584,"comment_status":"closed","ping_status":"closed","sticky":false,"template":"","format":"standard","meta":{"footnotes":""},"categories":[719,718,715,716,717],"tags":[],"class_list":["post-101595","post","type-post","status-publish","format-standard","has-post-thumbnail","hentry","category-blog-lv001","category-blogger","category-la-voz-de-hellin","category-la-voz-de-hellin-la-voz-de-hellin","category-noticias"],"_links":{"self":[{"href":"https:\/\/lavozdehellin.com\/noticias\/wp-json\/wp\/v2\/posts\/101595","targetHints":{"allow":["GET"]}}],"collection":[{"href":"https:\/\/lavozdehellin.com\/noticias\/wp-json\/wp\/v2\/posts"}],"about":[{"href":"https:\/\/lavozdehellin.com\/noticias\/wp-json\/wp\/v2\/types\/post"}],"author":[{"embeddable":true,"href":"https:\/\/lavozdehellin.com\/noticias\/wp-json\/wp\/v2\/users\/2"}],"replies":[{"embeddable":true,"href":"https:\/\/lavozdehellin.com\/noticias\/wp-json\/wp\/v2\/comments?post=101595"}],"version-history":[{"count":0,"href":"https:\/\/lavozdehellin.com\/noticias\/wp-json\/wp\/v2\/posts\/101595\/revisions"}],"wp:featuredmedia":[{"embeddable":true,"href":"https:\/\/lavozdehellin.com\/noticias\/wp-json\/wp\/v2\/media\/90584"}],"wp:attachment":[{"href":"https:\/\/lavozdehellin.com\/noticias\/wp-json\/wp\/v2\/media?parent=101595"}],"wp:term":[{"taxonomy":"category","embeddable":true,"href":"https:\/\/lavozdehellin.com\/noticias\/wp-json\/wp\/v2\/categories?post=101595"},{"taxonomy":"post_tag","embeddable":true,"href":"https:\/\/lavozdehellin.com\/noticias\/wp-json\/wp\/v2\/tags?post=101595"}],"curies":[{"name":"wp","href":"https:\/\/api.w.org\/{rel}","templated":true}]}}