{"id":101597,"date":"2019-05-21T11:32:11","date_gmt":"2019-05-21T11:32:11","guid":{"rendered":"https:\/\/lavozdehellin.com\/noticias\/v00-176-el-pp-hellinero-apuesta-por-el-apoyo-al-tejido-industrial-mejorando-las-instalaciones-de-los-poligonos-y-desarrollando-un-plan-de-bonificacion-de-tasas-e-impuestos-asociados-a-la-creacion-de-e\/"},"modified":"2024-01-04T14:05:37","modified_gmt":"2024-01-04T14:05:37","slug":"v00-176-el-pp-hellinero-apuesta-por-el-apoyo-al-tejido-industrial-mejorando-las-instalaciones-de-los-poligonos-y-desarrollando-un-plan-de-bonificacion-de-tasas-e-impuestos-asociados-a-la-creacion-de-e","status":"publish","type":"post","link":"https:\/\/lavozdehellin.com\/noticias\/v00-176-el-pp-hellinero-apuesta-por-el-apoyo-al-tejido-industrial-mejorando-las-instalaciones-de-los-poligonos-y-desarrollando-un-plan-de-bonificacion-de-tasas-e-impuestos-asociados-a-la-creacion-de-e\/","title":{"rendered":"LVH NOTICIAS | EL PP HELLINERO APUESTA POR EL APOYO AL TEJIDO INDUSTRIAL MEJORANDO LAS INSTALACIONES DE LOS POLIGONOS Y DESARROLLANDO UN PLAN DE BONIFICACI\u00d3N DE TASAS E IMPUESTOS ASOCIADOS A LA CREACI\u00d3N DE EMPLEO."},"content":{"rendered":"<p style=\"text-align: justify;\">El PP hellinero apuesta por el apoyo al tejido industrial mejorado las instalaciones de los poligonos y desarrollando un plan de bonificaci\u00f3n de tasas e impuestos asociados a la creaci\u00f3n de empleo.<\/p>\n<p><!--more--><br \/>\n<!--publicidad-voz01--><a href=\"https:\/\/www.facebook.com\/SoloRadioHellin\/?locale=es_ES\"><img decoding=\"async\" class=\"alignnone size-medium\" src=\"https:\/\/blogger.googleusercontent.com\/img\/b\/R29vZ2xl\/AVvXsEiNncirNnyGedv00mhjZjh5Wl4_YPdJGanoAl8tL8zH-HwqE8uHqjEfSt340RHdx-9tuCSIkZ8rFamZiGyYlgDGxCsmXjCH_1xk5eYM3ntFZRvJP_jndOKR7w1UAo9Tu0vrZyOLfqRpHIxYI5SymJJ-pfGCQw6QVpggBH-UgfjiFQ2JOxqxG0Jx94kW83c\/s1600\/logo-principal.jpg\" width=\"100%\" height=\"100\" \/><\/a><!--bestpublic-voz01--><!--desk-in-out-voz01--><br \/>\n<!--publicidad-voz02--><a href=\"https:\/\/www.hellincf.com\/\"><img decoding=\"async\" class=\"alignnone size-medium\" src=\"https:\/\/blogger.googleusercontent.com\/img\/b\/R29vZ2xl\/AVvXsEhuZ4-XfBVj3UtdP8-RZugy3WVrg-Zv28c53m4oV47qYCxL1rX_dqWX_YddsGSnpH5SRDqZ7bZeKPIfDVCDncpjVlhy3aQs2vojcJBn7Gdv9hC2_Nzct_pRFrnFE1a7KTCdY1bT_kAgnY3-iadRZrGeJf1fR2P5fu11bokx0pWjaypoy-ctwCjklldpEbA\/s1600\/logo-principal7.jpg\" width=\"100%\" height=\"100\" \/><\/a><!--bestpublic-voz02--><!--desk-in-out-voz02--><\/p>\n<p style=\"text-align: justify;\">Manuel Serena y su equipo contin\u00faan con su intensa campa\u00f1a electoral. Este viernes comparti\u00f3 un almuerzo con empresarios del Pol\u00edgono de San Rafael con los que ha podido intercambiar opiniones sobre las necesidades que tanto dichas \u00e1reas empresariales tienen a d\u00eda de hoy, como sus propias empresas. Seguidamente visit\u00f3 la empresa confecciones Delmapunto donde pudo conocer de primera mano su importancia y el crecimiento que tiene dentro del sector textil de nuestra ciudad. El gerente transmiti\u00f3 las dificultades que tiene para encontrar mano de obra cualificada y la necesidad de poder buscar, a trav\u00e9s de la formaci\u00f3n para el empleo, ese perfil profesional. Para el PP hellinero nuestros pol\u00edgonos industriales son claves para el desarrollo y el crecimiento econ\u00f3mico de Hell\u00edn. Adecuarlos a las necesidades reales del momento que\u00a0 vivimos y el apoyo a todos aquellos que all\u00ed apuestan por el progreso y el empleo, son fundamentales para Manuel Serena. Seg\u00fan el PP de Hell\u00edn, el cambio hacia un futuro mejor debe apoyarse en el tejido industrial impulsando aquellos sectores que apuestan por el empleo y para ello habr\u00e1 que facilitar la llegada de empresas mejorando las instalaciones de los Pol\u00edgonos Industriales y desarrollando un plan de bonificaci\u00f3n de tasas e impuestos asociado a la creaci\u00f3n de empleo.<\/p>\n<p style=\"text-align: justify;\">Tras estas visitas, Manuel Serena, ha asistido a la exhibici\u00f3n de la Guardia Civil en la plaza de Toros. Las fuerzas y cuerpos de seguridad del Estado son vitales para la defensa de nuestros derechos y libertades. En el 175 aniversario del Cuerpo de la Guardia Civil hab\u00eda que acompa\u00f1arles.<\/p>\n<p style=\"text-align: justify;\">El PP tambi\u00e9n en el d\u00eda de los Museos ha asistido a la inauguraci\u00f3n de la exposici\u00f3n \u201cDesIGUALES\u201d y la donaci\u00f3n a los fondos del museo de la Maqueta que Rafael L\u00f3pez (Ca\u00f1am\u00f3n) ha estado construyendo durante meses. Para los populares hellineros, tienen una importancia capital los museos para el desarrollo de nuestra cultura por ello es necesario revitalizarlos. Apostar por la cultura para potenciarla y ligarla al turismo.<\/p>\n<p style=\"text-align: justify;\">Ha finalizado Manuel Serena la jornada de campa\u00f1a del viernes en la fiesta de la Primavera de la Rosaleda intercambiando impresiones con los comerciantes y con los vecinos que han asistido a esta jornada festiva.<\/p>\n<p style=\"text-align: justify;\">En la siguiente jornada, Manuel Serena, visita al Barrio de El Calvario donde se pudo conocer de la mano de los vecinos cu\u00e1les son sus demandas. Estas son de diverso \u00edndole e importancia pero hay que abordarlas para mejorar este barrio ya que en muchas ocasiones sufre un profundo abandono. Recoger esas propuestas y llevarlas a la pr\u00e1ctica ser\u00e1 un reto de futuro. Posteriormente se ha participado en las tradicionales migas de las fiestas de Mingogil. El candidato Manuel Serena y su equipo han participado activamente elaborando este tradicional plato para poder degustarlo con los vecinos de la pedan\u00eda. Bonita experiencia para compartir y potenciar para que no se pierdan estas tradiciones que vienen de lejos.<\/p>\n<p style=\"text-align: justify;\">Ha finalizado la jornada del s\u00e1bado asistiendo a la presentaci\u00f3n del corto de Ismael Olivares, \u201cLa Llorona\u201d. Gran trabajo el de Ismael que hay que apoyar como exponente cultural y adem\u00e1s en esta ocasi\u00f3n con una entrada simb\u00f3lica cuya recaudaci\u00f3n ser\u00e1 donada para realizar un nuevo proyecto cultural. El impulso y apoyo a la cultura son fundamentales para cualquier desarrollo posterior.<\/p>\n<p><!--publicidad-voz03--><a href=\"https:\/\/www.facebook.com\/profile.php?id=100063593791305&amp;locale=es_ES\"><img decoding=\"async\" class=\"alignnone size-medium\" src=\"https:\/\/blogger.googleusercontent.com\/img\/b\/R29vZ2xl\/AVvXsEi8_n_ll8UOcGxCqzFvb_9Io4ICczlGC990BPtPj2w9Px-u7B3oqWUW5vtjZUqPNJ-nyjiUIorE0ATsib_l5tV8BVN-UJ03RTnU__IHJF_4DgDBtY4LIqXNG-FomrO-7ywes20CBCRM2Hcm7EJSh3UUw1dO-c_uTflUrtgY1i7uBRezj_DpympmEFkfbQY\/s1600\/logo-principal2.jpg\" width=\"100%\" height=\"100\" \/><\/a><!--bestpublic-voz03--><!--desk-in-out-voz03--><br \/>\n<!--publicidad-voz04--><a href=\"https:\/\/www.facebook.com\/profile.php?id=61557370768692&amp;locale=es_ES\"><img decoding=\"async\" class=\"alignnone size-medium\" src=\"https:\/\/blogger.googleusercontent.com\/img\/b\/R29vZ2xl\/AVvXsEgy5RdcfffrnrItnYTcV9bCJjgJwldsQLWssfVfrLbyfXeBNTFKgBf0rMIvhrUaGUhiXzVr9_eQgCbi-j63ZDpfTvLIty9w7s140y-m1yHe7eKmEK7v2NAHUJDVYGdfeiQFeRCqUjdwWmN1MX_AUxxz4IVdJ4WIM0APxit8bjWkXzrnEFGqBvW_1F13H1g\/s1600\/logo-principal5.jpg\" width=\"100%\" height=\"100\" \/><\/a><!--bestpublic-voz04--><!--desk-in-out-voz04--><br \/>\n<!--publicidad-voz05--><a href=\"https:\/\/www.facebook.com\/asociaciontamborileroshellin?locale=es_ES\"><img decoding=\"async\" class=\"alignnone size-medium\" src=\"https:\/\/blogger.googleusercontent.com\/img\/b\/R29vZ2xl\/AVvXsEhHEEpZsKK1VpwiYMrS7aE2ujtqIDZoLd4B5wtbiseSU9s2HdTdQfhF84So2XwEB1fv0BLw95GADm6hUl1bkKtzh-eIgVigXONuu_5RxeIMPhjk8q6uNX4EaEHbooKkbu7pCADWPpVJjhKIH5NQSJpWqedC-YBez4QAQeJYokkLot9bhrIaUAeztsGis6M\/s1600\/logo-principal3.jpg\" width=\"100%\" height=\"100\" \/><\/a><!--bestpublic-voz05--><!--desk-in-out-voz05--><br \/>\n<!--publicidad-voz06--><!--bestpublic-voz06--><!--desk-in-out-voz06--><br \/>\n<!--publicidad-voz07--><!--bestpublic-voz07--><!--desk-in-out-voz07--><br \/>\n<!--publicidad-voz08--><!--bestpublic-voz08--><!--desk-in-out-voz08--><br \/>\n<!--publicidad-voz09--><!--bestpublic-voz09--><!--desk-in-out-voz09--><br \/>\n<!--publicidad-voz10--><!--bestpublic-voz10--><!--desk-in-out-voz10--><br \/>\n<!--publicidad-voz11--><!--bestpublic-voz11--><!--desk-in-out-voz11--><br \/>\n<!--publicidad-voz12--><!--bestpublic-voz12--><!--desk-in-out-voz12--><br \/>\n<!--publicidad-voz13--><!--bestpublic-voz13--><!--desk-in-out-voz13--><br \/>\n<!--publicidad-voz14--><!--bestpublic-voz14--><!--desk-in-out-voz14--><br \/>\n<!--publicidad-voz15--><!--bestpublic-voz15--><!--desk-in-out-voz15--><br \/>\n<!--publicidad-voz16--><!--bestpublic-voz16--><!--desk-in-out-voz16--><\/p>\n","protected":false},"excerpt":{"rendered":"<p>EL PP HELLINERO APUESTA POR EL APOYO AL TEJIDO INDUSTRIAL MEJORANDO LAS INSTALACIONES DE LOS POLIGONOS Y DESARROLLANDO UN PLAN DE BONIFICACI\u00d3N DE TASAS E IMPUESTOS ASOCIADOS A LA CREACI\u00d3N DE EMPLEO.<\/p>\n","protected":false},"author":2,"featured_media":90587,"comment_status":"closed","ping_status":"closed","sticky":false,"template":"","format":"standard","meta":{"footnotes":""},"categories":[719,718,715,716,717],"tags":[],"class_list":["post-101597","post","type-post","status-publish","format-standard","has-post-thumbnail","hentry","category-blog-lv001","category-blogger","category-la-voz-de-hellin","category-la-voz-de-hellin-la-voz-de-hellin","category-noticias"],"_links":{"self":[{"href":"https:\/\/lavozdehellin.com\/noticias\/wp-json\/wp\/v2\/posts\/101597","targetHints":{"allow":["GET"]}}],"collection":[{"href":"https:\/\/lavozdehellin.com\/noticias\/wp-json\/wp\/v2\/posts"}],"about":[{"href":"https:\/\/lavozdehellin.com\/noticias\/wp-json\/wp\/v2\/types\/post"}],"author":[{"embeddable":true,"href":"https:\/\/lavozdehellin.com\/noticias\/wp-json\/wp\/v2\/users\/2"}],"replies":[{"embeddable":true,"href":"https:\/\/lavozdehellin.com\/noticias\/wp-json\/wp\/v2\/comments?post=101597"}],"version-history":[{"count":0,"href":"https:\/\/lavozdehellin.com\/noticias\/wp-json\/wp\/v2\/posts\/101597\/revisions"}],"wp:featuredmedia":[{"embeddable":true,"href":"https:\/\/lavozdehellin.com\/noticias\/wp-json\/wp\/v2\/media\/90587"}],"wp:attachment":[{"href":"https:\/\/lavozdehellin.com\/noticias\/wp-json\/wp\/v2\/media?parent=101597"}],"wp:term":[{"taxonomy":"category","embeddable":true,"href":"https:\/\/lavozdehellin.com\/noticias\/wp-json\/wp\/v2\/categories?post=101597"},{"taxonomy":"post_tag","embeddable":true,"href":"https:\/\/lavozdehellin.com\/noticias\/wp-json\/wp\/v2\/tags?post=101597"}],"curies":[{"name":"wp","href":"https:\/\/api.w.org\/{rel}","templated":true}]}}