{"id":101599,"date":"2019-05-20T19:03:24","date_gmt":"2019-05-20T19:03:24","guid":{"rendered":"https:\/\/lavozdehellin.com\/noticias\/v00-178-almudena-jimenez-y-juan-moreno-vencen-en-yeste\/"},"modified":"2024-01-04T14:05:38","modified_gmt":"2024-01-04T14:05:38","slug":"v00-178-almudena-jimenez-y-juan-moreno-vencen-en-yeste","status":"publish","type":"post","link":"https:\/\/lavozdehellin.com\/noticias\/v00-178-almudena-jimenez-y-juan-moreno-vencen-en-yeste\/","title":{"rendered":"LVH NOTICIAS | ALMUDENA JIM\u00c9NEZ Y JUAN MORENO VENCEN EN YESTE."},"content":{"rendered":"<p style=\"text-align: justify;\">El pasado domingo se celebr\u00f3 en Yeste la decimos\u00e9ptima prueba, tras la doble prueba de la Copa Desaf\u00edo Albacete, del presente XIII Circuito Provincial de BTT, organizado por la Diputaci\u00f3n de Albacete. La carrera, que contaba con una participaci\u00f3n de los doscientos setenta y tres corredores, no defraud\u00f3 a los participantes, que pudieron disfrutar de un recorrido exigente que atravesaba zonas de gran belleza paisaj\u00edstica, reivindic\u00e1ndose Yeste un a\u00f1o m\u00e1s como uno de los escenarios m\u00e1s bonitos por los que este Circuito transcurre.<\/p>\n<p><!--more--><br \/>\n<!--publicidad-voz01--><a href=\"https:\/\/www.facebook.com\/SoloRadioHellin\/?locale=es_ES\"><img decoding=\"async\" class=\"alignnone size-medium\" src=\"https:\/\/blogger.googleusercontent.com\/img\/b\/R29vZ2xl\/AVvXsEiNncirNnyGedv00mhjZjh5Wl4_YPdJGanoAl8tL8zH-HwqE8uHqjEfSt340RHdx-9tuCSIkZ8rFamZiGyYlgDGxCsmXjCH_1xk5eYM3ntFZRvJP_jndOKR7w1UAo9Tu0vrZyOLfqRpHIxYI5SymJJ-pfGCQw6QVpggBH-UgfjiFQ2JOxqxG0Jx94kW83c\/s1600\/logo-principal.jpg\" width=\"100%\" height=\"100\" \/><\/a><!--bestpublic-voz01--><!--desk-in-out-voz01--><br \/>\n<!--publicidad-voz02--><a href=\"https:\/\/www.hellincf.com\/\"><img decoding=\"async\" class=\"alignnone size-medium\" src=\"https:\/\/blogger.googleusercontent.com\/img\/b\/R29vZ2xl\/AVvXsEhuZ4-XfBVj3UtdP8-RZugy3WVrg-Zv28c53m4oV47qYCxL1rX_dqWX_YddsGSnpH5SRDqZ7bZeKPIfDVCDncpjVlhy3aQs2vojcJBn7Gdv9hC2_Nzct_pRFrnFE1a7KTCdY1bT_kAgnY3-iadRZrGeJf1fR2P5fu11bokx0pWjaypoy-ctwCjklldpEbA\/s1600\/logo-principal7.jpg\" width=\"100%\" height=\"100\" \/><\/a><!--bestpublic-voz02--><!--desk-in-out-voz02--><\/p>\n<p style=\"text-align: justify;\">En cuanto a los resultados de la misma, grandes victorias de Juan Moreno (Los Bronces Cycling Team) y Almudena Jim\u00e9nez (Arte Bicis C.C.), resultados que no afectaron a los l\u00edderes de las respectivas clasificaciones generales del circuito pues siguen, otra semana m\u00e1s, portando el maillot de l\u00edder Almudena Jim\u00e9nez y Pedro Jes\u00fas Rodr\u00edguez (Ingeteam Rumbo BTT).<\/p>\n<p style=\"text-align: justify;\">A las 10:00 de la ma\u00f1ana, puntual, como casi siempre, se daba el pistoletazo de salida a una nueva prueba del Circuito Provincial. La dura ascensi\u00f3n inicial hac\u00eda presagiar que los principales candidatos al triunfo final se destacar\u00edan desde el mismo arranque de la prueba. As\u00ed ser\u00eda como se formar\u00eda un primer grupo de escapados integrado por Juan Moreno, Juan Carlos S\u00e1nchez (Ekuon El Conchel\/Diputaci\u00f3n Albacete Sport Team), Alberto L\u00f3pez (Bicis El Hellienro\u2013Acecho) y Antonio Hern\u00e1ndez. Con el paso por el kil\u00f3metro 25 del recorrido, Juan y Pedro Jes\u00fas conseguir\u00edan escaparse del resto. Sin embargo, en la ascensi\u00f3n del \u00faltimo puerto, Juan termina de escaparse en solitario mientras que Pedro Jes\u00fas es alcanzado por Juan Carlos y Antonio, por su parte, Alberto sufrir\u00eda problemas mec\u00e1nicos que le har\u00eda quedarse rezagado. Finalmente, Juan conseguir\u00eda cruzar la l\u00ednea de meta en primer lugar seguido de Juan Carlos y Antonio, respectivamente.<\/p>\n<p style=\"text-align: justify;\">En la categor\u00eda femenina, Almudena se impondr\u00eda desde el principio hasta el final. Sus perseguidoras no pondr\u00edan en peligro la victoria por parte de la l\u00edder del circuito. Finalmente, el resto de cajones del p\u00f3dium ser\u00edan ocupados, por orden de llegada a meta, por Carmen Mar\u00eda Mendoza (Sportecnic Equipamiento Deportivo) y Celia Pina (Ekuon El Conchel\/Diputaci\u00f3n Albacete Sport Team).<\/p>\n<p style=\"text-align: justify;\">En la modalidad de recorrido alternativo, Yolanda Bernal (Bicis El Hellinero\u2013Acecho) y Jos\u00e9 Manuel Jim\u00e9nez (Atalaya Bikers) conseguir\u00edan sus respectivas victorias, resultando\u00a0 su compa\u00f1ero de equipo, Ram\u00f3n Lucas ganador en la categor\u00eda J\u00fanior.<\/p>\n<p style=\"text-align: justify;\">La semana que viene le toca el turno a Letur, que se celebrar\u00e1 el s\u00e1bado por la tarde. Otra prueba m\u00e1s de monta\u00f1a con unos paisajes espectaculares para que los amantes de la bicicleta todoterreno puedan disfrutar de su hobby preferido.<\/p>\n<p><!--publicidad-voz03--><a href=\"https:\/\/www.facebook.com\/profile.php?id=100063593791305&amp;locale=es_ES\"><img decoding=\"async\" class=\"alignnone size-medium\" src=\"https:\/\/blogger.googleusercontent.com\/img\/b\/R29vZ2xl\/AVvXsEi8_n_ll8UOcGxCqzFvb_9Io4ICczlGC990BPtPj2w9Px-u7B3oqWUW5vtjZUqPNJ-nyjiUIorE0ATsib_l5tV8BVN-UJ03RTnU__IHJF_4DgDBtY4LIqXNG-FomrO-7ywes20CBCRM2Hcm7EJSh3UUw1dO-c_uTflUrtgY1i7uBRezj_DpympmEFkfbQY\/s1600\/logo-principal2.jpg\" width=\"100%\" height=\"100\" \/><\/a><!--bestpublic-voz03--><!--desk-in-out-voz03--><br \/>\n<!--publicidad-voz04--><a href=\"https:\/\/www.facebook.com\/profile.php?id=61557370768692&amp;locale=es_ES\"><img decoding=\"async\" class=\"alignnone size-medium\" src=\"https:\/\/blogger.googleusercontent.com\/img\/b\/R29vZ2xl\/AVvXsEgy5RdcfffrnrItnYTcV9bCJjgJwldsQLWssfVfrLbyfXeBNTFKgBf0rMIvhrUaGUhiXzVr9_eQgCbi-j63ZDpfTvLIty9w7s140y-m1yHe7eKmEK7v2NAHUJDVYGdfeiQFeRCqUjdwWmN1MX_AUxxz4IVdJ4WIM0APxit8bjWkXzrnEFGqBvW_1F13H1g\/s1600\/logo-principal5.jpg\" width=\"100%\" height=\"100\" \/><\/a><!--bestpublic-voz04--><!--desk-in-out-voz04--><br \/>\n<!--publicidad-voz05--><a href=\"https:\/\/www.facebook.com\/asociaciontamborileroshellin?locale=es_ES\"><img decoding=\"async\" class=\"alignnone size-medium\" src=\"https:\/\/blogger.googleusercontent.com\/img\/b\/R29vZ2xl\/AVvXsEhHEEpZsKK1VpwiYMrS7aE2ujtqIDZoLd4B5wtbiseSU9s2HdTdQfhF84So2XwEB1fv0BLw95GADm6hUl1bkKtzh-eIgVigXONuu_5RxeIMPhjk8q6uNX4EaEHbooKkbu7pCADWPpVJjhKIH5NQSJpWqedC-YBez4QAQeJYokkLot9bhrIaUAeztsGis6M\/s1600\/logo-principal3.jpg\" width=\"100%\" height=\"100\" \/><\/a><!--bestpublic-voz05--><!--desk-in-out-voz05--><br \/>\n<!--publicidad-voz06--><!--bestpublic-voz06--><!--desk-in-out-voz06--><br \/>\n<!--publicidad-voz07--><!--bestpublic-voz07--><!--desk-in-out-voz07--><br \/>\n<!--publicidad-voz08--><!--bestpublic-voz08--><!--desk-in-out-voz08--><br \/>\n<!--publicidad-voz09--><!--bestpublic-voz09--><!--desk-in-out-voz09--><br \/>\n<!--publicidad-voz10--><!--bestpublic-voz10--><!--desk-in-out-voz10--><br \/>\n<!--publicidad-voz11--><!--bestpublic-voz11--><!--desk-in-out-voz11--><br \/>\n<!--publicidad-voz12--><!--bestpublic-voz12--><!--desk-in-out-voz12--><br \/>\n<!--publicidad-voz13--><!--bestpublic-voz13--><!--desk-in-out-voz13--><br \/>\n<!--publicidad-voz14--><!--bestpublic-voz14--><!--desk-in-out-voz14--><br \/>\n<!--publicidad-voz15--><!--bestpublic-voz15--><!--desk-in-out-voz15--><br \/>\n<!--publicidad-voz16--><!--bestpublic-voz16--><!--desk-in-out-voz16--><\/p>\n","protected":false},"excerpt":{"rendered":"<p>ALMUDENA JIM\u00c9NEZ Y JUAN MORENO VENCEN EN YESTE.<\/p>\n","protected":false},"author":2,"featured_media":90586,"comment_status":"closed","ping_status":"closed","sticky":false,"template":"","format":"standard","meta":{"footnotes":""},"categories":[719,718,715,716,717],"tags":[],"class_list":["post-101599","post","type-post","status-publish","format-standard","has-post-thumbnail","hentry","category-blog-lv001","category-blogger","category-la-voz-de-hellin","category-la-voz-de-hellin-la-voz-de-hellin","category-noticias"],"_links":{"self":[{"href":"https:\/\/lavozdehellin.com\/noticias\/wp-json\/wp\/v2\/posts\/101599","targetHints":{"allow":["GET"]}}],"collection":[{"href":"https:\/\/lavozdehellin.com\/noticias\/wp-json\/wp\/v2\/posts"}],"about":[{"href":"https:\/\/lavozdehellin.com\/noticias\/wp-json\/wp\/v2\/types\/post"}],"author":[{"embeddable":true,"href":"https:\/\/lavozdehellin.com\/noticias\/wp-json\/wp\/v2\/users\/2"}],"replies":[{"embeddable":true,"href":"https:\/\/lavozdehellin.com\/noticias\/wp-json\/wp\/v2\/comments?post=101599"}],"version-history":[{"count":0,"href":"https:\/\/lavozdehellin.com\/noticias\/wp-json\/wp\/v2\/posts\/101599\/revisions"}],"wp:featuredmedia":[{"embeddable":true,"href":"https:\/\/lavozdehellin.com\/noticias\/wp-json\/wp\/v2\/media\/90586"}],"wp:attachment":[{"href":"https:\/\/lavozdehellin.com\/noticias\/wp-json\/wp\/v2\/media?parent=101599"}],"wp:term":[{"taxonomy":"category","embeddable":true,"href":"https:\/\/lavozdehellin.com\/noticias\/wp-json\/wp\/v2\/categories?post=101599"},{"taxonomy":"post_tag","embeddable":true,"href":"https:\/\/lavozdehellin.com\/noticias\/wp-json\/wp\/v2\/tags?post=101599"}],"curies":[{"name":"wp","href":"https:\/\/api.w.org\/{rel}","templated":true}]}}