{"id":101600,"date":"2019-05-20T12:41:59","date_gmt":"2019-05-20T12:41:59","guid":{"rendered":"https:\/\/lavozdehellin.com\/noticias\/v00-179-las-rutas-de-senderismo-de-la-diputacion-llegaron-a-la-manchuela-este-fin-de-semana-en-casas-de-ves-y-alborea\/"},"modified":"2024-01-04T14:05:38","modified_gmt":"2024-01-04T14:05:38","slug":"v00-179-las-rutas-de-senderismo-de-la-diputacion-llegaron-a-la-manchuela-este-fin-de-semana-en-casas-de-ves-y-alborea","status":"publish","type":"post","link":"https:\/\/lavozdehellin.com\/noticias\/v00-179-las-rutas-de-senderismo-de-la-diputacion-llegaron-a-la-manchuela-este-fin-de-semana-en-casas-de-ves-y-alborea\/","title":{"rendered":"LVH NOTICIAS | LAS RUTAS DE SENDERISMO DE LA DIPUTACI\u00d3N LLEGARON A LA MANCHUELA ESTE FIN DE SEMANA, EN CASAS DE VES Y ALBOREA"},"content":{"rendered":"<p style=\"text-align: justify;\">Este s\u00e1bado y domingo, d\u00edas 18 y 19 de mayo, tuvieron lugar la XX y XXI pruebas de la sexta edici\u00f3n de las rutas de senderismo que organiza la Diputaci\u00f3n Provincial de Albacete, para promocionar tanto el turismo, como el deporte y la cultura que ofrecen nuestros pueblos. Las citas eran en dos pueblos vecinos de la comarca de La Manchuela, en Casas de Ves y Alborea.<\/p>\n<p><!--more--><br \/>\n<!--publicidad-voz01--><a href=\"https:\/\/www.facebook.com\/SoloRadioHellin\/?locale=es_ES\"><img decoding=\"async\" class=\"alignnone size-medium\" src=\"https:\/\/blogger.googleusercontent.com\/img\/b\/R29vZ2xl\/AVvXsEiNncirNnyGedv00mhjZjh5Wl4_YPdJGanoAl8tL8zH-HwqE8uHqjEfSt340RHdx-9tuCSIkZ8rFamZiGyYlgDGxCsmXjCH_1xk5eYM3ntFZRvJP_jndOKR7w1UAo9Tu0vrZyOLfqRpHIxYI5SymJJ-pfGCQw6QVpggBH-UgfjiFQ2JOxqxG0Jx94kW83c\/s1600\/logo-principal.jpg\" width=\"100%\" height=\"100\" \/><\/a><!--bestpublic-voz01--><!--desk-in-out-voz01--><br \/>\n<!--publicidad-voz02--><a href=\"https:\/\/www.hellincf.com\/\"><img decoding=\"async\" class=\"alignnone size-medium\" src=\"https:\/\/blogger.googleusercontent.com\/img\/b\/R29vZ2xl\/AVvXsEhuZ4-XfBVj3UtdP8-RZugy3WVrg-Zv28c53m4oV47qYCxL1rX_dqWX_YddsGSnpH5SRDqZ7bZeKPIfDVCDncpjVlhy3aQs2vojcJBn7Gdv9hC2_Nzct_pRFrnFE1a7KTCdY1bT_kAgnY3-iadRZrGeJf1fR2P5fu11bokx0pWjaypoy-ctwCjklldpEbA\/s1600\/logo-principal7.jpg\" width=\"100%\" height=\"100\" \/><\/a><!--bestpublic-voz02--><!--desk-in-out-voz02--><\/p>\n<p style=\"text-align: justify;\">El s\u00e1bado en Casas de Ves, los participantes recorrieron la ruta denominada \u201cHoz del J\u00facar\u201d, lineal, de 20 kil\u00f3metros de distancia, de dificultad media-alta y cinco horas de duraci\u00f3n.<\/p>\n<p style=\"text-align: justify;\">Comenzaban con el d\u00eda un poco nublado en el vecino pueblo de Villa de Ves. Desde aqu\u00ed las vistas son impresionantes, con el ca\u00f1\u00f3n del J\u00facar, el embalse del Molinar, el antiguo pueblo de La Villa, origen del rinc\u00f3n de Ves, del que forma parte Casas de Ves, y la imponente ermita del Cristo de la vida presidiendo esta zona del r\u00edo J\u00facar, junto al antiguo castillo \u00e1rabe del que quedan contados vestigios (actualmente cementerio de La Villa).<\/p>\n<p style=\"text-align: justify;\">Desde aqu\u00ed los senderistas comenzaron a descender por la antigua senda que comunica La Villa con Villa de Ves, para luego coger la zigzagueante carretera hasta llegar a la presa y central hidroel\u00e9ctrica del Molinar, donde les sorprendieron las impresionantes im\u00e1genes del ca\u00f1\u00f3n del J\u00facar. Atravesaron un t\u00fanel que les llevar\u00eda a la otra parte del embalse y donde comenzaron una subida por la umbr\u00eda del ca\u00f1\u00f3n hasta llegar a la llanura de la parte sur del r\u00edo J\u00facar, zona conocida como \u201cLas Herr\u00e1s\u201d. Ya direcci\u00f3n a la Herr\u00e1 de Abajo se adentraron en el monte buscando un merendero de la antigua ICONA, donde el tiempo y el monte le han ganado la partida. Pronto llegaron a una de las panor\u00e1micas m\u00e1s impresionantes del r\u00edo J\u00facar, con la ermita del cristo de la vida contemplada desde la parte opuesta de donde comenzar\u00edan la ruta.<\/p>\n<p style=\"text-align: justify;\">Tras las fotos de rigor continuaron unos pocos metros hasta llegar al barranco \u201cMingo Andr\u00e9s\u201d que marca el l\u00edmite entre Casas de Ves y Villa de Ves, muy cerca de all\u00ed se encontraron con un dep\u00f3sito de incendios abastecido por una fuente manantial junto a \u00e9l. Bordeando el barranco, bajaron hacia el r\u00edo hasta llegar al antiguo poblado de Iberdrola \u201cEl tranco del Lobo\u201d, junto a la central hidroel\u00e9ctrica del mismo nombre. Cruzaron el r\u00edo por el puente de madera y con gran esfuerzo subieron el \u00faltimo tramo de la ruta hasta el paraje La Solana, donde les esperaba el autob\u00fas en la llanura de Casas de Ves para llevarles al Bar \u201cLa Cooperativa\u201d donde tomar\u00eda una merecida comida. Tras esta, pudieron visitar la Iglesia de Santa Quiteria, declara Bien de Inter\u00e9s Cultural con la categor\u00eda de monumento en 1995 y Ayuntamiento de Casas de Ves construido a finales del siglo XVIII.<\/p>\n<p style=\"text-align: justify;\">Ya el domingo, con un d\u00eda algo m\u00e1s soleado que el anterior y con otros 50 participantes, tuvo lugar la ruta \u201cSendero de Pe\u00f1arc\u00f3n\u201d circular, de 13 kil\u00f3metros y dificultad baja, y una duraci\u00f3n de uno 3, 30 horas. Ruta que corresponde a uno de los tres senderos se\u00f1alizados y homologados del t\u00e9rmino de Alborea PR-AB 09. Este sendero discurre por los parajes de La Ca\u00f1ada con sus lavaderos, EL Cerro del Cuchillo que se deja a un lado, arroyo de La Ca\u00f1ada, Laguna de Pe\u00f1arc\u00f3n, Loma del Canto y Cerro de la Casa. El origen de Alborea est\u00e1 vinculado al proceso de la Reconquista y a sus posteriores efectos repobladores, aunque existen vestigios de yacimientos arqueol\u00f3gicos posiblemente prehist\u00f3ricos y el testimonio de un hermoso puente, ubicado bajo la actual carretera N-322, con siete ojos, que todav\u00eda se conserva en buen estado. Por otra parte, entre el Patrimonio hist\u00f3rico-art\u00edstico destaca la Iglesia de la Natividad del Siglo XVI\u00a0y de estilo barroco, que es conocida popularmente como \u201cLa Catedral de La Manchuela\u201d por el tama\u00f1o tan colosal de su c\u00fapula central, la cual visitaron al t\u00e9rmino de la ruta.<\/p>\n<p style=\"text-align: justify;\">Comenzar\u00edan a escasos metros del Ayuntamiento, que se encuentra en la plaza, y continuando por la C\/ Alcal\u00e1 y C\/ Casas de Ves, pasando por la placeta Cadenas, en direcci\u00f3n este, por el camino de La Ca\u00f1ada, pudieron observar el complejo de piedra de los molinos, la ermita de Alborea y los lavaderos. Cruzaron el arroyo de La Ca\u00f1ada en direcci\u00f3n a la carretera de Casas de Ves, entre vi\u00f1edos y tierras de labor. Andar\u00edan por esta carretera no m\u00e1s de un kil\u00f3metro en direcci\u00f3n norte (izquierda) para tomar una nueva pista entre el l\u00edmite del pinar y los vi\u00f1edos, caracter\u00edsticos de esta zona. Continuaron entre pinos hasta llegar a la laguna de Pe\u00f1arc\u00f3n. Cuando ya se han cumplido sobre unos diez kil\u00f3metros de distancia de sendero, atravesaron una zona de monte con los parajes de la Loma del Canto y Cerro de la Casa. Para descender por el Barranco del Rullo, pasar cerca de los dep\u00f3sitos del agua para entrar al pueblo por la C\/ Villatoya hasta llegar de nuevo a la plaza donde est\u00e1 el Ayuntamiento y punto donde salieron.<\/p>\n<p style=\"text-align: justify;\">Dos fant\u00e1sticas rutas con un denominador com\u00fan, el r\u00edo J\u00facar, de gran inter\u00e9s natural y cultural, que han hecho disfrutar a los cien participantes de esta actividad, gracias a la iniciativa de la Diputaci\u00f3n Provincial de Albacete.<\/p>\n<p style=\"text-align: justify;\">La siguiente cita ser\u00e1 el pr\u00f3ximo s\u00e1bado d\u00eda 25 de mayo en Elche de la Sierra, una prueba denominada \u201cPaseo por los Ca\u00f1ones del Segura\u201d, lineal, de una dificultad media, con 15 kil\u00f3metros de distancia y unas cinco horas de duraci\u00f3n.<\/p>\n<p><!--publicidad-voz03--><a href=\"https:\/\/www.facebook.com\/profile.php?id=100063593791305&amp;locale=es_ES\"><img decoding=\"async\" class=\"alignnone size-medium\" src=\"https:\/\/blogger.googleusercontent.com\/img\/b\/R29vZ2xl\/AVvXsEi8_n_ll8UOcGxCqzFvb_9Io4ICczlGC990BPtPj2w9Px-u7B3oqWUW5vtjZUqPNJ-nyjiUIorE0ATsib_l5tV8BVN-UJ03RTnU__IHJF_4DgDBtY4LIqXNG-FomrO-7ywes20CBCRM2Hcm7EJSh3UUw1dO-c_uTflUrtgY1i7uBRezj_DpympmEFkfbQY\/s1600\/logo-principal2.jpg\" width=\"100%\" height=\"100\" \/><\/a><!--bestpublic-voz03--><!--desk-in-out-voz03--><br \/>\n<!--publicidad-voz04--><a href=\"https:\/\/www.facebook.com\/profile.php?id=61557370768692&amp;locale=es_ES\"><img decoding=\"async\" class=\"alignnone size-medium\" src=\"https:\/\/blogger.googleusercontent.com\/img\/b\/R29vZ2xl\/AVvXsEgy5RdcfffrnrItnYTcV9bCJjgJwldsQLWssfVfrLbyfXeBNTFKgBf0rMIvhrUaGUhiXzVr9_eQgCbi-j63ZDpfTvLIty9w7s140y-m1yHe7eKmEK7v2NAHUJDVYGdfeiQFeRCqUjdwWmN1MX_AUxxz4IVdJ4WIM0APxit8bjWkXzrnEFGqBvW_1F13H1g\/s1600\/logo-principal5.jpg\" width=\"100%\" height=\"100\" \/><\/a><!--bestpublic-voz04--><!--desk-in-out-voz04--><br \/>\n<!--publicidad-voz05--><a href=\"https:\/\/www.facebook.com\/asociaciontamborileroshellin?locale=es_ES\"><img decoding=\"async\" class=\"alignnone size-medium\" src=\"https:\/\/blogger.googleusercontent.com\/img\/b\/R29vZ2xl\/AVvXsEhHEEpZsKK1VpwiYMrS7aE2ujtqIDZoLd4B5wtbiseSU9s2HdTdQfhF84So2XwEB1fv0BLw95GADm6hUl1bkKtzh-eIgVigXONuu_5RxeIMPhjk8q6uNX4EaEHbooKkbu7pCADWPpVJjhKIH5NQSJpWqedC-YBez4QAQeJYokkLot9bhrIaUAeztsGis6M\/s1600\/logo-principal3.jpg\" width=\"100%\" height=\"100\" \/><\/a><!--bestpublic-voz05--><!--desk-in-out-voz05--><br \/>\n<!--publicidad-voz06--><!--bestpublic-voz06--><!--desk-in-out-voz06--><br \/>\n<!--publicidad-voz07--><!--bestpublic-voz07--><!--desk-in-out-voz07--><br \/>\n<!--publicidad-voz08--><!--bestpublic-voz08--><!--desk-in-out-voz08--><br \/>\n<!--publicidad-voz09--><!--bestpublic-voz09--><!--desk-in-out-voz09--><br \/>\n<!--publicidad-voz10--><!--bestpublic-voz10--><!--desk-in-out-voz10--><br \/>\n<!--publicidad-voz11--><!--bestpublic-voz11--><!--desk-in-out-voz11--><br \/>\n<!--publicidad-voz12--><!--bestpublic-voz12--><!--desk-in-out-voz12--><br \/>\n<!--publicidad-voz13--><!--bestpublic-voz13--><!--desk-in-out-voz13--><br \/>\n<!--publicidad-voz14--><!--bestpublic-voz14--><!--desk-in-out-voz14--><br \/>\n<!--publicidad-voz15--><!--bestpublic-voz15--><!--desk-in-out-voz15--><br \/>\n<!--publicidad-voz16--><!--bestpublic-voz16--><!--desk-in-out-voz16--><\/p>\n","protected":false},"excerpt":{"rendered":"<p>LAS RUTAS DE SENDERISMO DE LA DIPUTACI\u00d3N LLEGARON A LA MANCHUELA ESTE FIN DE SEMANA, EN CASAS DE VES Y ALBOREA<\/p>\n","protected":false},"author":2,"featured_media":90582,"comment_status":"closed","ping_status":"closed","sticky":false,"template":"","format":"standard","meta":{"footnotes":""},"categories":[719,718,715,716,717],"tags":[],"class_list":["post-101600","post","type-post","status-publish","format-standard","has-post-thumbnail","hentry","category-blog-lv001","category-blogger","category-la-voz-de-hellin","category-la-voz-de-hellin-la-voz-de-hellin","category-noticias"],"_links":{"self":[{"href":"https:\/\/lavozdehellin.com\/noticias\/wp-json\/wp\/v2\/posts\/101600","targetHints":{"allow":["GET"]}}],"collection":[{"href":"https:\/\/lavozdehellin.com\/noticias\/wp-json\/wp\/v2\/posts"}],"about":[{"href":"https:\/\/lavozdehellin.com\/noticias\/wp-json\/wp\/v2\/types\/post"}],"author":[{"embeddable":true,"href":"https:\/\/lavozdehellin.com\/noticias\/wp-json\/wp\/v2\/users\/2"}],"replies":[{"embeddable":true,"href":"https:\/\/lavozdehellin.com\/noticias\/wp-json\/wp\/v2\/comments?post=101600"}],"version-history":[{"count":0,"href":"https:\/\/lavozdehellin.com\/noticias\/wp-json\/wp\/v2\/posts\/101600\/revisions"}],"wp:featuredmedia":[{"embeddable":true,"href":"https:\/\/lavozdehellin.com\/noticias\/wp-json\/wp\/v2\/media\/90582"}],"wp:attachment":[{"href":"https:\/\/lavozdehellin.com\/noticias\/wp-json\/wp\/v2\/media?parent=101600"}],"wp:term":[{"taxonomy":"category","embeddable":true,"href":"https:\/\/lavozdehellin.com\/noticias\/wp-json\/wp\/v2\/categories?post=101600"},{"taxonomy":"post_tag","embeddable":true,"href":"https:\/\/lavozdehellin.com\/noticias\/wp-json\/wp\/v2\/tags?post=101600"}],"curies":[{"name":"wp","href":"https:\/\/api.w.org\/{rel}","templated":true}]}}