{"id":101607,"date":"2019-05-17T11:22:02","date_gmt":"2019-05-17T11:22:02","guid":{"rendered":"https:\/\/lavozdehellin.com\/noticias\/v00-186-bajo-el-lema-el-hellin-que-quieres-la-agrupacion-local-del-psoe-afronta-esta-campana-electoral\/"},"modified":"2024-01-04T14:05:39","modified_gmt":"2024-01-04T14:05:39","slug":"v00-186-bajo-el-lema-el-hellin-que-quieres-la-agrupacion-local-del-psoe-afronta-esta-campana-electoral","status":"publish","type":"post","link":"https:\/\/lavozdehellin.com\/noticias\/v00-186-bajo-el-lema-el-hellin-que-quieres-la-agrupacion-local-del-psoe-afronta-esta-campana-electoral\/","title":{"rendered":"LVH NOTICIAS | BAJO EL LEMA \u201cEL HELL\u00cdN QUE QUIERES\u201d LA AGRUPACI\u00d3N LOCAL DEL PSOE AFRONTA ESTA CAMPA\u00d1A ELECTORAL."},"content":{"rendered":"<p style=\"text-align: justify;\">Bajo el lema \u201cEl Hell\u00edn que quieres\u201d la agrupaci\u00f3n local del Psoe de Hell\u00edn afronta esta campa\u00f1a electoral, \u201c<em>con un proyecto que representa los intereses, sue\u00f1os y anhelos de un municipio diverso y rico que debe seguir la senda que hemos comenzado a andar durante la \u00faltima legislatura\u201d<\/em>, seg\u00fan palabras del propio Ram\u00f3n Garc\u00eda, alcalde de Hell\u00edn y candidato a revalidarla en las pr\u00f3ximas elecciones del 26 de mayo.<\/p>\n<p><!--more--><br \/>\n<!--publicidad-voz01--><a href=\"https:\/\/www.facebook.com\/SoloRadioHellin\/?locale=es_ES\"><img decoding=\"async\" class=\"alignnone size-medium\" src=\"https:\/\/blogger.googleusercontent.com\/img\/b\/R29vZ2xl\/AVvXsEiNncirNnyGedv00mhjZjh5Wl4_YPdJGanoAl8tL8zH-HwqE8uHqjEfSt340RHdx-9tuCSIkZ8rFamZiGyYlgDGxCsmXjCH_1xk5eYM3ntFZRvJP_jndOKR7w1UAo9Tu0vrZyOLfqRpHIxYI5SymJJ-pfGCQw6QVpggBH-UgfjiFQ2JOxqxG0Jx94kW83c\/s1600\/logo-principal.jpg\" width=\"100%\" height=\"100\" \/><\/a><!--bestpublic-voz01--><!--desk-in-out-voz01--><br \/>\n<!--publicidad-voz02--><a href=\"https:\/\/www.hellincf.com\/\"><img decoding=\"async\" class=\"alignnone size-medium\" src=\"https:\/\/blogger.googleusercontent.com\/img\/b\/R29vZ2xl\/AVvXsEhuZ4-XfBVj3UtdP8-RZugy3WVrg-Zv28c53m4oV47qYCxL1rX_dqWX_YddsGSnpH5SRDqZ7bZeKPIfDVCDncpjVlhy3aQs2vojcJBn7Gdv9hC2_Nzct_pRFrnFE1a7KTCdY1bT_kAgnY3-iadRZrGeJf1fR2P5fu11bokx0pWjaypoy-ctwCjklldpEbA\/s1600\/logo-principal7.jpg\" width=\"100%\" height=\"100\" \/><\/a><!--bestpublic-voz02--><!--desk-in-out-voz02--><\/p>\n<p style=\"text-align: justify;\">Si hay algo que est\u00e1 marcando la campa\u00f1a electoral del Psoe de Hell\u00edn es acercarse a todos y cada uno de los rincones de nuestro municipio; por ello se empezaron los actos de campa\u00f1a electoral en la pedan\u00eda de Las Minas, para seguir el martes visitando La Horca, Minateda y Cancarix. Los hist\u00f3ricos acuerdos llegados con los regantes de estas pedan\u00edas, as\u00ed como la apertura del Tolmo de Minateda, el arreglo de la iglesia y la llegada de internet a Las Minas han sido alguno de los compromisos cumplidos por Ram\u00f3n Garc\u00eda, pero queda trabajo por hacer, y por ello nuestro candidato se comprometi\u00f3 a trabajar por el arreglo de las carreteras de Las Minas y la que une Cancarix con Agram\u00f3n. La remodelaci\u00f3n de los centros sociales de La Horca y Minateda, son alguna de las demandas efectuadas por los vecinos y que se incluyen en el Programa Electoral del Psoe de Hell\u00edn.<\/p>\n<p style=\"text-align: justify;\">La ma\u00f1ana del mi\u00e9rcoles, el candidato a la alcald\u00eda de Hell\u00edn, Ram\u00f3n Garc\u00eda, tuvo la oportunidad de hablar con cientos de vecinos que se acercaron a \u00e9l, en algunos casos para felicitarle por su gesti\u00f3n y en otros casos para solicitarle, que una vez revalide la alcald\u00eda de Hell\u00edn, siga en trabajando como en estos cuatro a\u00f1os, con los despachos abiertos y siempre escuchando a la ciudadan\u00eda.<\/p>\n<p style=\"text-align: justify;\">La tarde del mi\u00e9rcoles se dedic\u00f3 a dos barrios emblem\u00e1ticos de la ciudad, como son el Pino y San Rafael. El Plan de Regeneraci\u00f3n Urbana de la Zona Norte \u201cHell\u00edn, PRESENTE\u201d, as\u00ed como la rehabilitaci\u00f3n del dep\u00f3sito de San Rafael o \u00a0el nuevo acceso al barrio del Pino, fueron alguno de los temas que se trataron, en dos actos de campa\u00f1a, que destacaron por la alta participaci\u00f3n de vecinos y vecinas, as\u00ed como por la cantidad de propuestas y sugerencias, que a ra\u00edz de las propuestas contenidas en el programa electoral del Psoe, hicieron los vecinos que fueron aceptadas ya valoradas por parte de la candidatura socialista.<\/p>\n<p style=\"text-align: justify;\">Si algo cabe destacar de todos estos actos de campa\u00f1a, segun el Psoe, es la ilusi\u00f3n con la que los vecinos y vecinas se acercan a hablar con Ram\u00f3n Garc\u00eda, sus esperanzas puestas en la continuaci\u00f3n de su Gobierno as\u00ed como en el del Presidente de Castilla La Mancha, Emiliano Garc\u00eda-Page.<\/p>\n<p><!--publicidad-voz03--><a href=\"https:\/\/www.facebook.com\/profile.php?id=100063593791305&amp;locale=es_ES\"><img decoding=\"async\" class=\"alignnone size-medium\" src=\"https:\/\/blogger.googleusercontent.com\/img\/b\/R29vZ2xl\/AVvXsEi8_n_ll8UOcGxCqzFvb_9Io4ICczlGC990BPtPj2w9Px-u7B3oqWUW5vtjZUqPNJ-nyjiUIorE0ATsib_l5tV8BVN-UJ03RTnU__IHJF_4DgDBtY4LIqXNG-FomrO-7ywes20CBCRM2Hcm7EJSh3UUw1dO-c_uTflUrtgY1i7uBRezj_DpympmEFkfbQY\/s1600\/logo-principal2.jpg\" width=\"100%\" height=\"100\" \/><\/a><!--bestpublic-voz03--><!--desk-in-out-voz03--><br \/>\n<!--publicidad-voz04--><a href=\"https:\/\/www.facebook.com\/profile.php?id=61557370768692&amp;locale=es_ES\"><img decoding=\"async\" class=\"alignnone size-medium\" src=\"https:\/\/blogger.googleusercontent.com\/img\/b\/R29vZ2xl\/AVvXsEgy5RdcfffrnrItnYTcV9bCJjgJwldsQLWssfVfrLbyfXeBNTFKgBf0rMIvhrUaGUhiXzVr9_eQgCbi-j63ZDpfTvLIty9w7s140y-m1yHe7eKmEK7v2NAHUJDVYGdfeiQFeRCqUjdwWmN1MX_AUxxz4IVdJ4WIM0APxit8bjWkXzrnEFGqBvW_1F13H1g\/s1600\/logo-principal5.jpg\" width=\"100%\" height=\"100\" \/><\/a><!--bestpublic-voz04--><!--desk-in-out-voz04--><br \/>\n<!--publicidad-voz05--><a href=\"https:\/\/www.facebook.com\/asociaciontamborileroshellin?locale=es_ES\"><img decoding=\"async\" class=\"alignnone size-medium\" src=\"https:\/\/blogger.googleusercontent.com\/img\/b\/R29vZ2xl\/AVvXsEhHEEpZsKK1VpwiYMrS7aE2ujtqIDZoLd4B5wtbiseSU9s2HdTdQfhF84So2XwEB1fv0BLw95GADm6hUl1bkKtzh-eIgVigXONuu_5RxeIMPhjk8q6uNX4EaEHbooKkbu7pCADWPpVJjhKIH5NQSJpWqedC-YBez4QAQeJYokkLot9bhrIaUAeztsGis6M\/s1600\/logo-principal3.jpg\" width=\"100%\" height=\"100\" \/><\/a><!--bestpublic-voz05--><!--desk-in-out-voz05--><br \/>\n<!--publicidad-voz06--><!--bestpublic-voz06--><!--desk-in-out-voz06--><br \/>\n<!--publicidad-voz07--><!--bestpublic-voz07--><!--desk-in-out-voz07--><br \/>\n<!--publicidad-voz08--><!--bestpublic-voz08--><!--desk-in-out-voz08--><br \/>\n<!--publicidad-voz09--><!--bestpublic-voz09--><!--desk-in-out-voz09--><br \/>\n<!--publicidad-voz10--><!--bestpublic-voz10--><!--desk-in-out-voz10--><br \/>\n<!--publicidad-voz11--><!--bestpublic-voz11--><!--desk-in-out-voz11--><br \/>\n<!--publicidad-voz12--><!--bestpublic-voz12--><!--desk-in-out-voz12--><br \/>\n<!--publicidad-voz13--><!--bestpublic-voz13--><!--desk-in-out-voz13--><br \/>\n<!--publicidad-voz14--><!--bestpublic-voz14--><!--desk-in-out-voz14--><br \/>\n<!--publicidad-voz15--><!--bestpublic-voz15--><!--desk-in-out-voz15--><br \/>\n<!--publicidad-voz16--><!--bestpublic-voz16--><!--desk-in-out-voz16--><\/p>\n","protected":false},"excerpt":{"rendered":"<p>BAJO EL LEMA \u201cEL HELL\u00cdN QUE QUIERES\u201d LA AGRUPACI\u00d3N LOCAL DEL PSOE AFRONTA ESTA CAMPA\u00d1A ELECTORAL.<\/p>\n","protected":false},"author":2,"featured_media":90585,"comment_status":"closed","ping_status":"closed","sticky":false,"template":"","format":"standard","meta":{"footnotes":""},"categories":[719,718,715,716,717],"tags":[],"class_list":["post-101607","post","type-post","status-publish","format-standard","has-post-thumbnail","hentry","category-blog-lv001","category-blogger","category-la-voz-de-hellin","category-la-voz-de-hellin-la-voz-de-hellin","category-noticias"],"_links":{"self":[{"href":"https:\/\/lavozdehellin.com\/noticias\/wp-json\/wp\/v2\/posts\/101607","targetHints":{"allow":["GET"]}}],"collection":[{"href":"https:\/\/lavozdehellin.com\/noticias\/wp-json\/wp\/v2\/posts"}],"about":[{"href":"https:\/\/lavozdehellin.com\/noticias\/wp-json\/wp\/v2\/types\/post"}],"author":[{"embeddable":true,"href":"https:\/\/lavozdehellin.com\/noticias\/wp-json\/wp\/v2\/users\/2"}],"replies":[{"embeddable":true,"href":"https:\/\/lavozdehellin.com\/noticias\/wp-json\/wp\/v2\/comments?post=101607"}],"version-history":[{"count":0,"href":"https:\/\/lavozdehellin.com\/noticias\/wp-json\/wp\/v2\/posts\/101607\/revisions"}],"wp:featuredmedia":[{"embeddable":true,"href":"https:\/\/lavozdehellin.com\/noticias\/wp-json\/wp\/v2\/media\/90585"}],"wp:attachment":[{"href":"https:\/\/lavozdehellin.com\/noticias\/wp-json\/wp\/v2\/media?parent=101607"}],"wp:term":[{"taxonomy":"category","embeddable":true,"href":"https:\/\/lavozdehellin.com\/noticias\/wp-json\/wp\/v2\/categories?post=101607"},{"taxonomy":"post_tag","embeddable":true,"href":"https:\/\/lavozdehellin.com\/noticias\/wp-json\/wp\/v2\/tags?post=101607"}],"curies":[{"name":"wp","href":"https:\/\/api.w.org\/{rel}","templated":true}]}}