{"id":101608,"date":"2019-05-17T11:07:43","date_gmt":"2019-05-17T11:07:43","guid":{"rendered":"https:\/\/lavozdehellin.com\/noticias\/v00-187-el-colectivo-hellin-lgtbi-hace-un-llamamiento-a-la-lucha-contra-el-odio-en-el-dia-internacional-contra-la-homofobia-la-transfobia-y-la-bifobia-el-17-de-mayo\/"},"modified":"2024-01-04T14:05:39","modified_gmt":"2024-01-04T14:05:39","slug":"v00-187-el-colectivo-hellin-lgtbi-hace-un-llamamiento-a-la-lucha-contra-el-odio-en-el-dia-internacional-contra-la-homofobia-la-transfobia-y-la-bifobia-el-17-de-mayo","status":"publish","type":"post","link":"https:\/\/lavozdehellin.com\/noticias\/v00-187-el-colectivo-hellin-lgtbi-hace-un-llamamiento-a-la-lucha-contra-el-odio-en-el-dia-internacional-contra-la-homofobia-la-transfobia-y-la-bifobia-el-17-de-mayo\/","title":{"rendered":"LVH NOTICIAS | EL COLECTIVO HELL\u00cdN LGTBI HACE UN LLAMAMIENTO A LA LUCHA CONTRA EL ODIO EN EL D\u00cdA INTERNACIONAL CONTRA LA HOMOFOBIA, LA TRANSFOBIA Y LA BIFOBIA EL 17 DE MAYO."},"content":{"rendered":"<p style=\"text-align: justify;\">El colectivo Hell\u00edn LGTBI hace un llamamiento a la lucha contra el odio en el D\u00eda Internacional contra la homofobia, la transfobia y la bifobia hoy 17 de mayo.<\/p>\n<p><!--more--><br \/>\n<!--publicidad-voz01--><a href=\"https:\/\/www.facebook.com\/SoloRadioHellin\/?locale=es_ES\"><img decoding=\"async\" class=\"alignnone size-medium\" src=\"https:\/\/blogger.googleusercontent.com\/img\/b\/R29vZ2xl\/AVvXsEiNncirNnyGedv00mhjZjh5Wl4_YPdJGanoAl8tL8zH-HwqE8uHqjEfSt340RHdx-9tuCSIkZ8rFamZiGyYlgDGxCsmXjCH_1xk5eYM3ntFZRvJP_jndOKR7w1UAo9Tu0vrZyOLfqRpHIxYI5SymJJ-pfGCQw6QVpggBH-UgfjiFQ2JOxqxG0Jx94kW83c\/s1600\/logo-principal.jpg\" width=\"100%\" height=\"100\" \/><\/a><!--bestpublic-voz01--><!--desk-in-out-voz01--><br \/>\n<!--publicidad-voz02--><a href=\"https:\/\/www.hellincf.com\/\"><img decoding=\"async\" class=\"alignnone size-medium\" src=\"https:\/\/blogger.googleusercontent.com\/img\/b\/R29vZ2xl\/AVvXsEhuZ4-XfBVj3UtdP8-RZugy3WVrg-Zv28c53m4oV47qYCxL1rX_dqWX_YddsGSnpH5SRDqZ7bZeKPIfDVCDncpjVlhy3aQs2vojcJBn7Gdv9hC2_Nzct_pRFrnFE1a7KTCdY1bT_kAgnY3-iadRZrGeJf1fR2P5fu11bokx0pWjaypoy-ctwCjklldpEbA\/s1600\/logo-principal7.jpg\" width=\"100%\" height=\"100\" \/><\/a><!--bestpublic-voz02--><!--desk-in-out-voz02--><\/p>\n<p style=\"text-align: justify;\">El colectivo Hell\u00edn LGTBI remiten a nuestro medio de comunicaci\u00f3n la siguiente nota de prensa.<\/p>\n<p style=\"text-align: justify;\">Este viernes, 17 de mayo de celebra el D\u00eda Internacional contra la Homofobia, la Transfobia y la Bifobia para conmemorar la eliminaci\u00f3n de la homosexualidad de la lista de enfermedades mentales por parte de la Asamblea General de la Organizaci\u00f3n Mundial de la Salud (OMS), lo que tuvo lugar el 17 de mayo de 1990. Su objetivo principal es el de coordinar todo tipo de acciones que sirvan para denunciar la discriminaci\u00f3n de que son objeto las personas homosexuales, bisexuales y transexuales y para hacer avanzar sus derechos en todo el mundo.<\/p>\n<p style=\"text-align: justify;\">Este a\u00f1o lamentablemente debemos destacar el informe anual realizada por ILGA Europa que nos advierte que este a\u00f1o, por primera vez desde que realiza el informe, se ha experimentado un retroceso en las legislaciones de algunos de los pa\u00edses europeos en lo que respecta a los derechos de las personas LGTBI, como en Polonia, Bulgaria, Serbia y Kosovo. Por ello, ILGA Europa da la voz de alarma para que se redoblen los esfuerzos para asegurar la igualdad de derechos de los europeos LGTBI.<\/p>\n<p style=\"text-align: justify;\">Espa\u00f1a desciende a la und\u00e9cima posici\u00f3n, situ\u00e1ndose por primera vez fuera de los diez primeros puestos, todo ello debido al inmovilismo legislativo de los \u00faltimos a\u00f1os, con la recomendaci\u00f3n una vez m\u00e1s por parte de ILGA Europa de que se aprueben definitivamente tanto la ley de igualdad de las personas LGTBI como la reforma de la ley de identidad de g\u00e9nero. En la actualidad, m\u00e1s de 70 pa\u00edses en el mundo criminalizan la homosexualidad y condenan los actos sexuales entre personas del mismo sexo con penas de prisi\u00f3n. En al menos cinco de esos pa\u00edses se mantiene para estos casos la pena de muerte. El n\u00famero de esos pa\u00edses cambia continuamente, ya que algunos pa\u00edses dejan de criminalizar la homosexualidad mientras otros instauran nuevas leyes que la condenan. Debemos seguir luchando contra la LGTBIfobia a todos los niveles,recientemente el mi\u00e9rcoles 15 mayo se denunciaba en la localidad ciudadreale\u00f1a de Miguelturra unas pintadas hom\u00f3fobas.<\/p>\n<p style=\"text-align: justify;\">El Observatorio contra la LGTBfobia denuncia una agresi\u00f3n hom\u00f3foba al d\u00eda en la Comunidad de Madrid. \u201cHemos avanzado mucho, pero sigue habiendo homofobia en 2019. Esta exposici\u00f3n es un recordatorio, pero tambi\u00e9n explica de d\u00f3nde venimos y hacia d\u00f3nde vamos\u201d Es por eso que debemos tomar el D\u00eda Internacional contra la Homofobia, la Transfobia y la Bifobia como una oportunidad para incrementar la sensibilizaci\u00f3n respecto a los derechos humanos de las personas LGBTI, sin olvidar que tambi\u00e9n representa una ocasi\u00f3n \u00fanica de celebrar nuestra diversidad.<\/p>\n<p style=\"text-align: justify;\">Recordamos que nuestra regi\u00f3n es una de las cinco CCAA sin legislaci\u00f3n en favor de los derechos del colectivo LGTBI. Por eso pedimos la colaboraci\u00f3n de todos nuestros pol\u00edticos, medios de comunicaci\u00f3n y otras asociaciones y clubes a que se sumen al D\u00eda Internacional contra la Homofobia, la Transfobia y la Bifobia y visibilicen la lucha contra el odio. Entre todos podremos conseguir vivir en un pa\u00eds orgulloso.<\/p>\n<p style=\"text-align: justify;\">Visibiliza y lucha contra la LGTBIfobia. #ConOrgullo #StopLGTBIfo bia<\/p>\n<p><!--publicidad-voz03--><a href=\"https:\/\/www.facebook.com\/profile.php?id=100063593791305&amp;locale=es_ES\"><img decoding=\"async\" class=\"alignnone size-medium\" src=\"https:\/\/blogger.googleusercontent.com\/img\/b\/R29vZ2xl\/AVvXsEi8_n_ll8UOcGxCqzFvb_9Io4ICczlGC990BPtPj2w9Px-u7B3oqWUW5vtjZUqPNJ-nyjiUIorE0ATsib_l5tV8BVN-UJ03RTnU__IHJF_4DgDBtY4LIqXNG-FomrO-7ywes20CBCRM2Hcm7EJSh3UUw1dO-c_uTflUrtgY1i7uBRezj_DpympmEFkfbQY\/s1600\/logo-principal2.jpg\" width=\"100%\" height=\"100\" \/><\/a><!--bestpublic-voz03--><!--desk-in-out-voz03--><br \/>\n<!--publicidad-voz04--><a href=\"https:\/\/www.facebook.com\/profile.php?id=61557370768692&amp;locale=es_ES\"><img decoding=\"async\" class=\"alignnone size-medium\" src=\"https:\/\/blogger.googleusercontent.com\/img\/b\/R29vZ2xl\/AVvXsEgy5RdcfffrnrItnYTcV9bCJjgJwldsQLWssfVfrLbyfXeBNTFKgBf0rMIvhrUaGUhiXzVr9_eQgCbi-j63ZDpfTvLIty9w7s140y-m1yHe7eKmEK7v2NAHUJDVYGdfeiQFeRCqUjdwWmN1MX_AUxxz4IVdJ4WIM0APxit8bjWkXzrnEFGqBvW_1F13H1g\/s1600\/logo-principal5.jpg\" width=\"100%\" height=\"100\" \/><\/a><!--bestpublic-voz04--><!--desk-in-out-voz04--><br \/>\n<!--publicidad-voz05--><a href=\"https:\/\/www.facebook.com\/asociaciontamborileroshellin?locale=es_ES\"><img decoding=\"async\" class=\"alignnone size-medium\" src=\"https:\/\/blogger.googleusercontent.com\/img\/b\/R29vZ2xl\/AVvXsEhHEEpZsKK1VpwiYMrS7aE2ujtqIDZoLd4B5wtbiseSU9s2HdTdQfhF84So2XwEB1fv0BLw95GADm6hUl1bkKtzh-eIgVigXONuu_5RxeIMPhjk8q6uNX4EaEHbooKkbu7pCADWPpVJjhKIH5NQSJpWqedC-YBez4QAQeJYokkLot9bhrIaUAeztsGis6M\/s1600\/logo-principal3.jpg\" width=\"100%\" height=\"100\" \/><\/a><!--bestpublic-voz05--><!--desk-in-out-voz05--><br \/>\n<!--publicidad-voz06--><!--bestpublic-voz06--><!--desk-in-out-voz06--><br \/>\n<!--publicidad-voz07--><!--bestpublic-voz07--><!--desk-in-out-voz07--><br \/>\n<!--publicidad-voz08--><!--bestpublic-voz08--><!--desk-in-out-voz08--><br \/>\n<!--publicidad-voz09--><!--bestpublic-voz09--><!--desk-in-out-voz09--><br \/>\n<!--publicidad-voz10--><!--bestpublic-voz10--><!--desk-in-out-voz10--><br \/>\n<!--publicidad-voz11--><!--bestpublic-voz11--><!--desk-in-out-voz11--><br \/>\n<!--publicidad-voz12--><!--bestpublic-voz12--><!--desk-in-out-voz12--><br \/>\n<!--publicidad-voz13--><!--bestpublic-voz13--><!--desk-in-out-voz13--><br \/>\n<!--publicidad-voz14--><!--bestpublic-voz14--><!--desk-in-out-voz14--><br \/>\n<!--publicidad-voz15--><!--bestpublic-voz15--><!--desk-in-out-voz15--><br \/>\n<!--publicidad-voz16--><!--bestpublic-voz16--><!--desk-in-out-voz16--><\/p>\n","protected":false},"excerpt":{"rendered":"<p>EL COLECTIVO HELL\u00cdN LGTBI HACE UN LLAMAMIENTO A LA LUCHA CONTRA EL ODIO EN EL D\u00cdA INTERNACIONAL CONTRA LA HOMOFOBIA, LA TRANSFOBIA Y LA BIFOBIA EL 17 DE MAYO.<\/p>\n","protected":false},"author":2,"featured_media":90579,"comment_status":"closed","ping_status":"closed","sticky":false,"template":"","format":"standard","meta":{"footnotes":""},"categories":[719,718,715,716,717],"tags":[],"class_list":["post-101608","post","type-post","status-publish","format-standard","has-post-thumbnail","hentry","category-blog-lv001","category-blogger","category-la-voz-de-hellin","category-la-voz-de-hellin-la-voz-de-hellin","category-noticias"],"_links":{"self":[{"href":"https:\/\/lavozdehellin.com\/noticias\/wp-json\/wp\/v2\/posts\/101608","targetHints":{"allow":["GET"]}}],"collection":[{"href":"https:\/\/lavozdehellin.com\/noticias\/wp-json\/wp\/v2\/posts"}],"about":[{"href":"https:\/\/lavozdehellin.com\/noticias\/wp-json\/wp\/v2\/types\/post"}],"author":[{"embeddable":true,"href":"https:\/\/lavozdehellin.com\/noticias\/wp-json\/wp\/v2\/users\/2"}],"replies":[{"embeddable":true,"href":"https:\/\/lavozdehellin.com\/noticias\/wp-json\/wp\/v2\/comments?post=101608"}],"version-history":[{"count":0,"href":"https:\/\/lavozdehellin.com\/noticias\/wp-json\/wp\/v2\/posts\/101608\/revisions"}],"wp:featuredmedia":[{"embeddable":true,"href":"https:\/\/lavozdehellin.com\/noticias\/wp-json\/wp\/v2\/media\/90579"}],"wp:attachment":[{"href":"https:\/\/lavozdehellin.com\/noticias\/wp-json\/wp\/v2\/media?parent=101608"}],"wp:term":[{"taxonomy":"category","embeddable":true,"href":"https:\/\/lavozdehellin.com\/noticias\/wp-json\/wp\/v2\/categories?post=101608"},{"taxonomy":"post_tag","embeddable":true,"href":"https:\/\/lavozdehellin.com\/noticias\/wp-json\/wp\/v2\/tags?post=101608"}],"curies":[{"name":"wp","href":"https:\/\/api.w.org\/{rel}","templated":true}]}}