{"id":101612,"date":"2019-05-16T10:38:15","date_gmt":"2019-05-16T10:38:15","guid":{"rendered":"https:\/\/lavozdehellin.com\/noticias\/v00-191-la-gerencia-de-atencion-integrada-de-hellin-destaca-la-implicacion-y-compromiso-de-los-profesionales-sanitarios-por-la-humanizacion\/"},"modified":"2024-01-04T14:05:40","modified_gmt":"2024-01-04T14:05:40","slug":"v00-191-la-gerencia-de-atencion-integrada-de-hellin-destaca-la-implicacion-y-compromiso-de-los-profesionales-sanitarios-por-la-humanizacion","status":"publish","type":"post","link":"https:\/\/lavozdehellin.com\/noticias\/v00-191-la-gerencia-de-atencion-integrada-de-hellin-destaca-la-implicacion-y-compromiso-de-los-profesionales-sanitarios-por-la-humanizacion\/","title":{"rendered":"LVH NOTICIAS | LA GERENCIA DE ATENCI\u00d3N INTEGRADA DE HELL\u00cdN DESTACA LA IMPLICACI\u00d3N Y COMPROMISO DE LOS PROFESIONALES SANITARIOS POR LA HUMANIZACI\u00d3N."},"content":{"rendered":"<p style=\"text-align: justify;\">La Gerencia de Atenci\u00f3n Integrada de Hell\u00edn destaca la implicaci\u00f3n y compromiso de los profesionales sanitarios por la Humanizaci\u00f3n. M\u00e1s de 90 medidas, entre ellas la Residencia de Familiares o la Biblioteca Solidaria, se han implantado en la Gerencia. <\/p>\n<p><!--more--><br \/>\n<!--publicidad-voz01--><a href=\"https:\/\/www.facebook.com\/SoloRadioHellin\/?locale=es_ES\"><img decoding=\"async\" class=\"alignnone size-medium\" src=\"https:\/\/blogger.googleusercontent.com\/img\/b\/R29vZ2xl\/AVvXsEiNncirNnyGedv00mhjZjh5Wl4_YPdJGanoAl8tL8zH-HwqE8uHqjEfSt340RHdx-9tuCSIkZ8rFamZiGyYlgDGxCsmXjCH_1xk5eYM3ntFZRvJP_jndOKR7w1UAo9Tu0vrZyOLfqRpHIxYI5SymJJ-pfGCQw6QVpggBH-UgfjiFQ2JOxqxG0Jx94kW83c\/s1600\/logo-principal.jpg\" width=\"100%\" height=\"100\" \/><\/a><!--bestpublic-voz01--><!--desk-in-out-voz01--><br \/>\n<!--publicidad-voz02--><a href=\"https:\/\/www.hellincf.com\/\"><img decoding=\"async\" class=\"alignnone size-medium\" src=\"https:\/\/blogger.googleusercontent.com\/img\/b\/R29vZ2xl\/AVvXsEhuZ4-XfBVj3UtdP8-RZugy3WVrg-Zv28c53m4oV47qYCxL1rX_dqWX_YddsGSnpH5SRDqZ7bZeKPIfDVCDncpjVlhy3aQs2vojcJBn7Gdv9hC2_Nzct_pRFrnFE1a7KTCdY1bT_kAgnY3-iadRZrGeJf1fR2P5fu11bokx0pWjaypoy-ctwCjklldpEbA\/s1600\/logo-principal7.jpg\" width=\"100%\" height=\"100\" \/><\/a><!--bestpublic-voz02--><!--desk-in-out-voz02--><\/p>\n<p style=\"text-align: justify;\">La Gerencia de Atenci\u00f3n Integrada de Hell\u00edn, dependiente del Servicio de Salud de Castilla-La Mancha, ha celebrado una jornada de Humanizaci\u00f3n donde se ha puesto de relieve la implicaci\u00f3n de los profesionales para una mejor atenci\u00f3n sanitaria. Durante el acto, el gerente del \u00c1rea Integrada de Hell\u00edn, \u00c1ngel Losa, ha se\u00f1alado que \u201cel compromiso, las ganas por mejorar y la vocaci\u00f3n de servicio de los profesionales sanitarios han hecho avanzar el Plan Dignifica por una atenci\u00f3n m\u00e1s personalizada y cercana, de hecho, ya se han implantado m\u00e1s de 90 medidas\u201d.<\/p>\n<p style=\"text-align: justify;\">As\u00ed, proyectos como la Unidad de Cuidados Paliativos, H-UCE, Cr\u00f3nicos, UCSI, Unidad del Dolor Agudo, Unidad del Dolor Cr\u00f3nico, Nacer en Hell\u00edn, Residencia de Familiares, Hospital Verde\u00a0 o la Biblioteca Solidaria redundan en esta pol\u00edtica estrat\u00e9gica de la Consejer\u00eda de Sanidad con el paciente en el centro del sistema sanitario.<\/p>\n<p style=\"text-align: justify;\">Losa ha explicado que \u201cconstantemente surgen proyectos e iniciativas por la Humanizaci\u00f3n y nacen de los propios profesionales sanitarios, lo que va a hacer que estos proyectos perduren en el tiempo\u201d. En la jornada, que ha congregado a m\u00e1s de 120 personas, tambi\u00e9n ha participado el alcalde de Hell\u00edn, Ram\u00f3n Garc\u00eda, quien ha querido agradecer el trabajo realizado por el equipo directivo en este tiempo.<\/p>\n<p style=\"text-align: justify;\">Los profesionales Jos\u00e9 S\u00e1nchez Espinosa, Ram\u00f3n Azor Garc\u00eda, Julia L\u00f3pez Cantero y Antonio Mart\u00ednez han sido los encargados de organizar la jornada en la que se ha insistido en la importancia de este nuevo modelo basado en el bienestar de pacientes y familiares. \u201cSe est\u00e1 generando una inercia que van a cambiar el perfil de nuestra sanidad\u201d, han comentado.<\/p>\n<p style=\"text-align: justify;\">Durante el encuentro han participado \u201creferentes\u201d de la Humanizaci\u00f3n como Gabi Heras, Carmen Prieto, Rosa Castro, Jos\u00e9 Carlos Ige\u00f1o, Florent Ami\u00f3n, Juan Mar\u00eda Mar\u00edn adem\u00e1s de profesionales de la GAI de Hell\u00edn como Mar\u00eda G\u00f3mez, Otilia G\u00f3mez, Rosa Fern\u00e1ndez y Rosario Picazo.<\/p>\n<p style=\"text-align: justify;\">\u201cEl alma en tus cuidados\u201d es el lema de esta jornada en la que se ha hablado de Humanizaci\u00f3n en Pediatr\u00eda, en el trabajo de los celadores y enfermeras o la cultura de la gratitud. Adem\u00e1s se han expuesto los trabajos, en formato de p\u00f3ster, realizados por los profesionales de la GAI de Hell\u00edn en la materia y para finalizar la ma\u00f1ana, se ha entregado el premio H \u201cDr. Antonio Javier Cepillo\u201d, en honor al querido pediatra albacete\u00f1o recientemente fallecido.<\/p>\n<p><!--publicidad-voz03--><a href=\"https:\/\/www.facebook.com\/profile.php?id=100063593791305&amp;locale=es_ES\"><img decoding=\"async\" class=\"alignnone size-medium\" src=\"https:\/\/blogger.googleusercontent.com\/img\/b\/R29vZ2xl\/AVvXsEi8_n_ll8UOcGxCqzFvb_9Io4ICczlGC990BPtPj2w9Px-u7B3oqWUW5vtjZUqPNJ-nyjiUIorE0ATsib_l5tV8BVN-UJ03RTnU__IHJF_4DgDBtY4LIqXNG-FomrO-7ywes20CBCRM2Hcm7EJSh3UUw1dO-c_uTflUrtgY1i7uBRezj_DpympmEFkfbQY\/s1600\/logo-principal2.jpg\" width=\"100%\" height=\"100\" \/><\/a><!--bestpublic-voz03--><!--desk-in-out-voz03--><br \/>\n<!--publicidad-voz04--><a href=\"https:\/\/www.facebook.com\/profile.php?id=61557370768692&amp;locale=es_ES\"><img decoding=\"async\" class=\"alignnone size-medium\" src=\"https:\/\/blogger.googleusercontent.com\/img\/b\/R29vZ2xl\/AVvXsEgy5RdcfffrnrItnYTcV9bCJjgJwldsQLWssfVfrLbyfXeBNTFKgBf0rMIvhrUaGUhiXzVr9_eQgCbi-j63ZDpfTvLIty9w7s140y-m1yHe7eKmEK7v2NAHUJDVYGdfeiQFeRCqUjdwWmN1MX_AUxxz4IVdJ4WIM0APxit8bjWkXzrnEFGqBvW_1F13H1g\/s1600\/logo-principal5.jpg\" width=\"100%\" height=\"100\" \/><\/a><!--bestpublic-voz04--><!--desk-in-out-voz04--><br \/>\n<!--publicidad-voz05--><a href=\"https:\/\/www.facebook.com\/asociaciontamborileroshellin?locale=es_ES\"><img decoding=\"async\" class=\"alignnone size-medium\" src=\"https:\/\/blogger.googleusercontent.com\/img\/b\/R29vZ2xl\/AVvXsEhHEEpZsKK1VpwiYMrS7aE2ujtqIDZoLd4B5wtbiseSU9s2HdTdQfhF84So2XwEB1fv0BLw95GADm6hUl1bkKtzh-eIgVigXONuu_5RxeIMPhjk8q6uNX4EaEHbooKkbu7pCADWPpVJjhKIH5NQSJpWqedC-YBez4QAQeJYokkLot9bhrIaUAeztsGis6M\/s1600\/logo-principal3.jpg\" width=\"100%\" height=\"100\" \/><\/a><!--bestpublic-voz05--><!--desk-in-out-voz05--><br \/>\n<!--publicidad-voz06--><!--bestpublic-voz06--><!--desk-in-out-voz06--><br \/>\n<!--publicidad-voz07--><!--bestpublic-voz07--><!--desk-in-out-voz07--><br \/>\n<!--publicidad-voz08--><!--bestpublic-voz08--><!--desk-in-out-voz08--><br \/>\n<!--publicidad-voz09--><!--bestpublic-voz09--><!--desk-in-out-voz09--><br \/>\n<!--publicidad-voz10--><!--bestpublic-voz10--><!--desk-in-out-voz10--><br \/>\n<!--publicidad-voz11--><!--bestpublic-voz11--><!--desk-in-out-voz11--><br \/>\n<!--publicidad-voz12--><!--bestpublic-voz12--><!--desk-in-out-voz12--><br \/>\n<!--publicidad-voz13--><!--bestpublic-voz13--><!--desk-in-out-voz13--><br \/>\n<!--publicidad-voz14--><!--bestpublic-voz14--><!--desk-in-out-voz14--><br \/>\n<!--publicidad-voz15--><!--bestpublic-voz15--><!--desk-in-out-voz15--><br \/>\n<!--publicidad-voz16--><!--bestpublic-voz16--><!--desk-in-out-voz16--><\/p>\n","protected":false},"excerpt":{"rendered":"<p>LA GERENCIA DE ATENCI\u00d3N INTEGRADA DE HELL\u00cdN DESTACA LA IMPLICACI\u00d3N Y COMPROMISO DE LOS PROFESIONALES SANITARIOS POR LA HUMANIZACI\u00d3N.<\/p>\n","protected":false},"author":2,"featured_media":90581,"comment_status":"closed","ping_status":"closed","sticky":false,"template":"","format":"standard","meta":{"footnotes":""},"categories":[719,718,715,716,717],"tags":[],"class_list":["post-101612","post","type-post","status-publish","format-standard","has-post-thumbnail","hentry","category-blog-lv001","category-blogger","category-la-voz-de-hellin","category-la-voz-de-hellin-la-voz-de-hellin","category-noticias"],"_links":{"self":[{"href":"https:\/\/lavozdehellin.com\/noticias\/wp-json\/wp\/v2\/posts\/101612","targetHints":{"allow":["GET"]}}],"collection":[{"href":"https:\/\/lavozdehellin.com\/noticias\/wp-json\/wp\/v2\/posts"}],"about":[{"href":"https:\/\/lavozdehellin.com\/noticias\/wp-json\/wp\/v2\/types\/post"}],"author":[{"embeddable":true,"href":"https:\/\/lavozdehellin.com\/noticias\/wp-json\/wp\/v2\/users\/2"}],"replies":[{"embeddable":true,"href":"https:\/\/lavozdehellin.com\/noticias\/wp-json\/wp\/v2\/comments?post=101612"}],"version-history":[{"count":0,"href":"https:\/\/lavozdehellin.com\/noticias\/wp-json\/wp\/v2\/posts\/101612\/revisions"}],"wp:featuredmedia":[{"embeddable":true,"href":"https:\/\/lavozdehellin.com\/noticias\/wp-json\/wp\/v2\/media\/90581"}],"wp:attachment":[{"href":"https:\/\/lavozdehellin.com\/noticias\/wp-json\/wp\/v2\/media?parent=101612"}],"wp:term":[{"taxonomy":"category","embeddable":true,"href":"https:\/\/lavozdehellin.com\/noticias\/wp-json\/wp\/v2\/categories?post=101612"},{"taxonomy":"post_tag","embeddable":true,"href":"https:\/\/lavozdehellin.com\/noticias\/wp-json\/wp\/v2\/tags?post=101612"}],"curies":[{"name":"wp","href":"https:\/\/api.w.org\/{rel}","templated":true}]}}