{"id":101613,"date":"2019-05-15T11:32:22","date_gmt":"2019-05-15T11:32:22","guid":{"rendered":"https:\/\/lavozdehellin.com\/noticias\/v00-192-la-agrupacion-de-electores-de-hellin-su-proyecto-en-pedanias-donde-quieren-mejorar-su-calidad-de-vida-atraer-y-fijar-poblacion\/"},"modified":"2024-01-04T14:05:40","modified_gmt":"2024-01-04T14:05:40","slug":"v00-192-la-agrupacion-de-electores-de-hellin-su-proyecto-en-pedanias-donde-quieren-mejorar-su-calidad-de-vida-atraer-y-fijar-poblacion","status":"publish","type":"post","link":"https:\/\/lavozdehellin.com\/noticias\/v00-192-la-agrupacion-de-electores-de-hellin-su-proyecto-en-pedanias-donde-quieren-mejorar-su-calidad-de-vida-atraer-y-fijar-poblacion\/","title":{"rendered":"LVH NOTICIAS | LA AGRUPACI\u00d3N DE ELECTORES DE HELL\u00cdN SU PROYECTO EN PEDANIAS, DONDE QUIEREN MEJORAR SU CALIDAD DE VIDA, ATRAER Y FIJAR POBLACI\u00d3N."},"content":{"rendered":"<p style=\"text-align: justify;\">La Agrupaci\u00f3n Electores Hell\u00edn visitan pedan\u00edas, donde su candidata a la alcald\u00eda, Mar\u00eda Jes\u00fas L\u00f3pez, y el resto del equipo han explicado las seis \u00e1reas de actuaci\u00f3n que pondr\u00e1n en marcha para mejorar la calidad de vida de los que viven en las pedan\u00edas y atraer y fijar poblaci\u00f3n en ellas.<\/p>\n<p><!--more--><br \/>\n<!--publicidad-voz01--><a href=\"https:\/\/www.facebook.com\/SoloRadioHellin\/?locale=es_ES\"><img decoding=\"async\" class=\"alignnone size-medium\" src=\"https:\/\/blogger.googleusercontent.com\/img\/b\/R29vZ2xl\/AVvXsEiNncirNnyGedv00mhjZjh5Wl4_YPdJGanoAl8tL8zH-HwqE8uHqjEfSt340RHdx-9tuCSIkZ8rFamZiGyYlgDGxCsmXjCH_1xk5eYM3ntFZRvJP_jndOKR7w1UAo9Tu0vrZyOLfqRpHIxYI5SymJJ-pfGCQw6QVpggBH-UgfjiFQ2JOxqxG0Jx94kW83c\/s1600\/logo-principal.jpg\" width=\"100%\" height=\"100\" \/><\/a><!--bestpublic-voz01--><!--desk-in-out-voz01--><br \/>\n<!--publicidad-voz02--><a href=\"https:\/\/www.hellincf.com\/\"><img decoding=\"async\" class=\"alignnone size-medium\" src=\"https:\/\/blogger.googleusercontent.com\/img\/b\/R29vZ2xl\/AVvXsEhuZ4-XfBVj3UtdP8-RZugy3WVrg-Zv28c53m4oV47qYCxL1rX_dqWX_YddsGSnpH5SRDqZ7bZeKPIfDVCDncpjVlhy3aQs2vojcJBn7Gdv9hC2_Nzct_pRFrnFE1a7KTCdY1bT_kAgnY3-iadRZrGeJf1fR2P5fu11bokx0pWjaypoy-ctwCjklldpEbA\/s1600\/logo-principal7.jpg\" width=\"100%\" height=\"100\" \/><\/a><!--bestpublic-voz02--><!--desk-in-out-voz02--><\/p>\n<p style=\"text-align: justify;\">En la tercera por poblaci\u00f3n, Nava de Campana, Mar\u00eda Jes\u00fas L\u00f3pez detallaba el proyecto que la Agrupaci\u00f3n Electores Hell\u00edn desarrollar\u00e1 en las doce pedan\u00edas \u201cempezando por recuperar el Puerto Seco y el barrio avanzado en Nava de Campana y Torre Uchea, que a alguien se le ocurri\u00f3 archivar hace a\u00f1os en un caj\u00f3n\u201d.<\/p>\n<p style=\"text-align: justify;\">El equipo de la candidatura tambi\u00e9n estuvo en las pedan\u00edas de Mingogil, Las Minas, Ca\u00f1ada de Agra, Minateda y La Horca, explicando que tambi\u00e9n se actuar\u00e1 \u201cen el eje ferroviario que forman Minateda, La Horca, Agram\u00f3n y Las Minas, con el tren tur\u00edstico y social que pondremos en marcha en la v\u00eda del Camarillas, si no la levantan\u201d. Tambi\u00e9n se ha referido al eje Ca\u00f1ada de Agra, Mingogil y Agra, \u201ctomando de referencia sus or\u00edgenes de colonizaci\u00f3n y los contrastes de urbanismo y territorio integrado con la agricultura\u201d.<\/p>\n<p style=\"text-align: justify;\">La agricultura es precisamente el eje de otras dos \u00e1reas de actuaci\u00f3n: uno al norte, en Rinc\u00f3n del Moro, y otro al sur, en Cancarix, \u201cque son pedan\u00edas rodeadas de unas grand\u00edsimas extensiones de tierras agr\u00edcolas que deben vertebrar el territorio\u201d. Quedar\u00eda tambi\u00e9n el bloque para \u201cIsso, nuestra pedan\u00eda principal, que debe tener reconocida su imagen propia e idiosincrasia y convertirse en la verdadera puerta de la Sierra del Segura\u201d. <\/p>\n<p style=\"text-align: justify;\">Precisamente Mar\u00eda Jes\u00fas L\u00f3pez ha remarcado la importancia de que \u201chemos de asumir la responsabilidad de ser cabecera de dos comarcas y liderar el suroeste de Albacete, el 21% del territorio, si queremos atraer y fijar poblaci\u00f3n hasta llegar a esos 50.000 habitantes. Haciendo grande Hell\u00edn hacemos grande la Sierra del Segura y Campos de Hell\u00edn.\u201d <\/p>\n<p style=\"text-align: justify;\">\u201cY por eso,\u201d ha a\u00f1adido la concejala y candidata, \u201ctenemos que poner facilidades y no trabas a la poblaci\u00f3n rural, con acciones como la que proponemos de reducir el IBI para personas con bajos recursos que vivan en pedan\u00edas\u201d.<\/p>\n<p style=\"text-align: justify;\">\u201cEn una econom\u00eda del conocimiento, los recursos m\u00e1s importantes son las personas con talento que podemos educar, retener e incluso atraer a Hell\u00edn, para que pongan en valor su conocimiento y formaci\u00f3n y tambi\u00e9n residan, tributen y consuman en nuestra ciudad, haci\u00e9ndonos crecer de forma imparable\u201d, ha finalizado la candidata haciendo referencia al proyecto electoral.<\/p>\n<p><!--publicidad-voz03--><a href=\"https:\/\/www.facebook.com\/profile.php?id=100063593791305&amp;locale=es_ES\"><img decoding=\"async\" class=\"alignnone size-medium\" src=\"https:\/\/blogger.googleusercontent.com\/img\/b\/R29vZ2xl\/AVvXsEi8_n_ll8UOcGxCqzFvb_9Io4ICczlGC990BPtPj2w9Px-u7B3oqWUW5vtjZUqPNJ-nyjiUIorE0ATsib_l5tV8BVN-UJ03RTnU__IHJF_4DgDBtY4LIqXNG-FomrO-7ywes20CBCRM2Hcm7EJSh3UUw1dO-c_uTflUrtgY1i7uBRezj_DpympmEFkfbQY\/s1600\/logo-principal2.jpg\" width=\"100%\" height=\"100\" \/><\/a><!--bestpublic-voz03--><!--desk-in-out-voz03--><br \/>\n<!--publicidad-voz04--><a href=\"https:\/\/www.facebook.com\/profile.php?id=61557370768692&amp;locale=es_ES\"><img decoding=\"async\" class=\"alignnone size-medium\" src=\"https:\/\/blogger.googleusercontent.com\/img\/b\/R29vZ2xl\/AVvXsEgy5RdcfffrnrItnYTcV9bCJjgJwldsQLWssfVfrLbyfXeBNTFKgBf0rMIvhrUaGUhiXzVr9_eQgCbi-j63ZDpfTvLIty9w7s140y-m1yHe7eKmEK7v2NAHUJDVYGdfeiQFeRCqUjdwWmN1MX_AUxxz4IVdJ4WIM0APxit8bjWkXzrnEFGqBvW_1F13H1g\/s1600\/logo-principal5.jpg\" width=\"100%\" height=\"100\" \/><\/a><!--bestpublic-voz04--><!--desk-in-out-voz04--><br \/>\n<!--publicidad-voz05--><a href=\"https:\/\/www.facebook.com\/asociaciontamborileroshellin?locale=es_ES\"><img decoding=\"async\" class=\"alignnone size-medium\" src=\"https:\/\/blogger.googleusercontent.com\/img\/b\/R29vZ2xl\/AVvXsEhHEEpZsKK1VpwiYMrS7aE2ujtqIDZoLd4B5wtbiseSU9s2HdTdQfhF84So2XwEB1fv0BLw95GADm6hUl1bkKtzh-eIgVigXONuu_5RxeIMPhjk8q6uNX4EaEHbooKkbu7pCADWPpVJjhKIH5NQSJpWqedC-YBez4QAQeJYokkLot9bhrIaUAeztsGis6M\/s1600\/logo-principal3.jpg\" width=\"100%\" height=\"100\" \/><\/a><!--bestpublic-voz05--><!--desk-in-out-voz05--><br \/>\n<!--publicidad-voz06--><!--bestpublic-voz06--><!--desk-in-out-voz06--><br \/>\n<!--publicidad-voz07--><!--bestpublic-voz07--><!--desk-in-out-voz07--><br \/>\n<!--publicidad-voz08--><!--bestpublic-voz08--><!--desk-in-out-voz08--><br \/>\n<!--publicidad-voz09--><!--bestpublic-voz09--><!--desk-in-out-voz09--><br \/>\n<!--publicidad-voz10--><!--bestpublic-voz10--><!--desk-in-out-voz10--><br \/>\n<!--publicidad-voz11--><!--bestpublic-voz11--><!--desk-in-out-voz11--><br \/>\n<!--publicidad-voz12--><!--bestpublic-voz12--><!--desk-in-out-voz12--><br \/>\n<!--publicidad-voz13--><!--bestpublic-voz13--><!--desk-in-out-voz13--><br \/>\n<!--publicidad-voz14--><!--bestpublic-voz14--><!--desk-in-out-voz14--><br \/>\n<!--publicidad-voz15--><!--bestpublic-voz15--><!--desk-in-out-voz15--><br \/>\n<!--publicidad-voz16--><!--bestpublic-voz16--><!--desk-in-out-voz16--><\/p>\n","protected":false},"excerpt":{"rendered":"<p>LA AGRUPACI\u00d3N DE ELECTORES DE HELL\u00cdN SU PROYECTO EN PEDANIAS, DONDE QUIEREN MEJORAR SU CALIDAD DE VIDA, ATRAER Y FIJAR POBLACI\u00d3N.<\/p>\n","protected":false},"author":2,"featured_media":90580,"comment_status":"closed","ping_status":"closed","sticky":false,"template":"","format":"standard","meta":{"footnotes":""},"categories":[719,718,715,716,717],"tags":[],"class_list":["post-101613","post","type-post","status-publish","format-standard","has-post-thumbnail","hentry","category-blog-lv001","category-blogger","category-la-voz-de-hellin","category-la-voz-de-hellin-la-voz-de-hellin","category-noticias"],"_links":{"self":[{"href":"https:\/\/lavozdehellin.com\/noticias\/wp-json\/wp\/v2\/posts\/101613","targetHints":{"allow":["GET"]}}],"collection":[{"href":"https:\/\/lavozdehellin.com\/noticias\/wp-json\/wp\/v2\/posts"}],"about":[{"href":"https:\/\/lavozdehellin.com\/noticias\/wp-json\/wp\/v2\/types\/post"}],"author":[{"embeddable":true,"href":"https:\/\/lavozdehellin.com\/noticias\/wp-json\/wp\/v2\/users\/2"}],"replies":[{"embeddable":true,"href":"https:\/\/lavozdehellin.com\/noticias\/wp-json\/wp\/v2\/comments?post=101613"}],"version-history":[{"count":0,"href":"https:\/\/lavozdehellin.com\/noticias\/wp-json\/wp\/v2\/posts\/101613\/revisions"}],"wp:featuredmedia":[{"embeddable":true,"href":"https:\/\/lavozdehellin.com\/noticias\/wp-json\/wp\/v2\/media\/90580"}],"wp:attachment":[{"href":"https:\/\/lavozdehellin.com\/noticias\/wp-json\/wp\/v2\/media?parent=101613"}],"wp:term":[{"taxonomy":"category","embeddable":true,"href":"https:\/\/lavozdehellin.com\/noticias\/wp-json\/wp\/v2\/categories?post=101613"},{"taxonomy":"post_tag","embeddable":true,"href":"https:\/\/lavozdehellin.com\/noticias\/wp-json\/wp\/v2\/tags?post=101613"}],"curies":[{"name":"wp","href":"https:\/\/api.w.org\/{rel}","templated":true}]}}