{"id":101616,"date":"2019-05-15T10:24:20","date_gmt":"2019-05-15T10:24:20","guid":{"rendered":"https:\/\/lavozdehellin.com\/noticias\/v00-195-la-policia-local-de-hellin-detiene-a-una-mujer-en-la-rosaleda-del-parque-por-atentado-y-resistencia-a-la-autoridad\/"},"modified":"2024-01-04T14:05:40","modified_gmt":"2024-01-04T14:05:40","slug":"v00-195-la-policia-local-de-hellin-detiene-a-una-mujer-en-la-rosaleda-del-parque-por-atentado-y-resistencia-a-la-autoridad","status":"publish","type":"post","link":"https:\/\/lavozdehellin.com\/noticias\/v00-195-la-policia-local-de-hellin-detiene-a-una-mujer-en-la-rosaleda-del-parque-por-atentado-y-resistencia-a-la-autoridad\/","title":{"rendered":"LVH NOTICIAS | LA POLICIA LOCAL DE HELL\u00cdN DETIENE A UNA MUJER, EN LA ROSALEDA DEL PARQUE, POR ATENTADO Y RESISTENCIA A LA AUTORIDAD."},"content":{"rendered":"<p style=\"text-align: justify;\">La Policia Local de Hell\u00edn detiene a una se\u00f1ora, en la Rosaleda del Parque, por atentado y resistencia a la autoridad.<\/p>\n<p><!--more--><br \/>\n<!--publicidad-voz01--><a href=\"https:\/\/www.facebook.com\/SoloRadioHellin\/?locale=es_ES\"><img decoding=\"async\" class=\"alignnone size-medium\" src=\"https:\/\/blogger.googleusercontent.com\/img\/b\/R29vZ2xl\/AVvXsEiNncirNnyGedv00mhjZjh5Wl4_YPdJGanoAl8tL8zH-HwqE8uHqjEfSt340RHdx-9tuCSIkZ8rFamZiGyYlgDGxCsmXjCH_1xk5eYM3ntFZRvJP_jndOKR7w1UAo9Tu0vrZyOLfqRpHIxYI5SymJJ-pfGCQw6QVpggBH-UgfjiFQ2JOxqxG0Jx94kW83c\/s1600\/logo-principal.jpg\" width=\"100%\" height=\"100\" \/><\/a><!--bestpublic-voz01--><!--desk-in-out-voz01--><br \/>\n<!--publicidad-voz02--><a href=\"https:\/\/www.hellincf.com\/\"><img decoding=\"async\" class=\"alignnone size-medium\" src=\"https:\/\/blogger.googleusercontent.com\/img\/b\/R29vZ2xl\/AVvXsEhuZ4-XfBVj3UtdP8-RZugy3WVrg-Zv28c53m4oV47qYCxL1rX_dqWX_YddsGSnpH5SRDqZ7bZeKPIfDVCDncpjVlhy3aQs2vojcJBn7Gdv9hC2_Nzct_pRFrnFE1a7KTCdY1bT_kAgnY3-iadRZrGeJf1fR2P5fu11bokx0pWjaypoy-ctwCjklldpEbA\/s1600\/logo-principal7.jpg\" width=\"100%\" height=\"100\" \/><\/a><!--bestpublic-voz02--><!--desk-in-out-voz02--><\/p>\n<p style=\"text-align: justify;\">El departamento de comunicaci\u00f3n de la Policia Local de Hell\u00edn nos informa de las incidencias ocurridas en la semana del 6 al 12 de mayo.<\/p>\n<p style=\"text-align: justify;\">LUNES MA\u00d1ANA<\/p>\n<p style=\"text-align: justify;\">Se atienden a dos ciudadanos en la calles Castilla la Mancha y Cerda Marti, por reclamaciones en el comercio y no querer los titulares entregarles las hojas de reclamaci\u00f3n, una vez mediado los Agentes de la Polic\u00eda Local, se solucionan los problemas.<\/p>\n<p style=\"text-align: justify;\">MARTES MA\u00d1ANA<\/p>\n<p style=\"text-align: justify;\">Se recibe una llamada indic\u00e1ndonos de la presencia de una serpiente en la calle Gran Via, se persona la patrulla comprueba que es una culebra del terreno, se llama a los bomberos los cuales la retiran.<\/p>\n<p style=\"text-align: justify;\">JUEVES TARDE<\/p>\n<p style=\"text-align: justify;\">Se inmoviliza en la calle Tomas Preciados un veh\u00edculo por carecer de seguro obligatorio.<\/p>\n<p style=\"text-align: justify;\">JUEVES NOCHE<\/p>\n<p style=\"text-align: justify;\">Se levantan dos denuncias por molestias con m\u00fasica y esc\u00e1ndalo, en la C\/ Cristo de la Sangre.<\/p>\n<p style=\"text-align: justify;\">VIERNES MA\u00d1ANA<\/p>\n<p style=\"text-align: justify;\">Se denuncia un ciudadano de Hellin ante la Subdelegaci\u00f3n del Gobierno por insultos a la polic\u00eda en facebook<\/p>\n<p style=\"text-align: justify;\">SABADO TARDE<\/p>\n<p style=\"text-align: justify;\">Se atiende una se\u00f1ora en la Rosaleda del parque, la cual esta insultando a padres\u00a0 e hijos, entrevistada con ella para que se cambie su actitud, la emprende con los agentes, los cuales la traslada a comisar\u00eda detenida para realizar denuncia por atentado y resistencia a la\u00a0 autoridad.<\/p>\n<p style=\"text-align: justify;\">Comunicar a todos los ciudadanos que los pr\u00f3ximos d\u00edas colaboraremos con la DGT, en el control de velocidad en diferentes puntos de nuestra ciudad y p\u00e9danias.<\/p>\n<p style=\"text-align: justify;\">INFORMACION A LOS CIUDADANOS<\/p>\n<p style=\"text-align: justify;\">Destacar el buen comportamiento de los ciudadanos ya que a pesar de tantos eventos destacados este fin de semana, no se han producido novedades rese\u00f1ables.<\/p>\n<p style=\"text-align: justify;\">Desde el Departamento de comunicaci\u00f3n de la POLICIA LOCAL, indicar que estamos a disposici\u00f3n de todos los ciudadanos, a cualquier hora, durante las 24 horas de cada d\u00eda, para cualquier servicio que nos demanden\u00a0 as\u00ed como sugerencia de anomal\u00edas en nuestra ciudad o p\u00e9danias, nos encontramos en la C\/ Fortunato arias, 4 y en el tel\u00e9fono, 967300000.<\/p>\n<p><!--publicidad-voz03--><a href=\"https:\/\/www.facebook.com\/profile.php?id=100063593791305&amp;locale=es_ES\"><img decoding=\"async\" class=\"alignnone size-medium\" src=\"https:\/\/blogger.googleusercontent.com\/img\/b\/R29vZ2xl\/AVvXsEi8_n_ll8UOcGxCqzFvb_9Io4ICczlGC990BPtPj2w9Px-u7B3oqWUW5vtjZUqPNJ-nyjiUIorE0ATsib_l5tV8BVN-UJ03RTnU__IHJF_4DgDBtY4LIqXNG-FomrO-7ywes20CBCRM2Hcm7EJSh3UUw1dO-c_uTflUrtgY1i7uBRezj_DpympmEFkfbQY\/s1600\/logo-principal2.jpg\" width=\"100%\" height=\"100\" \/><\/a><!--bestpublic-voz03--><!--desk-in-out-voz03--><br \/>\n<!--publicidad-voz04--><a href=\"https:\/\/www.facebook.com\/profile.php?id=61557370768692&amp;locale=es_ES\"><img decoding=\"async\" class=\"alignnone size-medium\" src=\"https:\/\/blogger.googleusercontent.com\/img\/b\/R29vZ2xl\/AVvXsEgy5RdcfffrnrItnYTcV9bCJjgJwldsQLWssfVfrLbyfXeBNTFKgBf0rMIvhrUaGUhiXzVr9_eQgCbi-j63ZDpfTvLIty9w7s140y-m1yHe7eKmEK7v2NAHUJDVYGdfeiQFeRCqUjdwWmN1MX_AUxxz4IVdJ4WIM0APxit8bjWkXzrnEFGqBvW_1F13H1g\/s1600\/logo-principal5.jpg\" width=\"100%\" height=\"100\" \/><\/a><!--bestpublic-voz04--><!--desk-in-out-voz04--><br \/>\n<!--publicidad-voz05--><a href=\"https:\/\/www.facebook.com\/asociaciontamborileroshellin?locale=es_ES\"><img decoding=\"async\" class=\"alignnone size-medium\" src=\"https:\/\/blogger.googleusercontent.com\/img\/b\/R29vZ2xl\/AVvXsEhHEEpZsKK1VpwiYMrS7aE2ujtqIDZoLd4B5wtbiseSU9s2HdTdQfhF84So2XwEB1fv0BLw95GADm6hUl1bkKtzh-eIgVigXONuu_5RxeIMPhjk8q6uNX4EaEHbooKkbu7pCADWPpVJjhKIH5NQSJpWqedC-YBez4QAQeJYokkLot9bhrIaUAeztsGis6M\/s1600\/logo-principal3.jpg\" width=\"100%\" height=\"100\" \/><\/a><!--bestpublic-voz05--><!--desk-in-out-voz05--><br \/>\n<!--publicidad-voz06--><!--bestpublic-voz06--><!--desk-in-out-voz06--><br \/>\n<!--publicidad-voz07--><!--bestpublic-voz07--><!--desk-in-out-voz07--><br \/>\n<!--publicidad-voz08--><!--bestpublic-voz08--><!--desk-in-out-voz08--><br \/>\n<!--publicidad-voz09--><!--bestpublic-voz09--><!--desk-in-out-voz09--><br \/>\n<!--publicidad-voz10--><!--bestpublic-voz10--><!--desk-in-out-voz10--><br \/>\n<!--publicidad-voz11--><!--bestpublic-voz11--><!--desk-in-out-voz11--><br \/>\n<!--publicidad-voz12--><!--bestpublic-voz12--><!--desk-in-out-voz12--><br \/>\n<!--publicidad-voz13--><!--bestpublic-voz13--><!--desk-in-out-voz13--><br \/>\n<!--publicidad-voz14--><!--bestpublic-voz14--><!--desk-in-out-voz14--><br \/>\n<!--publicidad-voz15--><!--bestpublic-voz15--><!--desk-in-out-voz15--><br \/>\n<!--publicidad-voz16--><!--bestpublic-voz16--><!--desk-in-out-voz16--><\/p>\n","protected":false},"excerpt":{"rendered":"<p>LA POLICIA LOCAL DE HELL\u00cdN DETIENE A UNA MUJER, EN LA ROSALEDA DEL PARQUE, POR ATENTADO Y RESISTENCIA A LA AUTORIDAD.<\/p>\n","protected":false},"author":2,"featured_media":90588,"comment_status":"closed","ping_status":"closed","sticky":false,"template":"","format":"standard","meta":{"footnotes":""},"categories":[719,718,715,716,717],"tags":[],"class_list":["post-101616","post","type-post","status-publish","format-standard","has-post-thumbnail","hentry","category-blog-lv001","category-blogger","category-la-voz-de-hellin","category-la-voz-de-hellin-la-voz-de-hellin","category-noticias"],"_links":{"self":[{"href":"https:\/\/lavozdehellin.com\/noticias\/wp-json\/wp\/v2\/posts\/101616","targetHints":{"allow":["GET"]}}],"collection":[{"href":"https:\/\/lavozdehellin.com\/noticias\/wp-json\/wp\/v2\/posts"}],"about":[{"href":"https:\/\/lavozdehellin.com\/noticias\/wp-json\/wp\/v2\/types\/post"}],"author":[{"embeddable":true,"href":"https:\/\/lavozdehellin.com\/noticias\/wp-json\/wp\/v2\/users\/2"}],"replies":[{"embeddable":true,"href":"https:\/\/lavozdehellin.com\/noticias\/wp-json\/wp\/v2\/comments?post=101616"}],"version-history":[{"count":0,"href":"https:\/\/lavozdehellin.com\/noticias\/wp-json\/wp\/v2\/posts\/101616\/revisions"}],"wp:featuredmedia":[{"embeddable":true,"href":"https:\/\/lavozdehellin.com\/noticias\/wp-json\/wp\/v2\/media\/90588"}],"wp:attachment":[{"href":"https:\/\/lavozdehellin.com\/noticias\/wp-json\/wp\/v2\/media?parent=101616"}],"wp:term":[{"taxonomy":"category","embeddable":true,"href":"https:\/\/lavozdehellin.com\/noticias\/wp-json\/wp\/v2\/categories?post=101616"},{"taxonomy":"post_tag","embeddable":true,"href":"https:\/\/lavozdehellin.com\/noticias\/wp-json\/wp\/v2\/tags?post=101616"}],"curies":[{"name":"wp","href":"https:\/\/api.w.org\/{rel}","templated":true}]}}