{"id":101619,"date":"2019-05-13T12:01:51","date_gmt":"2019-05-13T12:01:51","guid":{"rendered":"https:\/\/lavozdehellin.com\/noticias\/v00-198-la-agrupacion-electores-hellin-pedira-que-hellin-sea-sede-universitaria-para-retener-y-atraer-talento-juvenil\/"},"modified":"2024-01-04T14:05:41","modified_gmt":"2024-01-04T14:05:41","slug":"v00-198-la-agrupacion-electores-hellin-pedira-que-hellin-sea-sede-universitaria-para-retener-y-atraer-talento-juvenil","status":"publish","type":"post","link":"https:\/\/lavozdehellin.com\/noticias\/v00-198-la-agrupacion-electores-hellin-pedira-que-hellin-sea-sede-universitaria-para-retener-y-atraer-talento-juvenil\/","title":{"rendered":"LVH NOTICIAS | LA AGRUPACI\u00d3N ELECTORES HELL\u00cdN PEDIR\u00c1 QUE HELL\u00cdN SEA SEDE UNIVERSITARIA PARA RETENER Y ATRAER TALENTO JUVENIL."},"content":{"rendered":"<p style=\"text-align: justify;\">La Agrupaci\u00f3n Electores Hell\u00edn pedir\u00e1 que Hell\u00edn sea sede universitaria para retener y atraer talento juvenil<\/p>\n<p><!--more--><br \/>\n<!--publicidad-voz01--><a href=\"https:\/\/www.facebook.com\/SoloRadioHellin\/?locale=es_ES\"><img decoding=\"async\" class=\"alignnone size-medium\" src=\"https:\/\/blogger.googleusercontent.com\/img\/b\/R29vZ2xl\/AVvXsEiNncirNnyGedv00mhjZjh5Wl4_YPdJGanoAl8tL8zH-HwqE8uHqjEfSt340RHdx-9tuCSIkZ8rFamZiGyYlgDGxCsmXjCH_1xk5eYM3ntFZRvJP_jndOKR7w1UAo9Tu0vrZyOLfqRpHIxYI5SymJJ-pfGCQw6QVpggBH-UgfjiFQ2JOxqxG0Jx94kW83c\/s1600\/logo-principal.jpg\" width=\"100%\" height=\"100\" \/><\/a><!--bestpublic-voz01--><!--desk-in-out-voz01--><br \/>\n<!--publicidad-voz02--><a href=\"https:\/\/www.hellincf.com\/\"><img decoding=\"async\" class=\"alignnone size-medium\" src=\"https:\/\/blogger.googleusercontent.com\/img\/b\/R29vZ2xl\/AVvXsEhuZ4-XfBVj3UtdP8-RZugy3WVrg-Zv28c53m4oV47qYCxL1rX_dqWX_YddsGSnpH5SRDqZ7bZeKPIfDVCDncpjVlhy3aQs2vojcJBn7Gdv9hC2_Nzct_pRFrnFE1a7KTCdY1bT_kAgnY3-iadRZrGeJf1fR2P5fu11bokx0pWjaypoy-ctwCjklldpEbA\/s1600\/logo-principal7.jpg\" width=\"100%\" height=\"100\" \/><\/a><!--bestpublic-voz02--><!--desk-in-out-voz02--><\/p>\n<p style=\"text-align: justify;\"><em>Mar\u00eda Jes\u00fas L\u00f3pez, candidata a la alcald\u00eda, iniciaba este viernes la campa\u00f1a presentando el proyecto electoral en la Casa de la Cultura<\/em><\/p>\n<p style=\"text-align: justify;\">\u00a0La Agrupaci\u00f3n Electores Hell\u00edn explic\u00f3 el viernes por la tarde en su primer acto de campa\u00f1a el proyecto que presenta a estas elecciones, que es una actualizaci\u00f3n del que se realiz\u00f3 hace cuatro a\u00f1os y que se basa en cuatro pilares: El Ayuntamiento y su gesti\u00f3n, sectores econ\u00f3micos, patrimonio y cultura, y educaci\u00f3n.<\/p>\n<p style=\"text-align: justify;\">El acto de inicio de campa\u00f1a, que se llevaba a cabo en la Casa de la Cultura, sirvi\u00f3 para dejar claro que \u201cno somos un partido al uso: no hacemos m\u00edtines, haremos actos sociales. No tenemos programa electoral, sino un proyecto basado en nuestros compromisos, no en promesas. Y no queremos mandar ni gobernar, sino gestionar el Ayuntamiento,\u201d declaraba la candidata a la alcald\u00eda por la Agrupaci\u00f3n Electores Hell\u00edn, Mar\u00eda Jes\u00fas L\u00f3pez.<\/p>\n<p style=\"text-align: justify;\">La concejala adelantaba que el pilar fundamental del proyecto ser\u00e1 la educaci\u00f3n, \u201cya que hay que cambiar el modelo actual a un nuevo aprendizaje por proyectos para nuestro propio territorio. Y por eso una de nuestras iniciativas es que Hell\u00edn sea sede universitaria\u201d.<\/p>\n<p style=\"text-align: justify;\">\u201cSi queremos aumentar la poblaci\u00f3n y las oportunidades no podemos dejar que los j\u00f3venes se vayan, tenemos que retener y atraer ese talento juvenil de otras localidades, tenemos que ser de una vez la capital de la comarca y actuar como tal\u201d, ha asegurado Mar\u00eda Jes\u00fas L\u00f3pez.<\/p>\n<p style=\"text-align: justify;\">Por eso, explicaba que \u201csolicitaremos a la Universidad de Castilla-La Mancha que Hell\u00edn sea sede universitaria, un centro asociado como lo son actualmente las localidades de Talavera o Almad\u00e9n. Luego pensaremos qu\u00e9 grado universitario impartir, est\u00e1 claro que hay demanda de enfermer\u00eda por el Hospital y tambi\u00e9n las relacionadas con el sector agropecuario\u201d.<\/p>\n<p style=\"text-align: justify;\">En este pilar de la Educaci\u00f3n, la candidata a la alcald\u00eda reconoc\u00eda que \u201cuna vez que consigamos ser ciudad universitaria y que no se vayan los j\u00f3venes, tenemos tambi\u00e9n que unir a las empresas y a los institutos de nuestra ciudad. Los estudiantes tienen que estar sumidos en la actividad de las empresas y eso har\u00e1 que sumemos puntos para que los inversores apuesten por venir a Hell\u00edn\u201d.<\/p>\n<p style=\"text-align: justify;\">\u201cLo que tenemos claro es que hay que atraer inversores, que seamos una ciudad y una capital atractiva para ellos, y las empresas vendr\u00e1n detr\u00e1s\u201d, recalcaba Mar\u00eda Jes\u00fas L\u00f3pez. La Agrupaci\u00f3n Electores Hell\u00edn contin\u00faa este fin de semana su campa\u00f1a con varios actos en las pedan\u00edas, que incluyen adem\u00e1s actividades culturales como proyecci\u00f3n de documentales de Hell\u00edn o una exposici\u00f3n del pintor F\u00e9lix L\u00f3pez en Las Minas.<\/p>\n<p><!--publicidad-voz03--><a href=\"https:\/\/www.facebook.com\/profile.php?id=100063593791305&amp;locale=es_ES\"><img decoding=\"async\" class=\"alignnone size-medium\" src=\"https:\/\/blogger.googleusercontent.com\/img\/b\/R29vZ2xl\/AVvXsEi8_n_ll8UOcGxCqzFvb_9Io4ICczlGC990BPtPj2w9Px-u7B3oqWUW5vtjZUqPNJ-nyjiUIorE0ATsib_l5tV8BVN-UJ03RTnU__IHJF_4DgDBtY4LIqXNG-FomrO-7ywes20CBCRM2Hcm7EJSh3UUw1dO-c_uTflUrtgY1i7uBRezj_DpympmEFkfbQY\/s1600\/logo-principal2.jpg\" width=\"100%\" height=\"100\" \/><\/a><!--bestpublic-voz03--><!--desk-in-out-voz03--><br \/>\n<!--publicidad-voz04--><a href=\"https:\/\/www.facebook.com\/profile.php?id=61557370768692&amp;locale=es_ES\"><img decoding=\"async\" class=\"alignnone size-medium\" src=\"https:\/\/blogger.googleusercontent.com\/img\/b\/R29vZ2xl\/AVvXsEgy5RdcfffrnrItnYTcV9bCJjgJwldsQLWssfVfrLbyfXeBNTFKgBf0rMIvhrUaGUhiXzVr9_eQgCbi-j63ZDpfTvLIty9w7s140y-m1yHe7eKmEK7v2NAHUJDVYGdfeiQFeRCqUjdwWmN1MX_AUxxz4IVdJ4WIM0APxit8bjWkXzrnEFGqBvW_1F13H1g\/s1600\/logo-principal5.jpg\" width=\"100%\" height=\"100\" \/><\/a><!--bestpublic-voz04--><!--desk-in-out-voz04--><br \/>\n<!--publicidad-voz05--><a href=\"https:\/\/www.facebook.com\/asociaciontamborileroshellin?locale=es_ES\"><img decoding=\"async\" class=\"alignnone size-medium\" src=\"https:\/\/blogger.googleusercontent.com\/img\/b\/R29vZ2xl\/AVvXsEhHEEpZsKK1VpwiYMrS7aE2ujtqIDZoLd4B5wtbiseSU9s2HdTdQfhF84So2XwEB1fv0BLw95GADm6hUl1bkKtzh-eIgVigXONuu_5RxeIMPhjk8q6uNX4EaEHbooKkbu7pCADWPpVJjhKIH5NQSJpWqedC-YBez4QAQeJYokkLot9bhrIaUAeztsGis6M\/s1600\/logo-principal3.jpg\" width=\"100%\" height=\"100\" \/><\/a><!--bestpublic-voz05--><!--desk-in-out-voz05--><br \/>\n<!--publicidad-voz06--><!--bestpublic-voz06--><!--desk-in-out-voz06--><br \/>\n<!--publicidad-voz07--><!--bestpublic-voz07--><!--desk-in-out-voz07--><br \/>\n<!--publicidad-voz08--><!--bestpublic-voz08--><!--desk-in-out-voz08--><br \/>\n<!--publicidad-voz09--><!--bestpublic-voz09--><!--desk-in-out-voz09--><br \/>\n<!--publicidad-voz10--><!--bestpublic-voz10--><!--desk-in-out-voz10--><br \/>\n<!--publicidad-voz11--><!--bestpublic-voz11--><!--desk-in-out-voz11--><br \/>\n<!--publicidad-voz12--><!--bestpublic-voz12--><!--desk-in-out-voz12--><br \/>\n<!--publicidad-voz13--><!--bestpublic-voz13--><!--desk-in-out-voz13--><br \/>\n<!--publicidad-voz14--><!--bestpublic-voz14--><!--desk-in-out-voz14--><br \/>\n<!--publicidad-voz15--><!--bestpublic-voz15--><!--desk-in-out-voz15--><br \/>\n<!--publicidad-voz16--><!--bestpublic-voz16--><!--desk-in-out-voz16--><\/p>\n","protected":false},"excerpt":{"rendered":"<p>LA AGRUPACI\u00d3N ELECTORES HELL\u00cdN PEDIR\u00c1 QUE HELL\u00cdN SEA SEDE UNIVERSITARIA PARA RETENER Y ATRAER TALENTO JUVENIL.<\/p>\n","protected":false},"author":2,"featured_media":90584,"comment_status":"closed","ping_status":"closed","sticky":false,"template":"","format":"standard","meta":{"footnotes":""},"categories":[719,718,715,716,717],"tags":[],"class_list":["post-101619","post","type-post","status-publish","format-standard","has-post-thumbnail","hentry","category-blog-lv001","category-blogger","category-la-voz-de-hellin","category-la-voz-de-hellin-la-voz-de-hellin","category-noticias"],"_links":{"self":[{"href":"https:\/\/lavozdehellin.com\/noticias\/wp-json\/wp\/v2\/posts\/101619","targetHints":{"allow":["GET"]}}],"collection":[{"href":"https:\/\/lavozdehellin.com\/noticias\/wp-json\/wp\/v2\/posts"}],"about":[{"href":"https:\/\/lavozdehellin.com\/noticias\/wp-json\/wp\/v2\/types\/post"}],"author":[{"embeddable":true,"href":"https:\/\/lavozdehellin.com\/noticias\/wp-json\/wp\/v2\/users\/2"}],"replies":[{"embeddable":true,"href":"https:\/\/lavozdehellin.com\/noticias\/wp-json\/wp\/v2\/comments?post=101619"}],"version-history":[{"count":0,"href":"https:\/\/lavozdehellin.com\/noticias\/wp-json\/wp\/v2\/posts\/101619\/revisions"}],"wp:featuredmedia":[{"embeddable":true,"href":"https:\/\/lavozdehellin.com\/noticias\/wp-json\/wp\/v2\/media\/90584"}],"wp:attachment":[{"href":"https:\/\/lavozdehellin.com\/noticias\/wp-json\/wp\/v2\/media?parent=101619"}],"wp:term":[{"taxonomy":"category","embeddable":true,"href":"https:\/\/lavozdehellin.com\/noticias\/wp-json\/wp\/v2\/categories?post=101619"},{"taxonomy":"post_tag","embeddable":true,"href":"https:\/\/lavozdehellin.com\/noticias\/wp-json\/wp\/v2\/tags?post=101619"}],"curies":[{"name":"wp","href":"https:\/\/api.w.org\/{rel}","templated":true}]}}