{"id":101621,"date":"2019-05-13T11:36:14","date_gmt":"2019-05-13T11:36:14","guid":{"rendered":"https:\/\/lavozdehellin.com\/noticias\/v00-200-este-lunes-13-de-mayo-daba-comienzo-en-hellin-un-curso-para-mejorar-la-empleabilidad-de-las-mujeres\/"},"modified":"2024-01-04T14:05:41","modified_gmt":"2024-01-04T14:05:41","slug":"v00-200-este-lunes-13-de-mayo-daba-comienzo-en-hellin-un-curso-para-mejorar-la-empleabilidad-de-las-mujeres","status":"publish","type":"post","link":"https:\/\/lavozdehellin.com\/noticias\/v00-200-este-lunes-13-de-mayo-daba-comienzo-en-hellin-un-curso-para-mejorar-la-empleabilidad-de-las-mujeres\/","title":{"rendered":"LVH NOTICIAS | ESTE LUNES 13 DE MAYO DABA COMIENZO EN HELL\u00cdN UN CURSO PARA MEJORAR LA EMPLEABILIDAD DE LAS MUJERES."},"content":{"rendered":"<p style=\"text-align: justify;\">Este lunes 13 de mayo daba comienzo en Hell\u00edn un curso para mejorar la empleabilidad de las mujeres.<\/p>\n<p><!--more--><br \/>\n<!--publicidad-voz01--><a href=\"https:\/\/www.facebook.com\/SoloRadioHellin\/?locale=es_ES\"><img decoding=\"async\" class=\"alignnone size-medium\" src=\"https:\/\/blogger.googleusercontent.com\/img\/b\/R29vZ2xl\/AVvXsEiNncirNnyGedv00mhjZjh5Wl4_YPdJGanoAl8tL8zH-HwqE8uHqjEfSt340RHdx-9tuCSIkZ8rFamZiGyYlgDGxCsmXjCH_1xk5eYM3ntFZRvJP_jndOKR7w1UAo9Tu0vrZyOLfqRpHIxYI5SymJJ-pfGCQw6QVpggBH-UgfjiFQ2JOxqxG0Jx94kW83c\/s1600\/logo-principal.jpg\" width=\"100%\" height=\"100\" \/><\/a><!--bestpublic-voz01--><!--desk-in-out-voz01--><br \/>\n<!--publicidad-voz02--><a href=\"https:\/\/www.hellincf.com\/\"><img decoding=\"async\" class=\"alignnone size-medium\" src=\"https:\/\/blogger.googleusercontent.com\/img\/b\/R29vZ2xl\/AVvXsEhuZ4-XfBVj3UtdP8-RZugy3WVrg-Zv28c53m4oV47qYCxL1rX_dqWX_YddsGSnpH5SRDqZ7bZeKPIfDVCDncpjVlhy3aQs2vojcJBn7Gdv9hC2_Nzct_pRFrnFE1a7KTCdY1bT_kAgnY3-iadRZrGeJf1fR2P5fu11bokx0pWjaypoy-ctwCjklldpEbA\/s1600\/logo-principal7.jpg\" width=\"100%\" height=\"100\" \/><\/a><!--bestpublic-voz02--><!--desk-in-out-voz02--><\/p>\n<p style=\"text-align: justify;\">DANA es un programa de formaci\u00f3n que pretende mejorar las condiciones de empleabilidad de las mujeres participantes a trav\u00e9s de la adquisici\u00f3n y entrenamiento de competencias y habilidades necesarias que les permitan afrontar en mejores condiciones su decisi\u00f3n hacia la b\u00fasqueda de empleo o el emprendimiento.<\/p>\n<p style=\"text-align: justify;\">\u00a0Los contenidos de esta formaci\u00f3n se concretan en los siguientes bloques:<\/p>\n<ul style=\"text-align: justify;\">\n<li>Entrenar las competencias y habilidades para mejorar la empleabilidad<\/li>\n<li>Analizar la opci\u00f3n del autoempleo como forma de acceso al mundo laboral<\/li>\n<li>Mejorar las competencias digitales para el empleo<\/li>\n<li>Optimizar las estrategias de b\u00fasqueda de empleo<\/li>\n<\/ul>\n<p style=\"text-align: justify;\">Duraci\u00f3n: 70 horas lectivas; de las cuales, 40 son presenciales y 30 on-line.<\/p>\n<p style=\"text-align: justify;\">Horarios: de lunes a mi\u00e9rcoles, de 9:30 a 13:30<\/p>\n<p style=\"text-align: justify;\">Destinatarias: mujeres que est\u00e1n buscando empleo o quieren empezar a buscar un empleo,\u00a0 mujeres que quieran emprender o est\u00e9n emprendiendo un negocio.<\/p>\n<p style=\"text-align: justify;\">Inicio del curso: d\u00eda 13 de mayo a las 9.30 horas en la Casa de la Cultura (aula de inform\u00e1tica). Asistian al inicio del mismo para su presentaci\u00f3n Mercedes M\u00e1rquez, Directora Provincial del Instituto de la Mujer de Albacete, Ram\u00f3n Garc\u00eda Alcalde de Hell\u00edn as\u00ed como distintas personalidades de nuestra ciudad y M\u00aa Angeles de la Rosa\u00a0 profesora de Fundaci\u00f3n Mujeres que impartir\u00e1 el curso.<\/p>\n<p style=\"text-align: justify;\">Informaci\u00f3n e inscripciones: Centro de la Mujer. C\/ Fortunato Arias, 4, bajo. Tfno: 967 541 510 &#8211; e-mail: centromujer@hellin.es<\/p>\n<p><!--publicidad-voz03--><a href=\"https:\/\/www.facebook.com\/profile.php?id=100063593791305&amp;locale=es_ES\"><img decoding=\"async\" class=\"alignnone size-medium\" src=\"https:\/\/blogger.googleusercontent.com\/img\/b\/R29vZ2xl\/AVvXsEi8_n_ll8UOcGxCqzFvb_9Io4ICczlGC990BPtPj2w9Px-u7B3oqWUW5vtjZUqPNJ-nyjiUIorE0ATsib_l5tV8BVN-UJ03RTnU__IHJF_4DgDBtY4LIqXNG-FomrO-7ywes20CBCRM2Hcm7EJSh3UUw1dO-c_uTflUrtgY1i7uBRezj_DpympmEFkfbQY\/s1600\/logo-principal2.jpg\" width=\"100%\" height=\"100\" \/><\/a><!--bestpublic-voz03--><!--desk-in-out-voz03--><br \/>\n<!--publicidad-voz04--><a href=\"https:\/\/www.facebook.com\/profile.php?id=61557370768692&amp;locale=es_ES\"><img decoding=\"async\" class=\"alignnone size-medium\" src=\"https:\/\/blogger.googleusercontent.com\/img\/b\/R29vZ2xl\/AVvXsEgy5RdcfffrnrItnYTcV9bCJjgJwldsQLWssfVfrLbyfXeBNTFKgBf0rMIvhrUaGUhiXzVr9_eQgCbi-j63ZDpfTvLIty9w7s140y-m1yHe7eKmEK7v2NAHUJDVYGdfeiQFeRCqUjdwWmN1MX_AUxxz4IVdJ4WIM0APxit8bjWkXzrnEFGqBvW_1F13H1g\/s1600\/logo-principal5.jpg\" width=\"100%\" height=\"100\" \/><\/a><!--bestpublic-voz04--><!--desk-in-out-voz04--><br \/>\n<!--publicidad-voz05--><a href=\"https:\/\/www.facebook.com\/asociaciontamborileroshellin?locale=es_ES\"><img decoding=\"async\" class=\"alignnone size-medium\" src=\"https:\/\/blogger.googleusercontent.com\/img\/b\/R29vZ2xl\/AVvXsEhHEEpZsKK1VpwiYMrS7aE2ujtqIDZoLd4B5wtbiseSU9s2HdTdQfhF84So2XwEB1fv0BLw95GADm6hUl1bkKtzh-eIgVigXONuu_5RxeIMPhjk8q6uNX4EaEHbooKkbu7pCADWPpVJjhKIH5NQSJpWqedC-YBez4QAQeJYokkLot9bhrIaUAeztsGis6M\/s1600\/logo-principal3.jpg\" width=\"100%\" height=\"100\" \/><\/a><!--bestpublic-voz05--><!--desk-in-out-voz05--><br \/>\n<!--publicidad-voz06--><!--bestpublic-voz06--><!--desk-in-out-voz06--><br \/>\n<!--publicidad-voz07--><!--bestpublic-voz07--><!--desk-in-out-voz07--><br \/>\n<!--publicidad-voz08--><!--bestpublic-voz08--><!--desk-in-out-voz08--><br \/>\n<!--publicidad-voz09--><!--bestpublic-voz09--><!--desk-in-out-voz09--><br \/>\n<!--publicidad-voz10--><!--bestpublic-voz10--><!--desk-in-out-voz10--><br \/>\n<!--publicidad-voz11--><!--bestpublic-voz11--><!--desk-in-out-voz11--><br \/>\n<!--publicidad-voz12--><!--bestpublic-voz12--><!--desk-in-out-voz12--><br \/>\n<!--publicidad-voz13--><!--bestpublic-voz13--><!--desk-in-out-voz13--><br \/>\n<!--publicidad-voz14--><!--bestpublic-voz14--><!--desk-in-out-voz14--><br \/>\n<!--publicidad-voz15--><!--bestpublic-voz15--><!--desk-in-out-voz15--><br \/>\n<!--publicidad-voz16--><!--bestpublic-voz16--><!--desk-in-out-voz16--><\/p>\n","protected":false},"excerpt":{"rendered":"<p>ESTE LUNES 13 DE MAYO DABA COMIENZO EN HELL\u00cdN UN CURSO PARA MEJORAR LA EMPLEABILIDAD DE LAS MUJERES.<\/p>\n","protected":false},"author":2,"featured_media":90582,"comment_status":"closed","ping_status":"closed","sticky":false,"template":"","format":"standard","meta":{"footnotes":""},"categories":[719,718,715,716,717],"tags":[],"class_list":["post-101621","post","type-post","status-publish","format-standard","has-post-thumbnail","hentry","category-blog-lv001","category-blogger","category-la-voz-de-hellin","category-la-voz-de-hellin-la-voz-de-hellin","category-noticias"],"_links":{"self":[{"href":"https:\/\/lavozdehellin.com\/noticias\/wp-json\/wp\/v2\/posts\/101621","targetHints":{"allow":["GET"]}}],"collection":[{"href":"https:\/\/lavozdehellin.com\/noticias\/wp-json\/wp\/v2\/posts"}],"about":[{"href":"https:\/\/lavozdehellin.com\/noticias\/wp-json\/wp\/v2\/types\/post"}],"author":[{"embeddable":true,"href":"https:\/\/lavozdehellin.com\/noticias\/wp-json\/wp\/v2\/users\/2"}],"replies":[{"embeddable":true,"href":"https:\/\/lavozdehellin.com\/noticias\/wp-json\/wp\/v2\/comments?post=101621"}],"version-history":[{"count":0,"href":"https:\/\/lavozdehellin.com\/noticias\/wp-json\/wp\/v2\/posts\/101621\/revisions"}],"wp:featuredmedia":[{"embeddable":true,"href":"https:\/\/lavozdehellin.com\/noticias\/wp-json\/wp\/v2\/media\/90582"}],"wp:attachment":[{"href":"https:\/\/lavozdehellin.com\/noticias\/wp-json\/wp\/v2\/media?parent=101621"}],"wp:term":[{"taxonomy":"category","embeddable":true,"href":"https:\/\/lavozdehellin.com\/noticias\/wp-json\/wp\/v2\/categories?post=101621"},{"taxonomy":"post_tag","embeddable":true,"href":"https:\/\/lavozdehellin.com\/noticias\/wp-json\/wp\/v2\/tags?post=101621"}],"curies":[{"name":"wp","href":"https:\/\/api.w.org\/{rel}","templated":true}]}}