{"id":101622,"date":"2019-05-13T11:24:45","date_gmt":"2019-05-13T11:24:45","guid":{"rendered":"https:\/\/lavozdehellin.com\/noticias\/v00-201-el-candidato-a-la-alcaldia-mario-artesero-asegura-ciudadanos-es-el-unico-partido-que-presenta-a-una-mujer-para-la-presidecia-de-castilla-la-mancha\/"},"modified":"2024-01-04T14:05:41","modified_gmt":"2024-01-04T14:05:41","slug":"v00-201-el-candidato-a-la-alcaldia-mario-artesero-asegura-ciudadanos-es-el-unico-partido-que-presenta-a-una-mujer-para-la-presidecia-de-castilla-la-mancha","status":"publish","type":"post","link":"https:\/\/lavozdehellin.com\/noticias\/v00-201-el-candidato-a-la-alcaldia-mario-artesero-asegura-ciudadanos-es-el-unico-partido-que-presenta-a-una-mujer-para-la-presidecia-de-castilla-la-mancha\/","title":{"rendered":"LVH NOTICIAS | EL CANDIDATO A LA ALCALD\u00cdA, MARIO ARTESERO, ASEGURA \u201cCIUDADANOS ES EL \u00daNICO PARTIDO QUE PRESENTA A UNA MUJER PARA LA PRESIDECIA DE CASTILLA LA MANCHA."},"content":{"rendered":"<p style=\"text-align: justify;\">Artesero y Juan Luis S\u00e1nchez B\u00e1idez, candidato a las regionales, han encabezado la comitiva de hellineros que han acompa\u00f1ado a Carmen Picazo en el acto de Ciudadanos en Albacete.<\/p>\n<p><!--more--><br \/>\n<!--publicidad-voz01--><a href=\"https:\/\/www.facebook.com\/SoloRadioHellin\/?locale=es_ES\"><img decoding=\"async\" class=\"alignnone size-medium\" src=\"https:\/\/blogger.googleusercontent.com\/img\/b\/R29vZ2xl\/AVvXsEiNncirNnyGedv00mhjZjh5Wl4_YPdJGanoAl8tL8zH-HwqE8uHqjEfSt340RHdx-9tuCSIkZ8rFamZiGyYlgDGxCsmXjCH_1xk5eYM3ntFZRvJP_jndOKR7w1UAo9Tu0vrZyOLfqRpHIxYI5SymJJ-pfGCQw6QVpggBH-UgfjiFQ2JOxqxG0Jx94kW83c\/s1600\/logo-principal.jpg\" width=\"100%\" height=\"100\" \/><\/a><!--bestpublic-voz01--><!--desk-in-out-voz01--><br \/>\n<!--publicidad-voz02--><a href=\"https:\/\/www.hellincf.com\/\"><img decoding=\"async\" class=\"alignnone size-medium\" src=\"https:\/\/blogger.googleusercontent.com\/img\/b\/R29vZ2xl\/AVvXsEhuZ4-XfBVj3UtdP8-RZugy3WVrg-Zv28c53m4oV47qYCxL1rX_dqWX_YddsGSnpH5SRDqZ7bZeKPIfDVCDncpjVlhy3aQs2vojcJBn7Gdv9hC2_Nzct_pRFrnFE1a7KTCdY1bT_kAgnY3-iadRZrGeJf1fR2P5fu11bokx0pWjaypoy-ctwCjklldpEbA\/s1600\/logo-principal7.jpg\" width=\"100%\" height=\"100\" \/><\/a><!--bestpublic-voz02--><!--desk-in-out-voz02--><\/p>\n<p style=\"text-align: justify;\">La cita era en el templete del parque Abelardo S\u00e1nchez de la capital albacete\u00f1a a las 19:30 horas, la log\u00edstica ha ocupado una buena parte del paseo central del parque.<\/p>\n<p style=\"text-align: justify;\">Juan Luis S\u00e1nchez B\u00e1idez ha ocupado uno de los puestos preferentes en virtud del sexto puesto que ocupa en la lista de Ciudadanos a las Cortes de Castilla-La Mancha por la provincia de Albacete. B\u00e1idez: \u201cEs para mi un orgullo formar parte del proyecto de gobierno de Carmen Picazo, la \u00fanica mujer que se presenta para presidir la Junta\u201d.<\/p>\n<p style=\"text-align: justify;\">Vicente Casa\u00f1, <em>candidato<\/em> a la alcald\u00eda del <em>Ayuntamiento<\/em> de <em>Albacete, ha abierto el acto recordando las figuras de los recientemente fallecidos Alfredo P\u00e9rez Rubalcaba y de Atanasio Ballesteros, quien fuera senador y diputado por Albacete. <\/em><\/p>\n<p style=\"text-align: justify;\"><em>Casa\u00f1: \u201cCiudadanos no es un partido de profesionales de la pol\u00edtica, sino de profesionales haciendo pol\u00edtica\u201d, ha afirmado el alcaldable por Albacete, quien ha puesto de manifiesto que recoger el encargo de las urnas supone ponerse al servicio del ciudadano, por encima de cualquier otro inter\u00e9s particular.<\/em><\/p>\n<p style=\"text-align: justify;\"><em>David Mu\u00f1oz, secretario de Programas y \u00c1reas Sectoriales de Ciudadanos en Castilla-La Mancha y n\u00famero uno a las Cortes Regionales por la provincia de Toledo, ha expuesto los tres pilares fundamentales del programa de Ciudadanos para las elecciones auton\u00f3micas y las regionales. \u201cM\u00e1s de doscientas personas han hecho nuestro programa, que se basa en tres pilares fundamentales: la igualdad entre todos los ciudadanos de la regi\u00f3n, la regeneraci\u00f3n pol\u00edtica y la apuesta firme por la modernizaci\u00f3n de nuestra comunidad aut\u00f3noma\u201d. <\/em><\/p>\n<p style=\"text-align: justify;\"><em>Tras Mu\u00f1oz ha intervenido Alejandro Ruiz: \u201cNo caigamos en los egos, nuestro mayor enemigo son nuestros egos y nuestros miedos\u201d. El candidato de Ciudadanos a las Cortes por Guadalajara ha destacado el compromiso de servicio al ciudadano de supone la actividad pol\u00edtica. \u201cCuando se dice la verdad, no se puede hacer otra cosa que vencer. Hay que ser valientes\u201d, ha afirmado Ruiz, que ha instado a los representantes de Ciudadanos en los ayuntamientos y administraciones p\u00fablicas a denunciar sin temor todos y cada uno de los casos de corrupci\u00f3n y enchufismo. <\/em><\/p>\n<p style=\"text-align: justify;\"><em>Carmen Picazo: \u201cVoy a ser la presidenta de Castilla-La Mancha porque esta tierra lo necesita. Estamos a la cola en sanidad e innovaci\u00f3n\u201d. Picazo ha cerrado el acto con un discurso basado en la lucha contra los problemas m\u00e1s inmediatos de la sociedad. \u201cNo vamos a dejar esta tierra hu\u00e9rfana, vamos a luchar por vosotros y vuestros hijos. Vamos a pensar en los emprendedores, en los parados, en los j\u00f3venes y en los mayores\u201d. <\/em><\/p>\n<p><!--publicidad-voz03--><a href=\"https:\/\/www.facebook.com\/profile.php?id=100063593791305&amp;locale=es_ES\"><img decoding=\"async\" class=\"alignnone size-medium\" src=\"https:\/\/blogger.googleusercontent.com\/img\/b\/R29vZ2xl\/AVvXsEi8_n_ll8UOcGxCqzFvb_9Io4ICczlGC990BPtPj2w9Px-u7B3oqWUW5vtjZUqPNJ-nyjiUIorE0ATsib_l5tV8BVN-UJ03RTnU__IHJF_4DgDBtY4LIqXNG-FomrO-7ywes20CBCRM2Hcm7EJSh3UUw1dO-c_uTflUrtgY1i7uBRezj_DpympmEFkfbQY\/s1600\/logo-principal2.jpg\" width=\"100%\" height=\"100\" \/><\/a><!--bestpublic-voz03--><!--desk-in-out-voz03--><br \/>\n<!--publicidad-voz04--><a href=\"https:\/\/www.facebook.com\/profile.php?id=61557370768692&amp;locale=es_ES\"><img decoding=\"async\" class=\"alignnone size-medium\" src=\"https:\/\/blogger.googleusercontent.com\/img\/b\/R29vZ2xl\/AVvXsEgy5RdcfffrnrItnYTcV9bCJjgJwldsQLWssfVfrLbyfXeBNTFKgBf0rMIvhrUaGUhiXzVr9_eQgCbi-j63ZDpfTvLIty9w7s140y-m1yHe7eKmEK7v2NAHUJDVYGdfeiQFeRCqUjdwWmN1MX_AUxxz4IVdJ4WIM0APxit8bjWkXzrnEFGqBvW_1F13H1g\/s1600\/logo-principal5.jpg\" width=\"100%\" height=\"100\" \/><\/a><!--bestpublic-voz04--><!--desk-in-out-voz04--><br \/>\n<!--publicidad-voz05--><a href=\"https:\/\/www.facebook.com\/asociaciontamborileroshellin?locale=es_ES\"><img decoding=\"async\" class=\"alignnone size-medium\" src=\"https:\/\/blogger.googleusercontent.com\/img\/b\/R29vZ2xl\/AVvXsEhHEEpZsKK1VpwiYMrS7aE2ujtqIDZoLd4B5wtbiseSU9s2HdTdQfhF84So2XwEB1fv0BLw95GADm6hUl1bkKtzh-eIgVigXONuu_5RxeIMPhjk8q6uNX4EaEHbooKkbu7pCADWPpVJjhKIH5NQSJpWqedC-YBez4QAQeJYokkLot9bhrIaUAeztsGis6M\/s1600\/logo-principal3.jpg\" width=\"100%\" height=\"100\" \/><\/a><!--bestpublic-voz05--><!--desk-in-out-voz05--><br \/>\n<!--publicidad-voz06--><!--bestpublic-voz06--><!--desk-in-out-voz06--><br \/>\n<!--publicidad-voz07--><!--bestpublic-voz07--><!--desk-in-out-voz07--><br \/>\n<!--publicidad-voz08--><!--bestpublic-voz08--><!--desk-in-out-voz08--><br \/>\n<!--publicidad-voz09--><!--bestpublic-voz09--><!--desk-in-out-voz09--><br \/>\n<!--publicidad-voz10--><!--bestpublic-voz10--><!--desk-in-out-voz10--><br \/>\n<!--publicidad-voz11--><!--bestpublic-voz11--><!--desk-in-out-voz11--><br \/>\n<!--publicidad-voz12--><!--bestpublic-voz12--><!--desk-in-out-voz12--><br \/>\n<!--publicidad-voz13--><!--bestpublic-voz13--><!--desk-in-out-voz13--><br \/>\n<!--publicidad-voz14--><!--bestpublic-voz14--><!--desk-in-out-voz14--><br \/>\n<!--publicidad-voz15--><!--bestpublic-voz15--><!--desk-in-out-voz15--><br \/>\n<!--publicidad-voz16--><!--bestpublic-voz16--><!--desk-in-out-voz16--><\/p>\n","protected":false},"excerpt":{"rendered":"<p>EL CANDIDATO A LA ALCALD\u00cdA, MARIO ARTESERO, ASEGURA \u201cCIUDADANOS ES EL \u00daNICO PARTIDO QUE PRESENTA A UNA MUJER PARA LA PRESIDECIA DE CASTILLA LA MANCHA.<\/p>\n","protected":false},"author":2,"featured_media":90585,"comment_status":"closed","ping_status":"closed","sticky":false,"template":"","format":"standard","meta":{"footnotes":""},"categories":[719,718,715,716,717],"tags":[],"class_list":["post-101622","post","type-post","status-publish","format-standard","has-post-thumbnail","hentry","category-blog-lv001","category-blogger","category-la-voz-de-hellin","category-la-voz-de-hellin-la-voz-de-hellin","category-noticias"],"_links":{"self":[{"href":"https:\/\/lavozdehellin.com\/noticias\/wp-json\/wp\/v2\/posts\/101622","targetHints":{"allow":["GET"]}}],"collection":[{"href":"https:\/\/lavozdehellin.com\/noticias\/wp-json\/wp\/v2\/posts"}],"about":[{"href":"https:\/\/lavozdehellin.com\/noticias\/wp-json\/wp\/v2\/types\/post"}],"author":[{"embeddable":true,"href":"https:\/\/lavozdehellin.com\/noticias\/wp-json\/wp\/v2\/users\/2"}],"replies":[{"embeddable":true,"href":"https:\/\/lavozdehellin.com\/noticias\/wp-json\/wp\/v2\/comments?post=101622"}],"version-history":[{"count":0,"href":"https:\/\/lavozdehellin.com\/noticias\/wp-json\/wp\/v2\/posts\/101622\/revisions"}],"wp:featuredmedia":[{"embeddable":true,"href":"https:\/\/lavozdehellin.com\/noticias\/wp-json\/wp\/v2\/media\/90585"}],"wp:attachment":[{"href":"https:\/\/lavozdehellin.com\/noticias\/wp-json\/wp\/v2\/media?parent=101622"}],"wp:term":[{"taxonomy":"category","embeddable":true,"href":"https:\/\/lavozdehellin.com\/noticias\/wp-json\/wp\/v2\/categories?post=101622"},{"taxonomy":"post_tag","embeddable":true,"href":"https:\/\/lavozdehellin.com\/noticias\/wp-json\/wp\/v2\/tags?post=101622"}],"curies":[{"name":"wp","href":"https:\/\/api.w.org\/{rel}","templated":true}]}}