{"id":101623,"date":"2019-05-13T11:15:52","date_gmt":"2019-05-13T11:15:52","guid":{"rendered":"https:\/\/lavozdehellin.com\/noticias\/v00-202-la-gerencia-de-atencion-integrada-de-hellin-presenta-su-proyecto-paseos-que-curan-en-el-congreso-nacional-de-hospitales\/"},"modified":"2024-01-04T14:05:41","modified_gmt":"2024-01-04T14:05:41","slug":"v00-202-la-gerencia-de-atencion-integrada-de-hellin-presenta-su-proyecto-paseos-que-curan-en-el-congreso-nacional-de-hospitales","status":"publish","type":"post","link":"https:\/\/lavozdehellin.com\/noticias\/v00-202-la-gerencia-de-atencion-integrada-de-hellin-presenta-su-proyecto-paseos-que-curan-en-el-congreso-nacional-de-hospitales\/","title":{"rendered":"LVH NOTICIAS | LA GERENCIA DE ATENCI\u00d3N INTEGRADA DE HELL\u00cdN PRESENTA SU PROYECTO \u201cPASEOS QUE CURAN\u201d EN EL CONGRESO NACIONAL DE HOSPITALES."},"content":{"rendered":"<p style=\"text-align: justify;\">La Gerencia de Atenci\u00f3n Integrada de Hell\u00edn presenta su proyecto \u2018Paseos que curan\u2019 en el Congreso Nacional de Hospitales <span id=\"more-22451\"><\/span><\/p>\n<p><!--more--><br \/>\n<!--publicidad-voz01--><a href=\"https:\/\/www.facebook.com\/SoloRadioHellin\/?locale=es_ES\"><img decoding=\"async\" class=\"alignnone size-medium\" src=\"https:\/\/blogger.googleusercontent.com\/img\/b\/R29vZ2xl\/AVvXsEiNncirNnyGedv00mhjZjh5Wl4_YPdJGanoAl8tL8zH-HwqE8uHqjEfSt340RHdx-9tuCSIkZ8rFamZiGyYlgDGxCsmXjCH_1xk5eYM3ntFZRvJP_jndOKR7w1UAo9Tu0vrZyOLfqRpHIxYI5SymJJ-pfGCQw6QVpggBH-UgfjiFQ2JOxqxG0Jx94kW83c\/s1600\/logo-principal.jpg\" width=\"100%\" height=\"100\" \/><\/a><!--bestpublic-voz01--><!--desk-in-out-voz01--><br \/>\n<!--publicidad-voz02--><a href=\"https:\/\/www.hellincf.com\/\"><img decoding=\"async\" class=\"alignnone size-medium\" src=\"https:\/\/blogger.googleusercontent.com\/img\/b\/R29vZ2xl\/AVvXsEhuZ4-XfBVj3UtdP8-RZugy3WVrg-Zv28c53m4oV47qYCxL1rX_dqWX_YddsGSnpH5SRDqZ7bZeKPIfDVCDncpjVlhy3aQs2vojcJBn7Gdv9hC2_Nzct_pRFrnFE1a7KTCdY1bT_kAgnY3-iadRZrGeJf1fR2P5fu11bokx0pWjaypoy-ctwCjklldpEbA\/s1600\/logo-principal7.jpg\" width=\"100%\" height=\"100\" \/><\/a><!--bestpublic-voz02--><!--desk-in-out-voz02--><\/p>\n<p style=\"text-align: justify;\">La Gerencia de Atenci\u00f3n Integrada de Hell\u00edn, dependiente del Servicio de Salud de Castilla-La Mancha, ha presentado nueve trabajos en el Congreso Nacional de Hospitales y Gesti\u00f3n Sanitaria que se ha celebrado en Santiago de Compostela. Los proyectos, que abarcan distintas tem\u00e1ticas, se centran en la mejora de la calidad asistencial.<\/p>\n<p style=\"text-align: justify;\">Uno de los proyectos m\u00e1s novedosos, y que est\u00e1 basado en la humanizaci\u00f3n de la asistencia, es el protocolo, \u2018Paseos que curan\u2019, desarrollado en la UCI del Hospital. La Gerencia ha mejorado los espacios para permitir poner en marcha esta iniciativa con la que los pacientes ingresados en Cuidados Intensivos puedan, por ejemplo, prevenir o disminuir las consecuencias derivadas de la de privaci\u00f3n sensorial como es la desorientaci\u00f3n.<\/p>\n<p style=\"text-align: justify;\">Estos paseos se realizan acompa\u00f1ados de personal sanitario provisto con todo el material necesario y ayudan a minimizar los efectos del aislamiento y p\u00e9rdida de contacto con el exterior que todo ingreso en UCI conlleva. Adem\u00e1s de aumentar el bienestar del paciente, incrementa la participaci\u00f3n de los familiares en los cuidados.<\/p>\n<p style=\"text-align: justify;\">Precisamente pensando en las familias, la GAI de Hell\u00edn tambi\u00e9n ha presentado en Santiago de Compostela otro de los proyectos de humanizaci\u00f3n que realiza actualmente. \u2018Residencia de acompa\u00f1antes\u2019, un espacio destinado al descanso que se ha construido en las propias dependencias del Hospital y que est\u00e1 repercutiendo en los familiares y cuidadores de pacientes con una hospitalizaci\u00f3n prolongada.<\/p>\n<p style=\"text-align: justify;\">Como dicen los profesionales sanitarios, \u201ccuando atendemos a un paciente enfermo, atendemos tambi\u00e9n a una familia que sufre\u201d. En algunos casos, hay pacientes que tienen su hogar a m\u00e1s de una hora, en la Sierra, con lo que aumentar el confort en las instalaciones se hace indispensable para hacer m\u00e1s llevadera la espera a los familiares.<\/p>\n<p style=\"text-align: justify;\">Igualmente, para evitar desplazamientos, la Gerencia de Atenci\u00f3n Integrada de Hell\u00edn activ\u00f3 hace unos meses el proyecto \u2018Telemedicina, inicio de un programa de un \u00e1rea de alta dispersi\u00f3n geogr\u00e1fica\u2019.<\/p>\n<p style=\"text-align: justify;\">Se trata de una herramienta con enorme potencial tanto en la gesti\u00f3n sanitaria como en la calidad de vida de los pacientes. Y si el paciente, finalmente, debe desplazarse al Hospital o a un Centro de Salud, siempre son recibidos por los celadores. Este colectivo profesional presenta otro de los proyectos en el congreso y recuerdan que \u201cestamos a tu lado desde el primer momento\u201d.<\/p>\n<p style=\"text-align: justify;\">Como tambi\u00e9n lo est\u00e1 la Enfermer\u00eda, el papel de las enfermeras en la trazabilidad de hemoderivados tambi\u00e9n ha ocupado un lugar entre los trabajos presentados por la Gerencia hellinera. Proyectos que se basan en la humanizaci\u00f3n y en una gesti\u00f3n m\u00e1s eficiente, sustentan otros dos trabajos presentados y que tienen por t\u00edtulo, \u2018An\u00e1lisis coste-actividad de los accidentes taurinos\u2019 e \u2018Implantaci\u00f3n de un modelo de calidad en centros de salud\u2019.<\/p>\n<p style=\"text-align: justify;\">Por \u00faltimo, entre los proyectos presentados, \u2018Entornos sanitarios accesibles: eliminando barreras de comunicaci\u00f3n\u2019. Con este trabajo se pretende generar un entorno que implemente la comunicaci\u00f3n y para ello se cuenta con pictogramas que faciliten la comprensi\u00f3n a ni\u00f1os, personas mayores, personas con discapacidad y hasta pacientes extranjeros.<\/p>\n<p><!--publicidad-voz03--><a href=\"https:\/\/www.facebook.com\/profile.php?id=100063593791305&amp;locale=es_ES\"><img decoding=\"async\" class=\"alignnone size-medium\" src=\"https:\/\/blogger.googleusercontent.com\/img\/b\/R29vZ2xl\/AVvXsEi8_n_ll8UOcGxCqzFvb_9Io4ICczlGC990BPtPj2w9Px-u7B3oqWUW5vtjZUqPNJ-nyjiUIorE0ATsib_l5tV8BVN-UJ03RTnU__IHJF_4DgDBtY4LIqXNG-FomrO-7ywes20CBCRM2Hcm7EJSh3UUw1dO-c_uTflUrtgY1i7uBRezj_DpympmEFkfbQY\/s1600\/logo-principal2.jpg\" width=\"100%\" height=\"100\" \/><\/a><!--bestpublic-voz03--><!--desk-in-out-voz03--><br \/>\n<!--publicidad-voz04--><a href=\"https:\/\/www.facebook.com\/profile.php?id=61557370768692&amp;locale=es_ES\"><img decoding=\"async\" class=\"alignnone size-medium\" src=\"https:\/\/blogger.googleusercontent.com\/img\/b\/R29vZ2xl\/AVvXsEgy5RdcfffrnrItnYTcV9bCJjgJwldsQLWssfVfrLbyfXeBNTFKgBf0rMIvhrUaGUhiXzVr9_eQgCbi-j63ZDpfTvLIty9w7s140y-m1yHe7eKmEK7v2NAHUJDVYGdfeiQFeRCqUjdwWmN1MX_AUxxz4IVdJ4WIM0APxit8bjWkXzrnEFGqBvW_1F13H1g\/s1600\/logo-principal5.jpg\" width=\"100%\" height=\"100\" \/><\/a><!--bestpublic-voz04--><!--desk-in-out-voz04--><br \/>\n<!--publicidad-voz05--><a href=\"https:\/\/www.facebook.com\/asociaciontamborileroshellin?locale=es_ES\"><img decoding=\"async\" class=\"alignnone size-medium\" src=\"https:\/\/blogger.googleusercontent.com\/img\/b\/R29vZ2xl\/AVvXsEhHEEpZsKK1VpwiYMrS7aE2ujtqIDZoLd4B5wtbiseSU9s2HdTdQfhF84So2XwEB1fv0BLw95GADm6hUl1bkKtzh-eIgVigXONuu_5RxeIMPhjk8q6uNX4EaEHbooKkbu7pCADWPpVJjhKIH5NQSJpWqedC-YBez4QAQeJYokkLot9bhrIaUAeztsGis6M\/s1600\/logo-principal3.jpg\" width=\"100%\" height=\"100\" \/><\/a><!--bestpublic-voz05--><!--desk-in-out-voz05--><br \/>\n<!--publicidad-voz06--><!--bestpublic-voz06--><!--desk-in-out-voz06--><br \/>\n<!--publicidad-voz07--><!--bestpublic-voz07--><!--desk-in-out-voz07--><br \/>\n<!--publicidad-voz08--><!--bestpublic-voz08--><!--desk-in-out-voz08--><br \/>\n<!--publicidad-voz09--><!--bestpublic-voz09--><!--desk-in-out-voz09--><br \/>\n<!--publicidad-voz10--><!--bestpublic-voz10--><!--desk-in-out-voz10--><br \/>\n<!--publicidad-voz11--><!--bestpublic-voz11--><!--desk-in-out-voz11--><br \/>\n<!--publicidad-voz12--><!--bestpublic-voz12--><!--desk-in-out-voz12--><br \/>\n<!--publicidad-voz13--><!--bestpublic-voz13--><!--desk-in-out-voz13--><br \/>\n<!--publicidad-voz14--><!--bestpublic-voz14--><!--desk-in-out-voz14--><br \/>\n<!--publicidad-voz15--><!--bestpublic-voz15--><!--desk-in-out-voz15--><br \/>\n<!--publicidad-voz16--><!--bestpublic-voz16--><!--desk-in-out-voz16--><\/p>\n","protected":false},"excerpt":{"rendered":"<p>LA GERENCIA DE ATENCI\u00d3N INTEGRADA DE HELL\u00cdN PRESENTA SU PROYECTO \u201cPASEOS QUE CURAN\u201d EN EL CONGRESO NACIONAL DE HOSPITALES.<\/p>\n","protected":false},"author":2,"featured_media":90588,"comment_status":"closed","ping_status":"closed","sticky":false,"template":"","format":"standard","meta":{"footnotes":""},"categories":[719,718,715,716,717],"tags":[],"class_list":["post-101623","post","type-post","status-publish","format-standard","has-post-thumbnail","hentry","category-blog-lv001","category-blogger","category-la-voz-de-hellin","category-la-voz-de-hellin-la-voz-de-hellin","category-noticias"],"_links":{"self":[{"href":"https:\/\/lavozdehellin.com\/noticias\/wp-json\/wp\/v2\/posts\/101623","targetHints":{"allow":["GET"]}}],"collection":[{"href":"https:\/\/lavozdehellin.com\/noticias\/wp-json\/wp\/v2\/posts"}],"about":[{"href":"https:\/\/lavozdehellin.com\/noticias\/wp-json\/wp\/v2\/types\/post"}],"author":[{"embeddable":true,"href":"https:\/\/lavozdehellin.com\/noticias\/wp-json\/wp\/v2\/users\/2"}],"replies":[{"embeddable":true,"href":"https:\/\/lavozdehellin.com\/noticias\/wp-json\/wp\/v2\/comments?post=101623"}],"version-history":[{"count":0,"href":"https:\/\/lavozdehellin.com\/noticias\/wp-json\/wp\/v2\/posts\/101623\/revisions"}],"wp:featuredmedia":[{"embeddable":true,"href":"https:\/\/lavozdehellin.com\/noticias\/wp-json\/wp\/v2\/media\/90588"}],"wp:attachment":[{"href":"https:\/\/lavozdehellin.com\/noticias\/wp-json\/wp\/v2\/media?parent=101623"}],"wp:term":[{"taxonomy":"category","embeddable":true,"href":"https:\/\/lavozdehellin.com\/noticias\/wp-json\/wp\/v2\/categories?post=101623"},{"taxonomy":"post_tag","embeddable":true,"href":"https:\/\/lavozdehellin.com\/noticias\/wp-json\/wp\/v2\/tags?post=101623"}],"curies":[{"name":"wp","href":"https:\/\/api.w.org\/{rel}","templated":true}]}}