{"id":101624,"date":"2019-05-13T10:30:53","date_gmt":"2019-05-13T10:30:53","guid":{"rendered":"https:\/\/lavozdehellin.com\/noticias\/v00-203-la-guardia-civil-rescata-a-tres-participantes-de-la-vii-edicion-del-desafio-calar-del-rio-mundo\/"},"modified":"2024-01-04T14:05:41","modified_gmt":"2024-01-04T14:05:41","slug":"v00-203-la-guardia-civil-rescata-a-tres-participantes-de-la-vii-edicion-del-desafio-calar-del-rio-mundo","status":"publish","type":"post","link":"https:\/\/lavozdehellin.com\/noticias\/v00-203-la-guardia-civil-rescata-a-tres-participantes-de-la-vii-edicion-del-desafio-calar-del-rio-mundo\/","title":{"rendered":"LVH NOTICIAS | LA GUARDIA CIVIL RESCATA A TRES PARTICIPANTES DE LA VII EDICI\u00d3N DEL DESAF\u00cdO CALAR DEL RIO MUNDO."},"content":{"rendered":"<p style=\"text-align: justify;\">La Guardia Civil ha rescatado a tres participantes de la VII edici\u00f3n del Desaf\u00edo Calar del R\u00edo Mundo, una prueba deportiva de monta\u00f1a, celebrada el pasado fin de semana, que transcurri\u00f3 por los t\u00e9rminos municipales de las localidades albacete\u00f1as de F\u00e1bricas de Ri\u00f3par, Molinicos, Bogarra y Villaverde del Guadalimar.<\/p>\n<p><!--more--><br \/>\n<!--publicidad-voz01--><a href=\"https:\/\/www.facebook.com\/SoloRadioHellin\/?locale=es_ES\"><img decoding=\"async\" class=\"alignnone size-medium\" src=\"https:\/\/blogger.googleusercontent.com\/img\/b\/R29vZ2xl\/AVvXsEiNncirNnyGedv00mhjZjh5Wl4_YPdJGanoAl8tL8zH-HwqE8uHqjEfSt340RHdx-9tuCSIkZ8rFamZiGyYlgDGxCsmXjCH_1xk5eYM3ntFZRvJP_jndOKR7w1UAo9Tu0vrZyOLfqRpHIxYI5SymJJ-pfGCQw6QVpggBH-UgfjiFQ2JOxqxG0Jx94kW83c\/s1600\/logo-principal.jpg\" width=\"100%\" height=\"100\" \/><\/a><!--bestpublic-voz01--><!--desk-in-out-voz01--><br \/>\n<!--publicidad-voz02--><a href=\"https:\/\/www.hellincf.com\/\"><img decoding=\"async\" class=\"alignnone size-medium\" src=\"https:\/\/blogger.googleusercontent.com\/img\/b\/R29vZ2xl\/AVvXsEhuZ4-XfBVj3UtdP8-RZugy3WVrg-Zv28c53m4oV47qYCxL1rX_dqWX_YddsGSnpH5SRDqZ7bZeKPIfDVCDncpjVlhy3aQs2vojcJBn7Gdv9hC2_Nzct_pRFrnFE1a7KTCdY1bT_kAgnY3-iadRZrGeJf1fR2P5fu11bokx0pWjaypoy-ctwCjklldpEbA\/s1600\/logo-principal7.jpg\" width=\"100%\" height=\"100\" \/><\/a><!--bestpublic-voz02--><!--desk-in-out-voz02--><\/p>\n<p style=\"text-align: justify;\">Prueba deportiva denominada \u201cVII Desaf\u00edo Calar del R\u00edo Mundo\u201d <\/p>\n<p style=\"text-align: justify;\">Esta tradicional prueba de trail de monta\u00f1a cuenta con etapas de diferentes kilometrajes, desde una m\u00ednima de 20 hasta la prueba reina de 105 kil\u00f3metros pasando por pruebas intermedias de 25, 45 y 65 kil\u00f3metros, que recorr\u00edan abruptos parajes, algunos de ellos con una cota cercana a los 1.800 de altitud.<\/p>\n<p style=\"text-align: justify;\">En la etapa del s\u00e1bado d\u00eda 4 de mayo, de 65 kil\u00f3metros de distancia, se realizaron tres rescates, en diferentes puntos del recorrido, de otros tantos corredores aquejados de diferentes dolencias y lesiones articulares que les imped\u00edan continuar la carrera.<\/p>\n<p style=\"text-align: justify;\">Rescates a m\u00e1s de 1.600 metros de altura<\/p>\n<p style=\"text-align: justify;\">Para llevar a cabo estos dificultosos rescates, algunos de ellos por encima de los 1.600 metros de altura, se cont\u00f3 con el apoyo de un\u00a0 helic\u00f3ptero del Servicio A\u00e9reo del Cuerpo, con base en la localidad murciana de Alcantarilla, as\u00ed como con efectivos de la Secci\u00f3n de Rescate e Intervenci\u00f3n en Monta\u00f1a (SEREIM) de la Guardia Civil de Granada, expertos en este tipo de actuaciones en monta\u00f1a que se hab\u00edan desplazado hasta la provincia albacetense para prestar apoyo en la prueba deportiva.<\/p>\n<p style=\"text-align: justify;\">Los deportistas fueron trasladados en helic\u00f3ptero, desde los puntos del recorrido en que hab\u00edan ca\u00eddo lesionados, hasta un campo base donde permanec\u00edan a la espera los servicios sanitarios, quienes se hicieron cargo de los heridos, prestando las primeras atenciones m\u00e9dicas en ese mismo lugar, derivando a los m\u00e1s graves hasta el Hospital General Universitario de Albacete.<\/p>\n<p><!--publicidad-voz03--><a href=\"https:\/\/www.facebook.com\/profile.php?id=100063593791305&amp;locale=es_ES\"><img decoding=\"async\" class=\"alignnone size-medium\" src=\"https:\/\/blogger.googleusercontent.com\/img\/b\/R29vZ2xl\/AVvXsEi8_n_ll8UOcGxCqzFvb_9Io4ICczlGC990BPtPj2w9Px-u7B3oqWUW5vtjZUqPNJ-nyjiUIorE0ATsib_l5tV8BVN-UJ03RTnU__IHJF_4DgDBtY4LIqXNG-FomrO-7ywes20CBCRM2Hcm7EJSh3UUw1dO-c_uTflUrtgY1i7uBRezj_DpympmEFkfbQY\/s1600\/logo-principal2.jpg\" width=\"100%\" height=\"100\" \/><\/a><!--bestpublic-voz03--><!--desk-in-out-voz03--><br \/>\n<!--publicidad-voz04--><a href=\"https:\/\/www.facebook.com\/profile.php?id=61557370768692&amp;locale=es_ES\"><img decoding=\"async\" class=\"alignnone size-medium\" src=\"https:\/\/blogger.googleusercontent.com\/img\/b\/R29vZ2xl\/AVvXsEgy5RdcfffrnrItnYTcV9bCJjgJwldsQLWssfVfrLbyfXeBNTFKgBf0rMIvhrUaGUhiXzVr9_eQgCbi-j63ZDpfTvLIty9w7s140y-m1yHe7eKmEK7v2NAHUJDVYGdfeiQFeRCqUjdwWmN1MX_AUxxz4IVdJ4WIM0APxit8bjWkXzrnEFGqBvW_1F13H1g\/s1600\/logo-principal5.jpg\" width=\"100%\" height=\"100\" \/><\/a><!--bestpublic-voz04--><!--desk-in-out-voz04--><br \/>\n<!--publicidad-voz05--><a href=\"https:\/\/www.facebook.com\/asociaciontamborileroshellin?locale=es_ES\"><img decoding=\"async\" class=\"alignnone size-medium\" src=\"https:\/\/blogger.googleusercontent.com\/img\/b\/R29vZ2xl\/AVvXsEhHEEpZsKK1VpwiYMrS7aE2ujtqIDZoLd4B5wtbiseSU9s2HdTdQfhF84So2XwEB1fv0BLw95GADm6hUl1bkKtzh-eIgVigXONuu_5RxeIMPhjk8q6uNX4EaEHbooKkbu7pCADWPpVJjhKIH5NQSJpWqedC-YBez4QAQeJYokkLot9bhrIaUAeztsGis6M\/s1600\/logo-principal3.jpg\" width=\"100%\" height=\"100\" \/><\/a><!--bestpublic-voz05--><!--desk-in-out-voz05--><br \/>\n<!--publicidad-voz06--><!--bestpublic-voz06--><!--desk-in-out-voz06--><br \/>\n<!--publicidad-voz07--><!--bestpublic-voz07--><!--desk-in-out-voz07--><br \/>\n<!--publicidad-voz08--><!--bestpublic-voz08--><!--desk-in-out-voz08--><br \/>\n<!--publicidad-voz09--><!--bestpublic-voz09--><!--desk-in-out-voz09--><br \/>\n<!--publicidad-voz10--><!--bestpublic-voz10--><!--desk-in-out-voz10--><br \/>\n<!--publicidad-voz11--><!--bestpublic-voz11--><!--desk-in-out-voz11--><br \/>\n<!--publicidad-voz12--><!--bestpublic-voz12--><!--desk-in-out-voz12--><br \/>\n<!--publicidad-voz13--><!--bestpublic-voz13--><!--desk-in-out-voz13--><br \/>\n<!--publicidad-voz14--><!--bestpublic-voz14--><!--desk-in-out-voz14--><br \/>\n<!--publicidad-voz15--><!--bestpublic-voz15--><!--desk-in-out-voz15--><br \/>\n<!--publicidad-voz16--><!--bestpublic-voz16--><!--desk-in-out-voz16--><\/p>\n","protected":false},"excerpt":{"rendered":"<p>LA GUARDIA CIVIL RESCATA A TRES PARTICIPANTES DE LA VII EDICI\u00d3N DEL DESAF\u00cdO CALAR DEL RIO MUNDO.<\/p>\n","protected":false},"author":2,"featured_media":90587,"comment_status":"closed","ping_status":"closed","sticky":false,"template":"","format":"standard","meta":{"footnotes":""},"categories":[719,718,715,716,717],"tags":[],"class_list":["post-101624","post","type-post","status-publish","format-standard","has-post-thumbnail","hentry","category-blog-lv001","category-blogger","category-la-voz-de-hellin","category-la-voz-de-hellin-la-voz-de-hellin","category-noticias"],"_links":{"self":[{"href":"https:\/\/lavozdehellin.com\/noticias\/wp-json\/wp\/v2\/posts\/101624","targetHints":{"allow":["GET"]}}],"collection":[{"href":"https:\/\/lavozdehellin.com\/noticias\/wp-json\/wp\/v2\/posts"}],"about":[{"href":"https:\/\/lavozdehellin.com\/noticias\/wp-json\/wp\/v2\/types\/post"}],"author":[{"embeddable":true,"href":"https:\/\/lavozdehellin.com\/noticias\/wp-json\/wp\/v2\/users\/2"}],"replies":[{"embeddable":true,"href":"https:\/\/lavozdehellin.com\/noticias\/wp-json\/wp\/v2\/comments?post=101624"}],"version-history":[{"count":0,"href":"https:\/\/lavozdehellin.com\/noticias\/wp-json\/wp\/v2\/posts\/101624\/revisions"}],"wp:featuredmedia":[{"embeddable":true,"href":"https:\/\/lavozdehellin.com\/noticias\/wp-json\/wp\/v2\/media\/90587"}],"wp:attachment":[{"href":"https:\/\/lavozdehellin.com\/noticias\/wp-json\/wp\/v2\/media?parent=101624"}],"wp:term":[{"taxonomy":"category","embeddable":true,"href":"https:\/\/lavozdehellin.com\/noticias\/wp-json\/wp\/v2\/categories?post=101624"},{"taxonomy":"post_tag","embeddable":true,"href":"https:\/\/lavozdehellin.com\/noticias\/wp-json\/wp\/v2\/tags?post=101624"}],"curies":[{"name":"wp","href":"https:\/\/api.w.org\/{rel}","templated":true}]}}