{"id":101634,"date":"2019-05-09T11:05:24","date_gmt":"2019-05-09T11:05:24","guid":{"rendered":"https:\/\/lavozdehellin.com\/noticias\/v00-213-la-candidata-a-la-alcaldia-por-la-agrupacion-electores-hellin-se-compromete-a-crear-un-equipo-interdisciplinar-en-el-ayuntamiento-para-atraer-inversores-y-poblacion\/"},"modified":"2024-01-04T14:05:42","modified_gmt":"2024-01-04T14:05:42","slug":"v00-213-la-candidata-a-la-alcaldia-por-la-agrupacion-electores-hellin-se-compromete-a-crear-un-equipo-interdisciplinar-en-el-ayuntamiento-para-atraer-inversores-y-poblacion","status":"publish","type":"post","link":"https:\/\/lavozdehellin.com\/noticias\/v00-213-la-candidata-a-la-alcaldia-por-la-agrupacion-electores-hellin-se-compromete-a-crear-un-equipo-interdisciplinar-en-el-ayuntamiento-para-atraer-inversores-y-poblacion\/","title":{"rendered":"LVH NOTICIAS | LA CANDIDATA A LA ALCALD\u00cdA POR LA AGRUPACI\u00d3N ELECTORES HELL\u00cdN SE COMPROMETE A CREAR UN EQUIPO INTERDISCIPLINAR EN EL AYUNTAMIENTO PARA ATRAER INVERSORES Y POBLACI\u00d3N."},"content":{"rendered":"<p style=\"text-align: justify;\">Mar\u00eda Jes\u00fas L\u00f3pez candidata a la alcald\u00eda por la Agrupaci\u00f3n Electores Hell\u00edn asegura \u201cNuestro objetivo es conseguir que Hell\u00edn llegue a los 50.000 habitantes en diez a\u00f1os\u201d<\/p>\n<p><!--more--><br \/>\n<!--publicidad-voz01--><a href=\"https:\/\/www.facebook.com\/SoloRadioHellin\/?locale=es_ES\"><img decoding=\"async\" class=\"alignnone size-medium\" src=\"https:\/\/blogger.googleusercontent.com\/img\/b\/R29vZ2xl\/AVvXsEiNncirNnyGedv00mhjZjh5Wl4_YPdJGanoAl8tL8zH-HwqE8uHqjEfSt340RHdx-9tuCSIkZ8rFamZiGyYlgDGxCsmXjCH_1xk5eYM3ntFZRvJP_jndOKR7w1UAo9Tu0vrZyOLfqRpHIxYI5SymJJ-pfGCQw6QVpggBH-UgfjiFQ2JOxqxG0Jx94kW83c\/s1600\/logo-principal.jpg\" width=\"100%\" height=\"100\" \/><\/a><!--bestpublic-voz01--><!--desk-in-out-voz01--><br \/>\n<!--publicidad-voz02--><a href=\"https:\/\/www.hellincf.com\/\"><img decoding=\"async\" class=\"alignnone size-medium\" src=\"https:\/\/blogger.googleusercontent.com\/img\/b\/R29vZ2xl\/AVvXsEhuZ4-XfBVj3UtdP8-RZugy3WVrg-Zv28c53m4oV47qYCxL1rX_dqWX_YddsGSnpH5SRDqZ7bZeKPIfDVCDncpjVlhy3aQs2vojcJBn7Gdv9hC2_Nzct_pRFrnFE1a7KTCdY1bT_kAgnY3-iadRZrGeJf1fR2P5fu11bokx0pWjaypoy-ctwCjklldpEbA\/s1600\/logo-principal7.jpg\" width=\"100%\" height=\"100\" \/><\/a><!--bestpublic-voz02--><!--desk-in-out-voz02--><\/p>\n<p style=\"text-align: justify;\"><em>La candidata a la alcald\u00eda por la Agrupaci\u00f3n Electores Hell\u00edn se compromete a crear un equipo interdisciplinar en el Ayuntamiento para atraer inversores y poblaci\u00f3n<\/em><\/p>\n<p style=\"text-align: justify;\">\u00a0La Agrupaci\u00f3n Electores Hell\u00edn ya tiene pr\u00e1cticamente finalizado su proyecto electoral para la ciudad, una actualizaci\u00f3n del que ya present\u00f3 hace cuatro a\u00f1os por medio de la concejala y candidata a la alcald\u00eda Mar\u00eda Jes\u00fas L\u00f3pez y que tiene como base conseguir 50.000 habitantes para Hell\u00edn en diez a\u00f1os.<\/p>\n<p style=\"text-align: justify;\">\u201cNo podemos permitir que Hell\u00edn siga estancado como lleva ocurriendo en los \u00faltimos a\u00f1os, provocado por los partidos tradicionales, que solo buscan su propio provecho y beneficio personal\u201d, ha declarado la concejala ante los medios de comunicaci\u00f3n en los soportales del mercadillo, donde se ha instalado una mesa informativa.<\/p>\n<p style=\"text-align: justify;\">Mar\u00eda Jes\u00fas L\u00f3pez ha recordado que \u201chemos sufrido ataques y descalificaciones del tripartito durante toda la legislatura, que no han aceptado que intentemos desmontar su forma de hacer pol\u00edtica, que es la que ha provocado que Hell\u00edn no pueda prosperar\u201d.<\/p>\n<p style=\"text-align: justify;\">\u201cY por eso hoy hemos lanzado nuestro v\u00eddeo de precampa\u00f1a y hemos sido muy claros: seguiremos trabajando como hasta ahora. Hacer, hacer y hacer, con la H de Hell\u00edn. Y somos tajantes: si en cuatro a\u00f1os no cumplimos, nos vamos\u201d, ha asegurado Mar\u00eda Jes\u00fas L\u00f3pez.<\/p>\n<p style=\"text-align: justify;\">En el v\u00eddeo que ya se puede ver en las redes, la Agrupaci\u00f3n Electores Hell\u00edn recuerda las dificultades que le ha puesto para trabajar el tripartido de PSOE, PP e IU, a lo que se ha sumado la imposici\u00f3n de Ciudadanos desde Albacete. En contraposici\u00f3n, han nombrado las m\u00e1s de 25 propuestas y mociones presentadas, decenas de ruegos y preguntas y las intervenciones en comisiones de Mar\u00eda Jes\u00fas L\u00f3pez para pedir transparencia y destapar datos que no conoce la ciudadan\u00eda.<\/p>\n<p style=\"text-align: justify;\">\u201cEso es lo que queremos, y por eso vamos a luchar la alcald\u00eda, por crear un proyecto integral para Hell\u00edn, de progreso basado en el trabajo, donde no se tenga que ir nadie y s\u00ed quiera venir gente a vivir e invertir en nuestra ciudad\u201d, ha finalizado la candidata a la alcald\u00eda por la Agrupaci\u00f3n Electores Hell\u00edn.<\/p>\n<p><!--publicidad-voz03--><a href=\"https:\/\/www.facebook.com\/profile.php?id=100063593791305&amp;locale=es_ES\"><img decoding=\"async\" class=\"alignnone size-medium\" src=\"https:\/\/blogger.googleusercontent.com\/img\/b\/R29vZ2xl\/AVvXsEi8_n_ll8UOcGxCqzFvb_9Io4ICczlGC990BPtPj2w9Px-u7B3oqWUW5vtjZUqPNJ-nyjiUIorE0ATsib_l5tV8BVN-UJ03RTnU__IHJF_4DgDBtY4LIqXNG-FomrO-7ywes20CBCRM2Hcm7EJSh3UUw1dO-c_uTflUrtgY1i7uBRezj_DpympmEFkfbQY\/s1600\/logo-principal2.jpg\" width=\"100%\" height=\"100\" \/><\/a><!--bestpublic-voz03--><!--desk-in-out-voz03--><br \/>\n<!--publicidad-voz04--><a href=\"https:\/\/www.facebook.com\/profile.php?id=61557370768692&amp;locale=es_ES\"><img decoding=\"async\" class=\"alignnone size-medium\" src=\"https:\/\/blogger.googleusercontent.com\/img\/b\/R29vZ2xl\/AVvXsEgy5RdcfffrnrItnYTcV9bCJjgJwldsQLWssfVfrLbyfXeBNTFKgBf0rMIvhrUaGUhiXzVr9_eQgCbi-j63ZDpfTvLIty9w7s140y-m1yHe7eKmEK7v2NAHUJDVYGdfeiQFeRCqUjdwWmN1MX_AUxxz4IVdJ4WIM0APxit8bjWkXzrnEFGqBvW_1F13H1g\/s1600\/logo-principal5.jpg\" width=\"100%\" height=\"100\" \/><\/a><!--bestpublic-voz04--><!--desk-in-out-voz04--><br \/>\n<!--publicidad-voz05--><a href=\"https:\/\/www.facebook.com\/asociaciontamborileroshellin?locale=es_ES\"><img decoding=\"async\" class=\"alignnone size-medium\" src=\"https:\/\/blogger.googleusercontent.com\/img\/b\/R29vZ2xl\/AVvXsEhHEEpZsKK1VpwiYMrS7aE2ujtqIDZoLd4B5wtbiseSU9s2HdTdQfhF84So2XwEB1fv0BLw95GADm6hUl1bkKtzh-eIgVigXONuu_5RxeIMPhjk8q6uNX4EaEHbooKkbu7pCADWPpVJjhKIH5NQSJpWqedC-YBez4QAQeJYokkLot9bhrIaUAeztsGis6M\/s1600\/logo-principal3.jpg\" width=\"100%\" height=\"100\" \/><\/a><!--bestpublic-voz05--><!--desk-in-out-voz05--><br \/>\n<!--publicidad-voz06--><!--bestpublic-voz06--><!--desk-in-out-voz06--><br \/>\n<!--publicidad-voz07--><!--bestpublic-voz07--><!--desk-in-out-voz07--><br \/>\n<!--publicidad-voz08--><!--bestpublic-voz08--><!--desk-in-out-voz08--><br \/>\n<!--publicidad-voz09--><!--bestpublic-voz09--><!--desk-in-out-voz09--><br \/>\n<!--publicidad-voz10--><!--bestpublic-voz10--><!--desk-in-out-voz10--><br \/>\n<!--publicidad-voz11--><!--bestpublic-voz11--><!--desk-in-out-voz11--><br \/>\n<!--publicidad-voz12--><!--bestpublic-voz12--><!--desk-in-out-voz12--><br \/>\n<!--publicidad-voz13--><!--bestpublic-voz13--><!--desk-in-out-voz13--><br \/>\n<!--publicidad-voz14--><!--bestpublic-voz14--><!--desk-in-out-voz14--><br \/>\n<!--publicidad-voz15--><!--bestpublic-voz15--><!--desk-in-out-voz15--><br \/>\n<!--publicidad-voz16--><!--bestpublic-voz16--><!--desk-in-out-voz16--><\/p>\n","protected":false},"excerpt":{"rendered":"<p>LA CANDIDATA A LA ALCALD\u00cdA POR LA AGRUPACI\u00d3N ELECTORES HELL\u00cdN SE COMPROMETE A CREAR UN EQUIPO INTERDISCIPLINAR EN EL AYUNTAMIENTO PARA ATRAER INVERSORES Y POBLACI\u00d3N.<\/p>\n","protected":false},"author":2,"featured_media":90580,"comment_status":"closed","ping_status":"closed","sticky":false,"template":"","format":"standard","meta":{"footnotes":""},"categories":[719,718,715,716,717],"tags":[],"class_list":["post-101634","post","type-post","status-publish","format-standard","has-post-thumbnail","hentry","category-blog-lv001","category-blogger","category-la-voz-de-hellin","category-la-voz-de-hellin-la-voz-de-hellin","category-noticias"],"_links":{"self":[{"href":"https:\/\/lavozdehellin.com\/noticias\/wp-json\/wp\/v2\/posts\/101634","targetHints":{"allow":["GET"]}}],"collection":[{"href":"https:\/\/lavozdehellin.com\/noticias\/wp-json\/wp\/v2\/posts"}],"about":[{"href":"https:\/\/lavozdehellin.com\/noticias\/wp-json\/wp\/v2\/types\/post"}],"author":[{"embeddable":true,"href":"https:\/\/lavozdehellin.com\/noticias\/wp-json\/wp\/v2\/users\/2"}],"replies":[{"embeddable":true,"href":"https:\/\/lavozdehellin.com\/noticias\/wp-json\/wp\/v2\/comments?post=101634"}],"version-history":[{"count":0,"href":"https:\/\/lavozdehellin.com\/noticias\/wp-json\/wp\/v2\/posts\/101634\/revisions"}],"wp:featuredmedia":[{"embeddable":true,"href":"https:\/\/lavozdehellin.com\/noticias\/wp-json\/wp\/v2\/media\/90580"}],"wp:attachment":[{"href":"https:\/\/lavozdehellin.com\/noticias\/wp-json\/wp\/v2\/media?parent=101634"}],"wp:term":[{"taxonomy":"category","embeddable":true,"href":"https:\/\/lavozdehellin.com\/noticias\/wp-json\/wp\/v2\/categories?post=101634"},{"taxonomy":"post_tag","embeddable":true,"href":"https:\/\/lavozdehellin.com\/noticias\/wp-json\/wp\/v2\/tags?post=101634"}],"curies":[{"name":"wp","href":"https:\/\/api.w.org\/{rel}","templated":true}]}}