{"id":101637,"date":"2019-05-08T11:22:09","date_gmt":"2019-05-08T11:22:09","guid":{"rendered":"https:\/\/lavozdehellin.com\/noticias\/v00-216-la-policia-local-de-hellin-localiza-a-una-persona-por-el-presunto-robo-en-la-capilla-del-parque-muncipal\/"},"modified":"2024-01-04T14:05:43","modified_gmt":"2024-01-04T14:05:43","slug":"v00-216-la-policia-local-de-hellin-localiza-a-una-persona-por-el-presunto-robo-en-la-capilla-del-parque-muncipal","status":"publish","type":"post","link":"https:\/\/lavozdehellin.com\/noticias\/v00-216-la-policia-local-de-hellin-localiza-a-una-persona-por-el-presunto-robo-en-la-capilla-del-parque-muncipal\/","title":{"rendered":"LVH NOTICIAS | LA POLICIA LOCAL DE HELL\u00cdN LOCALIZA A UNA PERSONA POR EL PRESUNTO ROBO EN LA CAPILLA DEL PARQUE MUNCIPAL."},"content":{"rendered":"<p style=\"text-align: justify;\">La Policia Local de Hell\u00edn localiza a una persona por el presunto robo en la Capilla del Parque muncipal.<\/p>\n<p><!--more--><br \/>\n<!--publicidad-voz01--><a href=\"https:\/\/www.facebook.com\/SoloRadioHellin\/?locale=es_ES\"><img decoding=\"async\" class=\"alignnone size-medium\" src=\"https:\/\/blogger.googleusercontent.com\/img\/b\/R29vZ2xl\/AVvXsEiNncirNnyGedv00mhjZjh5Wl4_YPdJGanoAl8tL8zH-HwqE8uHqjEfSt340RHdx-9tuCSIkZ8rFamZiGyYlgDGxCsmXjCH_1xk5eYM3ntFZRvJP_jndOKR7w1UAo9Tu0vrZyOLfqRpHIxYI5SymJJ-pfGCQw6QVpggBH-UgfjiFQ2JOxqxG0Jx94kW83c\/s1600\/logo-principal.jpg\" width=\"100%\" height=\"100\" \/><\/a><!--bestpublic-voz01--><!--desk-in-out-voz01--><br \/>\n<!--publicidad-voz02--><a href=\"https:\/\/www.hellincf.com\/\"><img decoding=\"async\" class=\"alignnone size-medium\" src=\"https:\/\/blogger.googleusercontent.com\/img\/b\/R29vZ2xl\/AVvXsEhuZ4-XfBVj3UtdP8-RZugy3WVrg-Zv28c53m4oV47qYCxL1rX_dqWX_YddsGSnpH5SRDqZ7bZeKPIfDVCDncpjVlhy3aQs2vojcJBn7Gdv9hC2_Nzct_pRFrnFE1a7KTCdY1bT_kAgnY3-iadRZrGeJf1fR2P5fu11bokx0pWjaypoy-ctwCjklldpEbA\/s1600\/logo-principal7.jpg\" width=\"100%\" height=\"100\" \/><\/a><!--bestpublic-voz02--><!--desk-in-out-voz02--><\/p>\n<p style=\"text-align: justify;\">El siguiente es el parte de incidencias proporcionado por el departamento de comunicaci\u00f3n de la polic\u00eda local de Hell\u00edn, ocurridas en la semana del 29 al 5 de mayo<\/p>\n<p style=\"text-align: justify;\">LUNES MA\u00d1ANA<\/p>\n<p style=\"text-align: justify;\">Se localiza una persona que ha entrado a robar en la capilla del parque, este se pone agresivo para ser identificado, se traslada a comisar\u00eda para realiza la correspondiente denuncia.<\/p>\n<p style=\"text-align: justify;\">LUNES TARDE<\/p>\n<p style=\"text-align: justify;\">Se controla un veh\u00edculo circulado por la v\u00eda publica, se le hace la prueba de alcoholemia dando positivo, se le realiza denuncia administrativa y el veh\u00edculo se lo lleva un compa\u00f1ero suyo ya que este va perfectamente.<\/p>\n<p style=\"text-align: justify;\">Se realiza vigilancia por diferentes calles de nuestra ciudad, para controlar aquellos ciudadanos que no recogen los excrementos de sus animales de compa\u00f1\u00eda.<\/p>\n<p style=\"text-align: justify;\">MARTES MA\u00d1ANA<\/p>\n<p style=\"text-align: justify;\">Se produce un accidente en la plaza de la Guardia Civil, solo con da\u00f1os materiales en los veh\u00edculos, los conductores son atendidos por los Agentes de la Polic\u00eda Local.<\/p>\n<p style=\"text-align: justify;\">MARTES NOCHE<\/p>\n<p style=\"text-align: justify;\">Se inspecciona una pe\u00f1a en la calle Camino, se le levanta acta a esta pe\u00f1a y se realiza denuncia por molestias.<\/p>\n<p style=\"text-align: justify;\">MI\u00c9RCOLES MA\u00d1ANA<\/p>\n<p style=\"text-align: justify;\">Se desplaza una patrulla urgentemente por aviso de una pulsera de violencia de genero, al llegar al lugar fue una falsa alarma, seg\u00fan nos indica la se\u00f1ora la pulso sin darse cuenta.<\/p>\n<p style=\"text-align: justify;\">Se atiende una llamada indic\u00e1ndonos que tres menores con sprays han pintado tres veh\u00edculos\u00a0 en la calle Virgen del Pino, los Agentes localizan a los menores y los trasladan a la Inspecci\u00f3n, para minutos mas tarde hacerse cargo los padres de estos, los cuales nos comunican ocuparse de los da\u00f1os causados a estos veh\u00edculos.<\/p>\n<p style=\"text-align: justify;\">JUEVES TARDE<\/p>\n<p style=\"text-align: justify;\">Se nos comunica que hay un enjambre de abejas en una ventana en la c\/ Rafael Lencina Morales 12, se persona la patrulla y se asegura la zona se da aviso a los bomberos y un colmenero retira el enjambre.<\/p>\n<p style=\"text-align: justify;\">JUEVES NOCHE<\/p>\n<p style=\"text-align: justify;\">Se localiza un veh\u00edculo en la calle carretera de Lietor el cual circula sin seguro obligatorio y la ITV caducada, se inmoviliza este veh\u00edculo y es denunciado.<\/p>\n<p style=\"text-align: justify;\">VIERNES TARDE<\/p>\n<p style=\"text-align: justify;\">Se atiende llamada por molestias causada por una pe\u00f1a de la calle General Casola, la patrulla inspecciona esta pe\u00f1a, careciendo de documentaci\u00f3n y levantando acta.<\/p>\n<p style=\"text-align: justify;\">VIERNES NOCHE<\/p>\n<p style=\"text-align: justify;\">Se localiza un veh\u00edculo en la calle Avd. de la Constituci\u00f3n, el cual carece de seguro obligatorio, se inmoviliza este veh\u00edculo.<\/p>\n<p style=\"text-align: justify;\">SABADO TARDE<\/p>\n<p style=\"text-align: justify;\">Con motivos de las fiestas patronales de la pedania de la Horca, se desplaza la patrulla para atender los eventos organizados, durante todo el fin de semana.<\/p>\n<p style=\"text-align: justify;\">Se intercepta el conductor de un veh\u00edculo conduciendo bebido, por la calle Obispo Luis Amigo, se le hace la prueba de alcoholemia, con resultado positivo, se levanta atestado por CIBA.<\/p>\n<p style=\"text-align: justify;\">DOMINGO NOCHE<\/p>\n<p style=\"text-align: justify;\">Se localiza un veh\u00edculo en la C\/ Escultor Fern\u00e1ndez Andes n\u00ba 2. careciendo de seguro obligatorio, el cual es inmovilizado.<\/p>\n<p style=\"text-align: justify;\">INFORMACION A LOS CIUDADANOS<\/p>\n<p style=\"text-align: justify;\">Destacar el buen comportamiento de los ciudadanos ya que a pesar de tantos eventos destacados este fin de semana, no se han producido novedades rese\u00f1ables.<\/p>\n<p style=\"text-align: justify;\">Desde el Departamento de comunicaci\u00f3n de la POLICIA LOCAL, indicar que estamos a disposici\u00f3n de todos los ciudadanos, a cualquier hora, durante las 24 horas de cada d\u00eda, para cualquier servicio que nos demanden\u00a0 as\u00ed como sugerencia de anomal\u00edas en nuestra ciudad o p\u00e9danias, nos encontramos en la C\/ Fortunato arias, 4 y en el tel\u00e9fono, 967300000.<\/p>\n<p><!--publicidad-voz03--><a href=\"https:\/\/www.facebook.com\/profile.php?id=100063593791305&amp;locale=es_ES\"><img decoding=\"async\" class=\"alignnone size-medium\" src=\"https:\/\/blogger.googleusercontent.com\/img\/b\/R29vZ2xl\/AVvXsEi8_n_ll8UOcGxCqzFvb_9Io4ICczlGC990BPtPj2w9Px-u7B3oqWUW5vtjZUqPNJ-nyjiUIorE0ATsib_l5tV8BVN-UJ03RTnU__IHJF_4DgDBtY4LIqXNG-FomrO-7ywes20CBCRM2Hcm7EJSh3UUw1dO-c_uTflUrtgY1i7uBRezj_DpympmEFkfbQY\/s1600\/logo-principal2.jpg\" width=\"100%\" height=\"100\" \/><\/a><!--bestpublic-voz03--><!--desk-in-out-voz03--><br \/>\n<!--publicidad-voz04--><a href=\"https:\/\/www.facebook.com\/profile.php?id=61557370768692&amp;locale=es_ES\"><img decoding=\"async\" class=\"alignnone size-medium\" src=\"https:\/\/blogger.googleusercontent.com\/img\/b\/R29vZ2xl\/AVvXsEgy5RdcfffrnrItnYTcV9bCJjgJwldsQLWssfVfrLbyfXeBNTFKgBf0rMIvhrUaGUhiXzVr9_eQgCbi-j63ZDpfTvLIty9w7s140y-m1yHe7eKmEK7v2NAHUJDVYGdfeiQFeRCqUjdwWmN1MX_AUxxz4IVdJ4WIM0APxit8bjWkXzrnEFGqBvW_1F13H1g\/s1600\/logo-principal5.jpg\" width=\"100%\" height=\"100\" \/><\/a><!--bestpublic-voz04--><!--desk-in-out-voz04--><br \/>\n<!--publicidad-voz05--><a href=\"https:\/\/www.facebook.com\/asociaciontamborileroshellin?locale=es_ES\"><img decoding=\"async\" class=\"alignnone size-medium\" src=\"https:\/\/blogger.googleusercontent.com\/img\/b\/R29vZ2xl\/AVvXsEhHEEpZsKK1VpwiYMrS7aE2ujtqIDZoLd4B5wtbiseSU9s2HdTdQfhF84So2XwEB1fv0BLw95GADm6hUl1bkKtzh-eIgVigXONuu_5RxeIMPhjk8q6uNX4EaEHbooKkbu7pCADWPpVJjhKIH5NQSJpWqedC-YBez4QAQeJYokkLot9bhrIaUAeztsGis6M\/s1600\/logo-principal3.jpg\" width=\"100%\" height=\"100\" \/><\/a><!--bestpublic-voz05--><!--desk-in-out-voz05--><br \/>\n<!--publicidad-voz06--><!--bestpublic-voz06--><!--desk-in-out-voz06--><br \/>\n<!--publicidad-voz07--><!--bestpublic-voz07--><!--desk-in-out-voz07--><br \/>\n<!--publicidad-voz08--><!--bestpublic-voz08--><!--desk-in-out-voz08--><br \/>\n<!--publicidad-voz09--><!--bestpublic-voz09--><!--desk-in-out-voz09--><br \/>\n<!--publicidad-voz10--><!--bestpublic-voz10--><!--desk-in-out-voz10--><br \/>\n<!--publicidad-voz11--><!--bestpublic-voz11--><!--desk-in-out-voz11--><br \/>\n<!--publicidad-voz12--><!--bestpublic-voz12--><!--desk-in-out-voz12--><br \/>\n<!--publicidad-voz13--><!--bestpublic-voz13--><!--desk-in-out-voz13--><br \/>\n<!--publicidad-voz14--><!--bestpublic-voz14--><!--desk-in-out-voz14--><br \/>\n<!--publicidad-voz15--><!--bestpublic-voz15--><!--desk-in-out-voz15--><br \/>\n<!--publicidad-voz16--><!--bestpublic-voz16--><!--desk-in-out-voz16--><\/p>\n","protected":false},"excerpt":{"rendered":"<p>LA POLICIA LOCAL DE HELL\u00cdN LOCALIZA A UNA PERSONA POR EL PRESUNTO ROBO EN LA CAPILLA DEL PARQUE MUNCIPAL.<\/p>\n","protected":false},"author":2,"featured_media":90582,"comment_status":"closed","ping_status":"closed","sticky":false,"template":"","format":"standard","meta":{"footnotes":""},"categories":[719,718,715,716,717],"tags":[],"class_list":["post-101637","post","type-post","status-publish","format-standard","has-post-thumbnail","hentry","category-blog-lv001","category-blogger","category-la-voz-de-hellin","category-la-voz-de-hellin-la-voz-de-hellin","category-noticias"],"_links":{"self":[{"href":"https:\/\/lavozdehellin.com\/noticias\/wp-json\/wp\/v2\/posts\/101637","targetHints":{"allow":["GET"]}}],"collection":[{"href":"https:\/\/lavozdehellin.com\/noticias\/wp-json\/wp\/v2\/posts"}],"about":[{"href":"https:\/\/lavozdehellin.com\/noticias\/wp-json\/wp\/v2\/types\/post"}],"author":[{"embeddable":true,"href":"https:\/\/lavozdehellin.com\/noticias\/wp-json\/wp\/v2\/users\/2"}],"replies":[{"embeddable":true,"href":"https:\/\/lavozdehellin.com\/noticias\/wp-json\/wp\/v2\/comments?post=101637"}],"version-history":[{"count":0,"href":"https:\/\/lavozdehellin.com\/noticias\/wp-json\/wp\/v2\/posts\/101637\/revisions"}],"wp:featuredmedia":[{"embeddable":true,"href":"https:\/\/lavozdehellin.com\/noticias\/wp-json\/wp\/v2\/media\/90582"}],"wp:attachment":[{"href":"https:\/\/lavozdehellin.com\/noticias\/wp-json\/wp\/v2\/media?parent=101637"}],"wp:term":[{"taxonomy":"category","embeddable":true,"href":"https:\/\/lavozdehellin.com\/noticias\/wp-json\/wp\/v2\/categories?post=101637"},{"taxonomy":"post_tag","embeddable":true,"href":"https:\/\/lavozdehellin.com\/noticias\/wp-json\/wp\/v2\/tags?post=101637"}],"curies":[{"name":"wp","href":"https:\/\/api.w.org\/{rel}","templated":true}]}}