{"id":102424,"date":"2020-03-27T12:19:58","date_gmt":"2020-03-27T12:19:58","guid":{"rendered":"https:\/\/lavozdehellin.com\/noticias\/v01-003-el-gobierno-se-olvida-de-las-familias-numerosas-en-la-crisis-del-coronavirus\/"},"modified":"2024-01-04T14:03:53","modified_gmt":"2024-01-04T14:03:53","slug":"v01-003-el-gobierno-se-olvida-de-las-familias-numerosas-en-la-crisis-del-coronavirus","status":"publish","type":"post","link":"https:\/\/lavozdehellin.com\/noticias\/v01-003-el-gobierno-se-olvida-de-las-familias-numerosas-en-la-crisis-del-coronavirus\/","title":{"rendered":"LVH NOTICIAS | EL GOBIERNO SE OLVIDA DE LAS FAMILIAS NUMEROSAS EN LA CRISIS DEL CORONAVIRUS"},"content":{"rendered":"<p style=\"text-align: justify;\">ACAMAFAN se une a la Federaci\u00f3n Espa\u00f1ola de Familias Numerosas ante su preocupaci\u00f3n por la situaci\u00f3n que atraviesan muchas familias numerosas y las escasas posibilidades que tienen para acogerse a alguna de las ayudas aprobadas hasta este momento como consecuencia de la crisis del coronavirus,<\/p>\n<p><!--more--><br \/>\n<!--publicidad-voz01--><a href=\"https:\/\/www.facebook.com\/SoloRadioHellin\/?locale=es_ES\"><img decoding=\"async\" class=\"alignnone size-medium\" src=\"https:\/\/blogger.googleusercontent.com\/img\/b\/R29vZ2xl\/AVvXsEiNncirNnyGedv00mhjZjh5Wl4_YPdJGanoAl8tL8zH-HwqE8uHqjEfSt340RHdx-9tuCSIkZ8rFamZiGyYlgDGxCsmXjCH_1xk5eYM3ntFZRvJP_jndOKR7w1UAo9Tu0vrZyOLfqRpHIxYI5SymJJ-pfGCQw6QVpggBH-UgfjiFQ2JOxqxG0Jx94kW83c\/s1600\/logo-principal.jpg\" width=\"100%\" height=\"100\" \/><\/a><!--bestpublic-voz01--><!--desk-in-out-voz01--><br \/>\n<!--publicidad-voz02--><a href=\"https:\/\/www.hellincf.com\/\"><img decoding=\"async\" class=\"alignnone size-medium\" src=\"https:\/\/blogger.googleusercontent.com\/img\/b\/R29vZ2xl\/AVvXsEhuZ4-XfBVj3UtdP8-RZugy3WVrg-Zv28c53m4oV47qYCxL1rX_dqWX_YddsGSnpH5SRDqZ7bZeKPIfDVCDncpjVlhy3aQs2vojcJBn7Gdv9hC2_Nzct_pRFrnFE1a7KTCdY1bT_kAgnY3-iadRZrGeJf1fR2P5fu11bokx0pWjaypoy-ctwCjklldpEbA\/s1600\/logo-principal7.jpg\" width=\"100%\" height=\"100\" \/><\/a><!--bestpublic-voz02--><!--desk-in-out-voz02--><\/p>\n<p style=\"text-align: justify;\">\u00abACAMAFAN y las asociaciones federadas de Castilla-la Mancha, consideramos que nuestro colectivo vuelve a quedarse fuera de las medidas de apoyo, ya que el Gobierno no tiene en cuenta la realidad de estos hogares, que tiene mayores cargas econ\u00f3micas que el resto por el n\u00famero de menores a cargo y que no se ven reflejadas en las condiciones de acceso a las ayudas\u00bb. Seg\u00fan dice su presidente.<\/p>\n<p style=\"text-align: justify;\">En el caso de los ERTE se produce una discriminaci\u00f3n ya que el Sistema P\u00fablico de Empleo Estatal (SEPE) les ha comunicado que la prestaci\u00f3n m\u00e1xima de desempleo que van a pagar a todos los afectados, tengan o no descendientes a su cargo, es la m\u00ednima sin hijos. Es decir, 1.098 euros. Sin embargo, seg\u00fan la tabla oficial del Ministerio de Trabajo, las personas con v\u00e1stagos deber\u00edan percibir un m\u00e1ximo de 1.411 euros para poder atender los gastos adicionales de mantener a una familia.<\/p>\n<p style=\"text-align: justify;\">Estos l\u00edmites son totalmente injustos y suponen una clara discriminaci\u00f3n de las familias numerosas, en castilla la mancha m\u00e1s de 38000 y cerca de 700.000 hogares en toda Espa\u00f1a. Las familias estamos soportando en mayor medida esta crisis, aportamos mucho a la sociedad y no debemos quedar fuera de las medidas econ\u00f3micas y sociales, apunta la FEFN.<\/p>\n<p style=\"text-align: justify;\">Las asociaciones de familia que componemos la Federaci\u00f3n espa\u00f1ola de Familias Numerosas consideramos que la prestaci\u00f3n por desempleo debe incrementarse por cada hijo, sin l\u00edmites, y recordamos que los hogares con m\u00e1s hijos tienen un alto grado de vulnerabilidad, viven al d\u00eda debido a sus elevados gastos lo que reduce su capacidad de ahorro.<\/p>\n<p style=\"text-align: justify;\">Tememos incluso que la situaci\u00f3n pueda ser peor, si no se tienen en cuenta los hijos en ning\u00fan caso y perciben igual los que tienen y no tienen hijos.<\/p>\n<p style=\"text-align: justify;\">La FEFN conf\u00eda en que no sea as\u00ed, ya que de lo contrario \u00abse estar\u00eda dando la espalda a los hogares con hijos y dejando a miles de ni\u00f1os en una situaci\u00f3n de total desamparo, algo nada propio de un Gobierno que da prioridad a los m\u00e1s vulnerables\u00bb.<\/p>\n<p style=\"text-align: justify;\">Hipotecas: hijos y zonas geogr\u00e1ficas<\/p>\n<p style=\"text-align: justify;\">Respecto a la moratoria de las hipotecas, ACAMAFAN tambi\u00e9n denuncia la imposibilidad de muchas familias de acogerse a esta medida, ya que los l\u00edmites de renta que se han establecido son muy bajos, se basan en el IPREM, indicador que lleva a\u00f1os congelado frente al SMI, que acaba de subir notablemente hasta casi los 1.000 euros.<\/p>\n<p style=\"text-align: justify;\">Adem\u00e1s, los hijos s\u00f3lo se contabilizan con un 0,15 veces el IPREM, lo que deja en una posici\u00f3n muy desfavorable a una familia numerosa frente a una sin hijos. Y tampoco se tiene en cuenta las zonas geogr\u00e1ficas, cuando el coste de las hipotecas no es el mismo en Madrid o Barcelona que en Andaluc\u00eda o Extremadura, por lo que la medida, en la pr\u00e1ctica, se queda en nada una gran mayor\u00eda de familias, como ya nos han manifestado muchas familias que no van a poder acogerse a ella, explican desde la FEFN.<\/p>\n<p style=\"text-align: justify;\">Por todo ello, pedimos al Gobierno que eleve los l\u00edmites de renta para tener en cuenta la realidad de todas las familias numerosas, contemplando de una forma justa las que mayores cargas tienen. En ese sentido, pedimos que se corrija el decreto que regula el aplazamiento de las hipotecas, para incluir unos umbrales de ingresos mayores para las familias con m\u00e1s hijos, computando, por ejemplo, 0,5 veces el IPREM a partir del 4\u00ba hijo y sucesivos.<\/p>\n<p style=\"text-align: justify;\">Otra opci\u00f3n ser\u00eda utilizar el criterio de renta familiar estandarizada, que pondera la renta familiar seg\u00fan el n\u00famero de miembros y la composici\u00f3n de la unidad familiar. Este sistema permite establecer un criterio para todas las ayudas sociales, teniendo en cuenta la composici\u00f3n del hogar, el nivel de renta familiar y el coeficiente de equivalencia de la unidad familiar.<\/p>\n<p style=\"text-align: justify;\">En ACAMAFAN confiamos en que el Gobierno modifique los decretos para que las familias con m\u00e1s hijos no se vean desatendidas en esta grave crisis, y que las tenga muy en cuenta en las nuevas medidas que se aprueben, por ejemplo, en la suspensi\u00f3n del pago del alquiler que est\u00e1 en estudio y en el que la FEFN espera que se utilicen criterios de renta que tengan en cuenta la composici\u00f3n familiar.<\/p>\n<p><!--publicidad-voz03--><a href=\"https:\/\/www.facebook.com\/profile.php?id=100063593791305&amp;locale=es_ES\"><img decoding=\"async\" class=\"alignnone size-medium\" src=\"https:\/\/blogger.googleusercontent.com\/img\/b\/R29vZ2xl\/AVvXsEi8_n_ll8UOcGxCqzFvb_9Io4ICczlGC990BPtPj2w9Px-u7B3oqWUW5vtjZUqPNJ-nyjiUIorE0ATsib_l5tV8BVN-UJ03RTnU__IHJF_4DgDBtY4LIqXNG-FomrO-7ywes20CBCRM2Hcm7EJSh3UUw1dO-c_uTflUrtgY1i7uBRezj_DpympmEFkfbQY\/s1600\/logo-principal2.jpg\" width=\"100%\" height=\"100\" \/><\/a><!--bestpublic-voz03--><!--desk-in-out-voz03--><br \/>\n<!--publicidad-voz04--><a href=\"https:\/\/www.facebook.com\/profile.php?id=61557370768692&amp;locale=es_ES\"><img decoding=\"async\" class=\"alignnone size-medium\" src=\"https:\/\/blogger.googleusercontent.com\/img\/b\/R29vZ2xl\/AVvXsEgy5RdcfffrnrItnYTcV9bCJjgJwldsQLWssfVfrLbyfXeBNTFKgBf0rMIvhrUaGUhiXzVr9_eQgCbi-j63ZDpfTvLIty9w7s140y-m1yHe7eKmEK7v2NAHUJDVYGdfeiQFeRCqUjdwWmN1MX_AUxxz4IVdJ4WIM0APxit8bjWkXzrnEFGqBvW_1F13H1g\/s1600\/logo-principal5.jpg\" width=\"100%\" height=\"100\" \/><\/a><!--bestpublic-voz04--><!--desk-in-out-voz04--><br \/>\n<!--publicidad-voz05--><a href=\"https:\/\/www.facebook.com\/asociaciontamborileroshellin?locale=es_ES\"><img decoding=\"async\" class=\"alignnone size-medium\" src=\"https:\/\/blogger.googleusercontent.com\/img\/b\/R29vZ2xl\/AVvXsEhHEEpZsKK1VpwiYMrS7aE2ujtqIDZoLd4B5wtbiseSU9s2HdTdQfhF84So2XwEB1fv0BLw95GADm6hUl1bkKtzh-eIgVigXONuu_5RxeIMPhjk8q6uNX4EaEHbooKkbu7pCADWPpVJjhKIH5NQSJpWqedC-YBez4QAQeJYokkLot9bhrIaUAeztsGis6M\/s1600\/logo-principal3.jpg\" width=\"100%\" height=\"100\" \/><\/a><!--bestpublic-voz05--><!--desk-in-out-voz05--><br \/>\n<!--publicidad-voz06--><!--bestpublic-voz06--><!--desk-in-out-voz06--><br \/>\n<!--publicidad-voz07--><!--bestpublic-voz07--><!--desk-in-out-voz07--><br \/>\n<!--publicidad-voz08--><!--bestpublic-voz08--><!--desk-in-out-voz08--><br \/>\n<!--publicidad-voz09--><!--bestpublic-voz09--><!--desk-in-out-voz09--><br \/>\n<!--publicidad-voz10--><!--bestpublic-voz10--><!--desk-in-out-voz10--><br \/>\n<!--publicidad-voz11--><!--bestpublic-voz11--><!--desk-in-out-voz11--><br \/>\n<!--publicidad-voz12--><!--bestpublic-voz12--><!--desk-in-out-voz12--><br \/>\n<!--publicidad-voz13--><!--bestpublic-voz13--><!--desk-in-out-voz13--><br \/>\n<!--publicidad-voz14--><!--bestpublic-voz14--><!--desk-in-out-voz14--><br \/>\n<!--publicidad-voz15--><!--bestpublic-voz15--><!--desk-in-out-voz15--><br \/>\n<!--publicidad-voz16--><!--bestpublic-voz16--><!--desk-in-out-voz16--><\/p>\n","protected":false},"excerpt":{"rendered":"<p>EL GOBIERNO SE OLVIDA DE LAS FAMILIAS NUMEROSAS EN  LA CRISIS DEL CORONAVIRUS<\/p>\n","protected":false},"author":2,"featured_media":90579,"comment_status":"closed","ping_status":"closed","sticky":false,"template":"","format":"standard","meta":{"footnotes":""},"categories":[723,718,715,716,717],"tags":[],"class_list":["post-102424","post","type-post","status-publish","format-standard","has-post-thumbnail","hentry","category-blog-lv005","category-blogger","category-la-voz-de-hellin","category-la-voz-de-hellin-la-voz-de-hellin","category-noticias"],"_links":{"self":[{"href":"https:\/\/lavozdehellin.com\/noticias\/wp-json\/wp\/v2\/posts\/102424","targetHints":{"allow":["GET"]}}],"collection":[{"href":"https:\/\/lavozdehellin.com\/noticias\/wp-json\/wp\/v2\/posts"}],"about":[{"href":"https:\/\/lavozdehellin.com\/noticias\/wp-json\/wp\/v2\/types\/post"}],"author":[{"embeddable":true,"href":"https:\/\/lavozdehellin.com\/noticias\/wp-json\/wp\/v2\/users\/2"}],"replies":[{"embeddable":true,"href":"https:\/\/lavozdehellin.com\/noticias\/wp-json\/wp\/v2\/comments?post=102424"}],"version-history":[{"count":0,"href":"https:\/\/lavozdehellin.com\/noticias\/wp-json\/wp\/v2\/posts\/102424\/revisions"}],"wp:featuredmedia":[{"embeddable":true,"href":"https:\/\/lavozdehellin.com\/noticias\/wp-json\/wp\/v2\/media\/90579"}],"wp:attachment":[{"href":"https:\/\/lavozdehellin.com\/noticias\/wp-json\/wp\/v2\/media?parent=102424"}],"wp:term":[{"taxonomy":"category","embeddable":true,"href":"https:\/\/lavozdehellin.com\/noticias\/wp-json\/wp\/v2\/categories?post=102424"},{"taxonomy":"post_tag","embeddable":true,"href":"https:\/\/lavozdehellin.com\/noticias\/wp-json\/wp\/v2\/tags?post=102424"}],"curies":[{"name":"wp","href":"https:\/\/api.w.org\/{rel}","templated":true}]}}