{"id":102426,"date":"2020-03-24T14:38:16","date_gmt":"2020-03-24T14:38:16","guid":{"rendered":"https:\/\/lavozdehellin.com\/noticias\/v01-005-el-ayuntamiento-de-hellin-habilita-en-reserva-40-camas-en-la-antigua-residencia-cruz-de-mayo\/"},"modified":"2024-01-04T14:03:54","modified_gmt":"2024-01-04T14:03:54","slug":"v01-005-el-ayuntamiento-de-hellin-habilita-en-reserva-40-camas-en-la-antigua-residencia-cruz-de-mayo","status":"publish","type":"post","link":"https:\/\/lavozdehellin.com\/noticias\/v01-005-el-ayuntamiento-de-hellin-habilita-en-reserva-40-camas-en-la-antigua-residencia-cruz-de-mayo\/","title":{"rendered":"LVH NOTICIAS | EL AYUNTAMIENTO DE HELL\u00cdN HABILITA EN RESERVA 40 CAMAS EN LA ANTIGUA RESIDENCIA CRUZ DE MAYO"},"content":{"rendered":"<p style=\"text-align: justify;\">Nuevas medidas de prevenci\u00f3n y de seguridad y suspensi\u00f3n de tasas municipales en marzo y abril. Esos han sido los temas principales que el alcalde de Hell\u00edn, Ram\u00f3n Garc\u00eda, ha explicado hoy en una comparecencia telem\u00e1tica desde el ayuntamiento y despu\u00e9s de conocer los datos oficiales de los ingresados en el Hospital de Hell\u00edn a causa del coronavirus.<\/p>\n<p><!--more--><br \/>\n<!--publicidad-voz01--><a href=\"https:\/\/www.facebook.com\/SoloRadioHellin\/?locale=es_ES\"><img decoding=\"async\" class=\"alignnone size-medium\" src=\"https:\/\/blogger.googleusercontent.com\/img\/b\/R29vZ2xl\/AVvXsEiNncirNnyGedv00mhjZjh5Wl4_YPdJGanoAl8tL8zH-HwqE8uHqjEfSt340RHdx-9tuCSIkZ8rFamZiGyYlgDGxCsmXjCH_1xk5eYM3ntFZRvJP_jndOKR7w1UAo9Tu0vrZyOLfqRpHIxYI5SymJJ-pfGCQw6QVpggBH-UgfjiFQ2JOxqxG0Jx94kW83c\/s1600\/logo-principal.jpg\" width=\"100%\" height=\"100\" \/><\/a><!--bestpublic-voz01--><!--desk-in-out-voz01--><br \/>\n<!--publicidad-voz02--><a href=\"https:\/\/www.hellincf.com\/\"><img decoding=\"async\" class=\"alignnone size-medium\" src=\"https:\/\/blogger.googleusercontent.com\/img\/b\/R29vZ2xl\/AVvXsEhuZ4-XfBVj3UtdP8-RZugy3WVrg-Zv28c53m4oV47qYCxL1rX_dqWX_YddsGSnpH5SRDqZ7bZeKPIfDVCDncpjVlhy3aQs2vojcJBn7Gdv9hC2_Nzct_pRFrnFE1a7KTCdY1bT_kAgnY3-iadRZrGeJf1fR2P5fu11bokx0pWjaypoy-ctwCjklldpEbA\/s1600\/logo-principal7.jpg\" width=\"100%\" height=\"100\" \/><\/a><!--bestpublic-voz02--><!--desk-in-out-voz02--><\/p>\n<p style=\"text-align: justify;\">\u00abSeg\u00fan los datos ofrecidos hoy por Sanidad de Castilla-La Mancha, hay 41 pacientes hospitalizados en la Gerencia del \u00c1rea Integrada de Hell\u00edn relacionados con el COVID-19\u00bb, declaraba el alcalde. \u00abRecordamos que los datos del Hospital de Hell\u00edn son de pacientes procedentes de nuestra ciudad y tambi\u00e9n del resto de municipios de las comarcas de Campos de Hell\u00edn y Sierra del Segura. Sabemos tambi\u00e9n que el centro hospitalario segu\u00eda contando ayer con 58 camas libres, por lo que enviamos un mensaje de tranquilidad y otro inmenso para agradecer la labor del personal sanitario ante esta pandemia\u00bb.<\/p>\n<p style=\"text-align: justify;\">Como medidas de prevenci\u00f3n, Ram\u00f3n Garc\u00eda adelantaba que \u00abhemos cedido desde el Ayuntamiento trece camas para que las habiliten en el gimnasio del Hospital a las que a\u00f1adimos m\u00e1s de cuarenta que tenemos en la antigua residencia Cruz de Mayo. Todo esto como prevenci\u00f3n para incrementar la capacidad hospitalaria ya que recordamos que el Hospital sigue teniendo camas libres\u00bb.<\/p>\n<p style=\"text-align: justify;\">Suspensi\u00f3n de tasas municipales durante dos meses<\/p>\n<p style=\"text-align: justify;\">Para los pagos de tasas municipales, el acalde ha informado que \u00abno se van a girar los recibos de marzo y abril de las escuelas infantiles ni de las escuelas municipales, ni tampoco las tasas de estos meses para los mercados, terrazas de los bares o la zona azul. Para los servicios municipales que se hayan pagado un a\u00f1o por adelantado, se puede pedir la devoluci\u00f3n de estos dos meses. En cuanto al IBI y el impuesto de circulaci\u00f3n, que se gestiona con \u00e1mbito provincial, estamos en conversaciones con Gestalba para que inicie el periodo de pago en mayo y se puedan fraccionar los recibos en seis meses y pagar el \u00faltimo en noviembre\u00bb.<\/p>\n<p style=\"text-align: justify;\">\u00abSe ha creado hoy mismo el Centro de Coordinaci\u00f3n de Seguridad con las fuerzas y cuerpos presentes en nuestra ciudad y conforme al decreto del estado de alarma. La seguridad ciudadana la est\u00e1 ejecutando la Polic\u00eda Local con controles a los ciudadanos que salen de casa y sanciones a los que lo hacen de forma injustificada, en concreto ya se han interpuesto 20\u00bb, aseguraba el primer edil.<\/p>\n<p style=\"text-align: justify;\">Otros servicios que se han visto reforzados estos d\u00edas son el departamento de inform\u00e1tica, con programas, aplicaciones, banda ancha y material para facilitar el teletrabajo, mientras que ayer se comenzaban a servir men\u00fas del comedor escolar para 80 alumnos becados y se sigue trabajando en la campa\u00f1a #MayoresEnCasa, al igual que en la limpieza y desinfecci\u00f3n a conciencia de lugares p\u00fablicos, con hincapi\u00e9 en las residencias de mayores.<\/p>\n<p><!--publicidad-voz03--><a href=\"https:\/\/www.facebook.com\/profile.php?id=100063593791305&amp;locale=es_ES\"><img decoding=\"async\" class=\"alignnone size-medium\" src=\"https:\/\/blogger.googleusercontent.com\/img\/b\/R29vZ2xl\/AVvXsEi8_n_ll8UOcGxCqzFvb_9Io4ICczlGC990BPtPj2w9Px-u7B3oqWUW5vtjZUqPNJ-nyjiUIorE0ATsib_l5tV8BVN-UJ03RTnU__IHJF_4DgDBtY4LIqXNG-FomrO-7ywes20CBCRM2Hcm7EJSh3UUw1dO-c_uTflUrtgY1i7uBRezj_DpympmEFkfbQY\/s1600\/logo-principal2.jpg\" width=\"100%\" height=\"100\" \/><\/a><!--bestpublic-voz03--><!--desk-in-out-voz03--><br \/>\n<!--publicidad-voz04--><a href=\"https:\/\/www.facebook.com\/profile.php?id=61557370768692&amp;locale=es_ES\"><img decoding=\"async\" class=\"alignnone size-medium\" src=\"https:\/\/blogger.googleusercontent.com\/img\/b\/R29vZ2xl\/AVvXsEgy5RdcfffrnrItnYTcV9bCJjgJwldsQLWssfVfrLbyfXeBNTFKgBf0rMIvhrUaGUhiXzVr9_eQgCbi-j63ZDpfTvLIty9w7s140y-m1yHe7eKmEK7v2NAHUJDVYGdfeiQFeRCqUjdwWmN1MX_AUxxz4IVdJ4WIM0APxit8bjWkXzrnEFGqBvW_1F13H1g\/s1600\/logo-principal5.jpg\" width=\"100%\" height=\"100\" \/><\/a><!--bestpublic-voz04--><!--desk-in-out-voz04--><br \/>\n<!--publicidad-voz05--><a href=\"https:\/\/www.facebook.com\/asociaciontamborileroshellin?locale=es_ES\"><img decoding=\"async\" class=\"alignnone size-medium\" src=\"https:\/\/blogger.googleusercontent.com\/img\/b\/R29vZ2xl\/AVvXsEhHEEpZsKK1VpwiYMrS7aE2ujtqIDZoLd4B5wtbiseSU9s2HdTdQfhF84So2XwEB1fv0BLw95GADm6hUl1bkKtzh-eIgVigXONuu_5RxeIMPhjk8q6uNX4EaEHbooKkbu7pCADWPpVJjhKIH5NQSJpWqedC-YBez4QAQeJYokkLot9bhrIaUAeztsGis6M\/s1600\/logo-principal3.jpg\" width=\"100%\" height=\"100\" \/><\/a><!--bestpublic-voz05--><!--desk-in-out-voz05--><br \/>\n<!--publicidad-voz06--><!--bestpublic-voz06--><!--desk-in-out-voz06--><br \/>\n<!--publicidad-voz07--><!--bestpublic-voz07--><!--desk-in-out-voz07--><br \/>\n<!--publicidad-voz08--><!--bestpublic-voz08--><!--desk-in-out-voz08--><br \/>\n<!--publicidad-voz09--><!--bestpublic-voz09--><!--desk-in-out-voz09--><br \/>\n<!--publicidad-voz10--><!--bestpublic-voz10--><!--desk-in-out-voz10--><br \/>\n<!--publicidad-voz11--><!--bestpublic-voz11--><!--desk-in-out-voz11--><br \/>\n<!--publicidad-voz12--><!--bestpublic-voz12--><!--desk-in-out-voz12--><br \/>\n<!--publicidad-voz13--><!--bestpublic-voz13--><!--desk-in-out-voz13--><br \/>\n<!--publicidad-voz14--><!--bestpublic-voz14--><!--desk-in-out-voz14--><br \/>\n<!--publicidad-voz15--><!--bestpublic-voz15--><!--desk-in-out-voz15--><br \/>\n<!--publicidad-voz16--><!--bestpublic-voz16--><!--desk-in-out-voz16--><\/p>\n","protected":false},"excerpt":{"rendered":"<p>EL AYUNTAMIENTO DE HELL\u00cdN HABILITA EN RESERVA 40 CAMAS EN LA ANTIGUA RESIDENCIA CRUZ DE MAYO<\/p>\n","protected":false},"author":2,"featured_media":90583,"comment_status":"closed","ping_status":"closed","sticky":false,"template":"","format":"standard","meta":{"footnotes":""},"categories":[723,718,715,716,717],"tags":[],"class_list":["post-102426","post","type-post","status-publish","format-standard","has-post-thumbnail","hentry","category-blog-lv005","category-blogger","category-la-voz-de-hellin","category-la-voz-de-hellin-la-voz-de-hellin","category-noticias"],"_links":{"self":[{"href":"https:\/\/lavozdehellin.com\/noticias\/wp-json\/wp\/v2\/posts\/102426","targetHints":{"allow":["GET"]}}],"collection":[{"href":"https:\/\/lavozdehellin.com\/noticias\/wp-json\/wp\/v2\/posts"}],"about":[{"href":"https:\/\/lavozdehellin.com\/noticias\/wp-json\/wp\/v2\/types\/post"}],"author":[{"embeddable":true,"href":"https:\/\/lavozdehellin.com\/noticias\/wp-json\/wp\/v2\/users\/2"}],"replies":[{"embeddable":true,"href":"https:\/\/lavozdehellin.com\/noticias\/wp-json\/wp\/v2\/comments?post=102426"}],"version-history":[{"count":0,"href":"https:\/\/lavozdehellin.com\/noticias\/wp-json\/wp\/v2\/posts\/102426\/revisions"}],"wp:featuredmedia":[{"embeddable":true,"href":"https:\/\/lavozdehellin.com\/noticias\/wp-json\/wp\/v2\/media\/90583"}],"wp:attachment":[{"href":"https:\/\/lavozdehellin.com\/noticias\/wp-json\/wp\/v2\/media?parent=102426"}],"wp:term":[{"taxonomy":"category","embeddable":true,"href":"https:\/\/lavozdehellin.com\/noticias\/wp-json\/wp\/v2\/categories?post=102426"},{"taxonomy":"post_tag","embeddable":true,"href":"https:\/\/lavozdehellin.com\/noticias\/wp-json\/wp\/v2\/tags?post=102426"}],"curies":[{"name":"wp","href":"https:\/\/api.w.org\/{rel}","templated":true}]}}