{"id":102427,"date":"2020-03-20T12:39:05","date_gmt":"2020-03-20T12:39:05","guid":{"rendered":"https:\/\/lavozdehellin.com\/noticias\/v01-006-hellin-refuerza-la-desinfeccion-de-calles-y-edificios-y-agradece-la-labor-de-profesionales-y-voluntarios\/"},"modified":"2024-01-04T14:03:54","modified_gmt":"2024-01-04T14:03:54","slug":"v01-006-hellin-refuerza-la-desinfeccion-de-calles-y-edificios-y-agradece-la-labor-de-profesionales-y-voluntarios","status":"publish","type":"post","link":"https:\/\/lavozdehellin.com\/noticias\/v01-006-hellin-refuerza-la-desinfeccion-de-calles-y-edificios-y-agradece-la-labor-de-profesionales-y-voluntarios\/","title":{"rendered":"LVH NOTICIAS | HELL\u00cdN REFUERZA LA DESINFECCI\u00d3N DE CALLES Y EDIFICIOS Y AGRADECE LA LABOR DE PROFESIONALES Y VOLUNTARIOS"},"content":{"rendered":"<p style=\"text-align: justify;\">El alcalde de Hell\u00edn, Ram\u00f3n Garc\u00eda, ha comparecido hoy nuevamente a distancia para explicar las \u00faltimas medidas llevadas a cabo por los departamentos municipales y el propio Gobierno y tambi\u00e9n para enviar un mensaje de confianza y esperanza a todos los hellineros<\/p>\n<p><!--more--><br \/>\n<!--publicidad-voz01--><a href=\"https:\/\/www.facebook.com\/SoloRadioHellin\/?locale=es_ES\"><img decoding=\"async\" class=\"alignnone size-medium\" src=\"https:\/\/blogger.googleusercontent.com\/img\/b\/R29vZ2xl\/AVvXsEiNncirNnyGedv00mhjZjh5Wl4_YPdJGanoAl8tL8zH-HwqE8uHqjEfSt340RHdx-9tuCSIkZ8rFamZiGyYlgDGxCsmXjCH_1xk5eYM3ntFZRvJP_jndOKR7w1UAo9Tu0vrZyOLfqRpHIxYI5SymJJ-pfGCQw6QVpggBH-UgfjiFQ2JOxqxG0Jx94kW83c\/s1600\/logo-principal.jpg\" width=\"100%\" height=\"100\" \/><\/a><!--bestpublic-voz01--><!--desk-in-out-voz01--><br \/>\n<!--publicidad-voz02--><a href=\"https:\/\/www.hellincf.com\/\"><img decoding=\"async\" class=\"alignnone size-medium\" src=\"https:\/\/blogger.googleusercontent.com\/img\/b\/R29vZ2xl\/AVvXsEhuZ4-XfBVj3UtdP8-RZugy3WVrg-Zv28c53m4oV47qYCxL1rX_dqWX_YddsGSnpH5SRDqZ7bZeKPIfDVCDncpjVlhy3aQs2vojcJBn7Gdv9hC2_Nzct_pRFrnFE1a7KTCdY1bT_kAgnY3-iadRZrGeJf1fR2P5fu11bokx0pWjaypoy-ctwCjklldpEbA\/s1600\/logo-principal7.jpg\" width=\"100%\" height=\"100\" \/><\/a><!--bestpublic-voz02--><!--desk-in-out-voz02--><\/p>\n<p style=\"text-align: justify;\">\u00abHace una semana que comparec\u00eda para anunciar algunas medidas que hab\u00edamos tomado, entre ellas la suspensi\u00f3n de la Semana Santa. Han pasado seis d\u00edas y realmente todo ha ido cambiando a un ritmo vertiginoso, a lo que estamos dando respuesta la Corporaci\u00f3n y los empleados municipales y sobre todo la Gerencia de Atenci\u00f3n Integrada de Hell\u00edn, que ya est\u00e1 reorganizando sus espacios en el hospital para enfrentarse de la mejor manera a la pandemia\u00bb, comenzaba el alcalde de Hell\u00edn. \u00abLa mejor lucha es no salir de casa\u00bb, a\u00f1ad\u00eda.<\/p>\n<p style=\"text-align: justify;\">Actuaciones concretas esta semana<\/p>\n<p style=\"text-align: justify;\">El Ayuntamiento de Hell\u00edn y las entidades sociales del municipio han lanzado la campa\u00f1a de \u00abMayores en casa\u00bb, contactando con voluntarios an\u00f3nimos y t\u00e9cnicos de Cruz Roja para que les hagan la compra y no se vean obligados a salir de sus domicilios. Por otra parte, los servicios de limpieza urbana est\u00e1n desinfectando las calles, los Bomberos hacen lo propio con centros hospitalarios y sanitarios y Medioambiente ha dado orientaciones a la ciudadan\u00eda sobre la gesti\u00f3n de los residuos ante este confinamiento.<\/p>\n<p style=\"text-align: justify;\">\u00abAdem\u00e1s\u00bb, prosegu\u00eda el alcalde, \u00ablanzamos otras actuaciones de \u00e1mbito municipal; hemos suprimido el pago de la zona azul, hemos reducido el servicio de bus urbano al 50%, se est\u00e1n pagando las facturas a proveedores semanalmente y se ha puesto a disposici\u00f3n de la ciudadan\u00eda correos electr\u00f3nicos y tel\u00e9fonos de contacto, incluido el m\u00edo, para resolver dudas y avisar de m\u00e1s medidas que pondremos en marcha conforme avance la situaci\u00f3n\u00bb<\/p>\n<p style=\"text-align: justify;\">Por parte de la Polic\u00eda Local, en colaboraci\u00f3n con la Polic\u00eda Nacional, se est\u00e1 trabajando en la concienciaci\u00f3n ciudadana recomendando el estricto cumplimiento de las normas dictadas al amparo del Estado de Alarma y se han ido dictando pautas y consejos.<\/p>\n<p style=\"text-align: justify;\">Ram\u00f3n Garc\u00eda tambi\u00e9n ped\u00eda \u00abprudencia y responsabilidad a la hora de utilizar wasap y redes sociales para no generar bulos y una alarma innecesaria. Si queremos colaborar con las autoridades sanitarias lo podemos hacer, como varias empresas hellineras que se han puesto a disposici\u00f3n del SESCAM y del propio Ayuntamiento de forma totalmente desinteresada\u00bb.<\/p>\n<p style=\"text-align: justify;\">\u00abQuiero aprovechar para dar las gracias a ellos y a todos los sanitarios que, desde el Hospital, centros de salud, residencias de mayores o de personas con discapacidad, est\u00e1n demostrando no solo\u00a0 su gran profesionalidad sino tambi\u00e9n su humanidad. La vida sigue y mi mayor deseo personal ahora mismo es la buena salud de todos nuestros vecinos. Si nos comportamos con responsabilidad, si estamos unidos, acabaremos con el coronavirus\u00bb, conclu\u00eda el alcalde.<\/p>\n<p><!--publicidad-voz03--><a href=\"https:\/\/www.facebook.com\/profile.php?id=100063593791305&amp;locale=es_ES\"><img decoding=\"async\" class=\"alignnone size-medium\" src=\"https:\/\/blogger.googleusercontent.com\/img\/b\/R29vZ2xl\/AVvXsEi8_n_ll8UOcGxCqzFvb_9Io4ICczlGC990BPtPj2w9Px-u7B3oqWUW5vtjZUqPNJ-nyjiUIorE0ATsib_l5tV8BVN-UJ03RTnU__IHJF_4DgDBtY4LIqXNG-FomrO-7ywes20CBCRM2Hcm7EJSh3UUw1dO-c_uTflUrtgY1i7uBRezj_DpympmEFkfbQY\/s1600\/logo-principal2.jpg\" width=\"100%\" height=\"100\" \/><\/a><!--bestpublic-voz03--><!--desk-in-out-voz03--><br \/>\n<!--publicidad-voz04--><a href=\"https:\/\/www.facebook.com\/profile.php?id=61557370768692&amp;locale=es_ES\"><img decoding=\"async\" class=\"alignnone size-medium\" src=\"https:\/\/blogger.googleusercontent.com\/img\/b\/R29vZ2xl\/AVvXsEgy5RdcfffrnrItnYTcV9bCJjgJwldsQLWssfVfrLbyfXeBNTFKgBf0rMIvhrUaGUhiXzVr9_eQgCbi-j63ZDpfTvLIty9w7s140y-m1yHe7eKmEK7v2NAHUJDVYGdfeiQFeRCqUjdwWmN1MX_AUxxz4IVdJ4WIM0APxit8bjWkXzrnEFGqBvW_1F13H1g\/s1600\/logo-principal5.jpg\" width=\"100%\" height=\"100\" \/><\/a><!--bestpublic-voz04--><!--desk-in-out-voz04--><br \/>\n<!--publicidad-voz05--><a href=\"https:\/\/www.facebook.com\/asociaciontamborileroshellin?locale=es_ES\"><img decoding=\"async\" class=\"alignnone size-medium\" src=\"https:\/\/blogger.googleusercontent.com\/img\/b\/R29vZ2xl\/AVvXsEhHEEpZsKK1VpwiYMrS7aE2ujtqIDZoLd4B5wtbiseSU9s2HdTdQfhF84So2XwEB1fv0BLw95GADm6hUl1bkKtzh-eIgVigXONuu_5RxeIMPhjk8q6uNX4EaEHbooKkbu7pCADWPpVJjhKIH5NQSJpWqedC-YBez4QAQeJYokkLot9bhrIaUAeztsGis6M\/s1600\/logo-principal3.jpg\" width=\"100%\" height=\"100\" \/><\/a><!--bestpublic-voz05--><!--desk-in-out-voz05--><br \/>\n<!--publicidad-voz06--><!--bestpublic-voz06--><!--desk-in-out-voz06--><br \/>\n<!--publicidad-voz07--><!--bestpublic-voz07--><!--desk-in-out-voz07--><br \/>\n<!--publicidad-voz08--><!--bestpublic-voz08--><!--desk-in-out-voz08--><br \/>\n<!--publicidad-voz09--><!--bestpublic-voz09--><!--desk-in-out-voz09--><br \/>\n<!--publicidad-voz10--><!--bestpublic-voz10--><!--desk-in-out-voz10--><br \/>\n<!--publicidad-voz11--><!--bestpublic-voz11--><!--desk-in-out-voz11--><br \/>\n<!--publicidad-voz12--><!--bestpublic-voz12--><!--desk-in-out-voz12--><br \/>\n<!--publicidad-voz13--><!--bestpublic-voz13--><!--desk-in-out-voz13--><br \/>\n<!--publicidad-voz14--><!--bestpublic-voz14--><!--desk-in-out-voz14--><br \/>\n<!--publicidad-voz15--><!--bestpublic-voz15--><!--desk-in-out-voz15--><br \/>\n<!--publicidad-voz16--><!--bestpublic-voz16--><!--desk-in-out-voz16--><\/p>\n","protected":false},"excerpt":{"rendered":"<p>HELL\u00cdN REFUERZA LA DESINFECCI\u00d3N DE CALLES Y EDIFICIOS Y AGRADECE LA LABOR DE PROFESIONALES Y VOLUNTARIOS<\/p>\n","protected":false},"author":2,"featured_media":90580,"comment_status":"closed","ping_status":"closed","sticky":false,"template":"","format":"standard","meta":{"footnotes":""},"categories":[723,718,715,716,717],"tags":[],"class_list":["post-102427","post","type-post","status-publish","format-standard","has-post-thumbnail","hentry","category-blog-lv005","category-blogger","category-la-voz-de-hellin","category-la-voz-de-hellin-la-voz-de-hellin","category-noticias"],"_links":{"self":[{"href":"https:\/\/lavozdehellin.com\/noticias\/wp-json\/wp\/v2\/posts\/102427","targetHints":{"allow":["GET"]}}],"collection":[{"href":"https:\/\/lavozdehellin.com\/noticias\/wp-json\/wp\/v2\/posts"}],"about":[{"href":"https:\/\/lavozdehellin.com\/noticias\/wp-json\/wp\/v2\/types\/post"}],"author":[{"embeddable":true,"href":"https:\/\/lavozdehellin.com\/noticias\/wp-json\/wp\/v2\/users\/2"}],"replies":[{"embeddable":true,"href":"https:\/\/lavozdehellin.com\/noticias\/wp-json\/wp\/v2\/comments?post=102427"}],"version-history":[{"count":0,"href":"https:\/\/lavozdehellin.com\/noticias\/wp-json\/wp\/v2\/posts\/102427\/revisions"}],"wp:featuredmedia":[{"embeddable":true,"href":"https:\/\/lavozdehellin.com\/noticias\/wp-json\/wp\/v2\/media\/90580"}],"wp:attachment":[{"href":"https:\/\/lavozdehellin.com\/noticias\/wp-json\/wp\/v2\/media?parent=102427"}],"wp:term":[{"taxonomy":"category","embeddable":true,"href":"https:\/\/lavozdehellin.com\/noticias\/wp-json\/wp\/v2\/categories?post=102427"},{"taxonomy":"post_tag","embeddable":true,"href":"https:\/\/lavozdehellin.com\/noticias\/wp-json\/wp\/v2\/tags?post=102427"}],"curies":[{"name":"wp","href":"https:\/\/api.w.org\/{rel}","templated":true}]}}