{"id":102430,"date":"2020-04-03T14:46:35","date_gmt":"2020-04-03T14:46:35","guid":{"rendered":"https:\/\/lavozdehellin.com\/noticias\/v01-009-comparecencia-alcalde-3-abril-2020\/"},"modified":"2024-01-04T14:03:52","modified_gmt":"2024-01-04T14:03:52","slug":"v01-009-comparecencia-alcalde-3-abril-2020","status":"publish","type":"post","link":"https:\/\/lavozdehellin.com\/noticias\/v01-009-comparecencia-alcalde-3-abril-2020\/","title":{"rendered":"LVH NOTICIAS | COMPARECENCIA ALCALDE. 3 ABRIL 2020"},"content":{"rendered":"<p style=\"text-align: justify;\">Hoy es Viernes de Dolores, un Viernes de Dolores, distinto y muy especial.<\/p>\n<p><!--more--><br \/>\n<!--publicidad-voz01--><a href=\"https:\/\/www.facebook.com\/SoloRadioHellin\/?locale=es_ES\"><img decoding=\"async\" class=\"alignnone size-medium\" src=\"https:\/\/blogger.googleusercontent.com\/img\/b\/R29vZ2xl\/AVvXsEiNncirNnyGedv00mhjZjh5Wl4_YPdJGanoAl8tL8zH-HwqE8uHqjEfSt340RHdx-9tuCSIkZ8rFamZiGyYlgDGxCsmXjCH_1xk5eYM3ntFZRvJP_jndOKR7w1UAo9Tu0vrZyOLfqRpHIxYI5SymJJ-pfGCQw6QVpggBH-UgfjiFQ2JOxqxG0Jx94kW83c\/s1600\/logo-principal.jpg\" width=\"100%\" height=\"100\" \/><\/a><!--bestpublic-voz01--><!--desk-in-out-voz01--><br \/>\n<!--publicidad-voz02--><a href=\"https:\/\/www.hellincf.com\/\"><img decoding=\"async\" class=\"alignnone size-medium\" src=\"https:\/\/blogger.googleusercontent.com\/img\/b\/R29vZ2xl\/AVvXsEhuZ4-XfBVj3UtdP8-RZugy3WVrg-Zv28c53m4oV47qYCxL1rX_dqWX_YddsGSnpH5SRDqZ7bZeKPIfDVCDncpjVlhy3aQs2vojcJBn7Gdv9hC2_Nzct_pRFrnFE1a7KTCdY1bT_kAgnY3-iadRZrGeJf1fR2P5fu11bokx0pWjaypoy-ctwCjklldpEbA\/s1600\/logo-principal7.jpg\" width=\"100%\" height=\"100\" \/><\/a><!--bestpublic-voz02--><!--desk-in-out-voz02--><\/p>\n<p style=\"text-align: justify;\">Ma\u00f1ana hace tres semanas que el Gobierno de la Naci\u00f3n decret\u00f3 el Estado de Alarma, y ma\u00f1ana se cumplen tres semanas desde que yo como alcalde decret\u00e9 la suspensi\u00f3n de la Semana Santa 2020.<\/p>\n<p style=\"text-align: justify;\">La terrible pandemia del Covid-19 no ha llevado a unos y a otros a tomar una serie de dr\u00e1sticas decisiones con el \u00fanico fin y objetivo de velar por la salud de todos y que este virus deje de expandirse.<\/p>\n<p style=\"text-align: justify;\">Estamos ante una situaci\u00f3n nunca conocida y por lo tanto estamos aprendiendo de las decisiones que adoptamos, decisiones que en algunas ocasiones deben ser modificadas d\u00eda a d\u00eda por las circunstancias que nos rodean con el \u00fanico objetivo del bien com\u00fan de todos los ciudadanos y por lo tanto de nosotros mismos.<\/p>\n<p style=\"text-align: justify;\">Tambi\u00e9n les pido comprensi\u00f3n, como todo en la vida las decisiones adoptadas no son del agrado de todos, y cada uno de los 30.000 habitantes de Hell\u00edn tiene su propia idea, pero los puedo asegurar en conciencia que todas las decisiones adoptadas se han hecho desde la convicci\u00f3n de no perjudicar a nadie ni herir sus sensibilidades.<\/p>\n<p style=\"text-align: justify;\">Nos ha tocado vivir unos tiempos dif\u00edciles y complicados, en los que lo m\u00e1s importante es la salud de todos, dejando atr\u00e1s muchas otras cosas que en otros momentos serian important\u00edsimas para cada uno de nosotros, pero que en los momentos actuales no dejan de ser superfluas e irrelevantes.<\/p>\n<p style=\"text-align: justify;\">Llevamos tres semanas de confinamiento en las que todos los hellineros\/as estamos cumpliendo las recomendaciones que nos hacen llegar, pero en las que a\u00fan deber\u00edamos ser m\u00e1s estrictos, no puede ser que a d\u00eda de hoy en Hell\u00edn se hayan multado a 115 ciudadanos y otros 3 hayan sido detenidos, nos tenemos que concienciar de que hoy solo tenemos una obligaci\u00f3n, solo una, QUEDARNOS EN CASA.<\/p>\n<p style=\"text-align: justify;\">No cabe duda de que para todo hellinero amante de su Semana Santa, lo m\u00e1s duro del confinamiento est\u00e1 por llegar, conforme vayan pasando los d\u00edas, y llegue Domingo de Ramos, Mi\u00e9rcoles Santo, y as\u00ed hasta Domingo de Resurrecci\u00f3n, los minutos, las horas, los d\u00edas\u2026. se nos van a hacer eternos, pero tenemos que se positivos, tenemos que pensar en nosotros mismos, pero tambi\u00e9n en los dem\u00e1s, en nuestros familiares, amigos, en nuestros vecinos y darnos cuenta de que el sacrifico que ahora estamos haciendo, nos dar\u00e1 como recompensa acabar con esta pandemia y pensar que la pr\u00f3xima Semana Santa la podremos disfrutar todos juntos.<\/p>\n<p style=\"text-align: justify;\">En otro orden de cosas, les quiero comunicar, que, en la noche de ayer, firm\u00e9 una Resoluci\u00f3n de Alcald\u00eda decretando luto oficial desde las 00.00 h. del Viernes de<\/p>\n<p style=\"text-align: justify;\">Dolores hasta las 24.00 h. del Domingo de Resurrecci\u00f3n.<\/p>\n<p style=\"text-align: justify;\">Durante la duraci\u00f3n del luto, las banderas del Ayuntamiento de Hell\u00edn ondearan a media asta, la bandera de Hell\u00edn lucir\u00e1 cresp\u00f3n, en se\u00f1al de duelo y solidaridad por las victimas del coronavirus y sus familiares.<\/p>\n<p style=\"text-align: justify;\">Queremos decretar estos 10 d\u00edas de luto oficial en memoria y solidaridad con las v\u00edctimas de la pandemia y sus familiares y amigos, muy especialmente en estos d\u00edas en que, si las circunstancias fueran otras, Hell\u00edn vivir\u00eda su semana m\u00e1s importante del a\u00f1o.<\/p>\n<p style=\"text-align: justify;\">Para ir terminando mi intervenci\u00f3n, le voy hablar de cifras, de datos.<\/p>\n<p style=\"text-align: justify;\">Son muchos los que demandan que el alcalde de los datos de cual es la situaci\u00f3n de Hellin con respectos a los afectados por la pandemia, en primer lugar quisiera reiterar que la \u00fanica voz autorizada para comunicar dichos datos es la Consejeria de Sanidad de Castilla La Mancha, que si bien la primera semana los datos dados eran globales, es decir por provincias, tambi\u00e9n es cierto que a partir de entonces los datos que se dan son por gerencias, por lo que desde entonces todos somos conocedores en todo momento que cuantas personas est\u00e1n ingresadas en el Hospital Comarcal a causa del coronavirus.<\/p>\n<p style=\"text-align: justify;\">Por lo tanto no es mi intenci\u00f3n ocultar dato alguno ni mucho menos esconderme, no lo he hecho nunca y mucho menos lo voy a hacer ahora, de hecho, todas las ma\u00f1anas cumplo con mi obligaci\u00f3n de asistir a gestionar al ayuntamiento y por las tardes sigo gestionando desde mi domicilio, por lo tanto todo aquel que quiera algo de mi sabe perfectamente donde encontrarme.<\/p>\n<p style=\"text-align: justify;\">Los datos que a continuaci\u00f3n les voy a ofrecer son a fecha de ayer, y son datos oficiales de las personas que han dado positivo por coronarivus, si quiero reiterar e insistir en ello, que son datos del Hospital Comarcal, repito Comarcal, que da asistencia sanitaria a cerca de 70.000 personas.<\/p>\n<p style=\"text-align: justify;\">Los datos son los siguientes:<\/p>\n<p style=\"text-align: justify;\">128 personas confirmadas por coronavirus desde el inicio del brote<\/p>\n<p style=\"text-align: justify;\">4 dados de alta<\/p>\n<p style=\"text-align: justify;\">11 fallecidos<\/p>\n<p style=\"text-align: justify;\">113 personas actualmente entre Hospital y sus domicilios<\/p>\n<p style=\"text-align: justify;\">Una vez dados estos datos a\u00fan habr\u00e1 quien no este del todo satisfecho, pero estos son los datos de los que disponemos y que a su vez doy conocimiento a la ciudadan\u00eda y que espero sirvan para tranquilizar a todos\/as<\/p>\n<p style=\"text-align: justify;\">Reitero una vez mas que son datos del Hospital Comarcal, no son datos exclusivos de Hell\u00edn ciudad.<\/p>\n<p><!--publicidad-voz03--><a href=\"https:\/\/www.facebook.com\/profile.php?id=100063593791305&amp;locale=es_ES\"><img decoding=\"async\" class=\"alignnone size-medium\" src=\"https:\/\/blogger.googleusercontent.com\/img\/b\/R29vZ2xl\/AVvXsEi8_n_ll8UOcGxCqzFvb_9Io4ICczlGC990BPtPj2w9Px-u7B3oqWUW5vtjZUqPNJ-nyjiUIorE0ATsib_l5tV8BVN-UJ03RTnU__IHJF_4DgDBtY4LIqXNG-FomrO-7ywes20CBCRM2Hcm7EJSh3UUw1dO-c_uTflUrtgY1i7uBRezj_DpympmEFkfbQY\/s1600\/logo-principal2.jpg\" width=\"100%\" height=\"100\" \/><\/a><!--bestpublic-voz03--><!--desk-in-out-voz03--><br \/>\n<!--publicidad-voz04--><a href=\"https:\/\/www.facebook.com\/profile.php?id=61557370768692&amp;locale=es_ES\"><img decoding=\"async\" class=\"alignnone size-medium\" src=\"https:\/\/blogger.googleusercontent.com\/img\/b\/R29vZ2xl\/AVvXsEgy5RdcfffrnrItnYTcV9bCJjgJwldsQLWssfVfrLbyfXeBNTFKgBf0rMIvhrUaGUhiXzVr9_eQgCbi-j63ZDpfTvLIty9w7s140y-m1yHe7eKmEK7v2NAHUJDVYGdfeiQFeRCqUjdwWmN1MX_AUxxz4IVdJ4WIM0APxit8bjWkXzrnEFGqBvW_1F13H1g\/s1600\/logo-principal5.jpg\" width=\"100%\" height=\"100\" \/><\/a><!--bestpublic-voz04--><!--desk-in-out-voz04--><br \/>\n<!--publicidad-voz05--><a href=\"https:\/\/www.facebook.com\/asociaciontamborileroshellin?locale=es_ES\"><img decoding=\"async\" class=\"alignnone size-medium\" src=\"https:\/\/blogger.googleusercontent.com\/img\/b\/R29vZ2xl\/AVvXsEhHEEpZsKK1VpwiYMrS7aE2ujtqIDZoLd4B5wtbiseSU9s2HdTdQfhF84So2XwEB1fv0BLw95GADm6hUl1bkKtzh-eIgVigXONuu_5RxeIMPhjk8q6uNX4EaEHbooKkbu7pCADWPpVJjhKIH5NQSJpWqedC-YBez4QAQeJYokkLot9bhrIaUAeztsGis6M\/s1600\/logo-principal3.jpg\" width=\"100%\" height=\"100\" \/><\/a><!--bestpublic-voz05--><!--desk-in-out-voz05--><br \/>\n<!--publicidad-voz06--><!--bestpublic-voz06--><!--desk-in-out-voz06--><br \/>\n<!--publicidad-voz07--><!--bestpublic-voz07--><!--desk-in-out-voz07--><br \/>\n<!--publicidad-voz08--><!--bestpublic-voz08--><!--desk-in-out-voz08--><br \/>\n<!--publicidad-voz09--><!--bestpublic-voz09--><!--desk-in-out-voz09--><br \/>\n<!--publicidad-voz10--><!--bestpublic-voz10--><!--desk-in-out-voz10--><br \/>\n<!--publicidad-voz11--><!--bestpublic-voz11--><!--desk-in-out-voz11--><br \/>\n<!--publicidad-voz12--><!--bestpublic-voz12--><!--desk-in-out-voz12--><br \/>\n<!--publicidad-voz13--><!--bestpublic-voz13--><!--desk-in-out-voz13--><br \/>\n<!--publicidad-voz14--><!--bestpublic-voz14--><!--desk-in-out-voz14--><br \/>\n<!--publicidad-voz15--><!--bestpublic-voz15--><!--desk-in-out-voz15--><br \/>\n<!--publicidad-voz16--><!--bestpublic-voz16--><!--desk-in-out-voz16--><\/p>\n","protected":false},"excerpt":{"rendered":"<p>COMPARECENCIA ALCALDE. 3 ABRIL 2020<\/p>\n","protected":false},"author":2,"featured_media":90587,"comment_status":"closed","ping_status":"closed","sticky":false,"template":"","format":"standard","meta":{"footnotes":""},"categories":[723,718,715,716,717],"tags":[],"class_list":["post-102430","post","type-post","status-publish","format-standard","has-post-thumbnail","hentry","category-blog-lv005","category-blogger","category-la-voz-de-hellin","category-la-voz-de-hellin-la-voz-de-hellin","category-noticias"],"_links":{"self":[{"href":"https:\/\/lavozdehellin.com\/noticias\/wp-json\/wp\/v2\/posts\/102430","targetHints":{"allow":["GET"]}}],"collection":[{"href":"https:\/\/lavozdehellin.com\/noticias\/wp-json\/wp\/v2\/posts"}],"about":[{"href":"https:\/\/lavozdehellin.com\/noticias\/wp-json\/wp\/v2\/types\/post"}],"author":[{"embeddable":true,"href":"https:\/\/lavozdehellin.com\/noticias\/wp-json\/wp\/v2\/users\/2"}],"replies":[{"embeddable":true,"href":"https:\/\/lavozdehellin.com\/noticias\/wp-json\/wp\/v2\/comments?post=102430"}],"version-history":[{"count":0,"href":"https:\/\/lavozdehellin.com\/noticias\/wp-json\/wp\/v2\/posts\/102430\/revisions"}],"wp:featuredmedia":[{"embeddable":true,"href":"https:\/\/lavozdehellin.com\/noticias\/wp-json\/wp\/v2\/media\/90587"}],"wp:attachment":[{"href":"https:\/\/lavozdehellin.com\/noticias\/wp-json\/wp\/v2\/media?parent=102430"}],"wp:term":[{"taxonomy":"category","embeddable":true,"href":"https:\/\/lavozdehellin.com\/noticias\/wp-json\/wp\/v2\/categories?post=102430"},{"taxonomy":"post_tag","embeddable":true,"href":"https:\/\/lavozdehellin.com\/noticias\/wp-json\/wp\/v2\/tags?post=102430"}],"curies":[{"name":"wp","href":"https:\/\/api.w.org\/{rel}","templated":true}]}}