{"id":102431,"date":"2020-04-02T23:50:04","date_gmt":"2020-04-02T23:50:04","guid":{"rendered":"https:\/\/lavozdehellin.com\/noticias\/v01-010-programa-oficial-virtual-semana-santa-de-hellin\/"},"modified":"2024-01-04T14:03:53","modified_gmt":"2024-01-04T14:03:53","slug":"v01-010-programa-oficial-virtual-semana-santa-de-hellin","status":"publish","type":"post","link":"https:\/\/lavozdehellin.com\/noticias\/v01-010-programa-oficial-virtual-semana-santa-de-hellin\/","title":{"rendered":"LVH NOTICIAS | PROGRAMA OFICIAL VIRTUAL SEMANA SANTA DE HELL\u00cdN"},"content":{"rendered":"<p style=\"text-align: justify;\">Escrito de la Asociaci\u00f3n de pe\u00f1as de tamborileros de la semana Santa de Hell\u00edn:<\/p>\n<p><!--more--><br \/>\n<!--publicidad-voz01--><a href=\"https:\/\/www.facebook.com\/SoloRadioHellin\/?locale=es_ES\"><img decoding=\"async\" class=\"alignnone size-medium\" src=\"https:\/\/blogger.googleusercontent.com\/img\/b\/R29vZ2xl\/AVvXsEiNncirNnyGedv00mhjZjh5Wl4_YPdJGanoAl8tL8zH-HwqE8uHqjEfSt340RHdx-9tuCSIkZ8rFamZiGyYlgDGxCsmXjCH_1xk5eYM3ntFZRvJP_jndOKR7w1UAo9Tu0vrZyOLfqRpHIxYI5SymJJ-pfGCQw6QVpggBH-UgfjiFQ2JOxqxG0Jx94kW83c\/s1600\/logo-principal.jpg\" width=\"100%\" height=\"100\" \/><\/a><!--bestpublic-voz01--><!--desk-in-out-voz01--><br \/>\n<!--publicidad-voz02--><a href=\"https:\/\/www.hellincf.com\/\"><img decoding=\"async\" class=\"alignnone size-medium\" src=\"https:\/\/blogger.googleusercontent.com\/img\/b\/R29vZ2xl\/AVvXsEhuZ4-XfBVj3UtdP8-RZugy3WVrg-Zv28c53m4oV47qYCxL1rX_dqWX_YddsGSnpH5SRDqZ7bZeKPIfDVCDncpjVlhy3aQs2vojcJBn7Gdv9hC2_Nzct_pRFrnFE1a7KTCdY1bT_kAgnY3-iadRZrGeJf1fR2P5fu11bokx0pWjaypoy-ctwCjklldpEbA\/s1600\/logo-principal7.jpg\" width=\"100%\" height=\"100\" \/><\/a><!--bestpublic-voz02--><!--desk-in-out-voz02--><\/p>\n<p style=\"text-align: justify;\">\u00a1POR LAS VICTIMAS, AFECTADOS Y QUIENES VELAN POR NUESTRA SALUD, SEGURIDAD Y BIENESTAR! \u00abQU\u00c9DATE EN CASA\u201d PERO \u2026\u00a1QUE NO CALLEN NUESTROS TAMBORES! \u00bfYA LOS TEN\u00c9IS PREPARADOS?<\/p>\n<p style=\"text-align: justify;\">\u00a1ESTE VIERNES 3 DE ABRIL&#8230; A LAS 17,00 H TAMBORADA INFANTIL (10 MIN) Y A LAS 23,00 H TAMBORADA DE VIERNES DE DOLORES (10 MIN)!<\/p>\n<p style=\"text-align: justify;\">Estamos viviendo unos d\u00edas dif\u00edciles, a veces se nos hace complicado el ser positivos. Por eso es importante sacar fuerzas para seguir adelante y darnos \u00e1nimos entre todos.<\/p>\n<p style=\"text-align: justify;\">Esto ha coincidido con nuestra semana mayor, que no podremos celebrar como a\u00f1os pasados, pero guardaremos la emoci\u00f3n para el pr\u00f3ximo. Sin embargo, nuestra Semana Santa somos todos, cada uno de los hellineros y hellineras, cofrades y tamborileros y tamborileras. La Semana Santa est\u00e1 en nosotros y forma parte de nosotros. Es celebraci\u00f3n, a\u00fan que tambi\u00e9n es reflexi\u00f3n, oraci\u00f3n y homenaje.<\/p>\n<p style=\"text-align: justify;\">Proponemos, junto a la Asociaci\u00f3n de Cofrad\u00edas y Hermandades, la Asociaci\u00f3n de Pe\u00f1as, las Parroquias de Hell\u00edn y Televisi\u00f3n Hell\u00edn, la celebraci\u00f3n de peque\u00f1os actos que compartamos juntos y nos unamos desde nuestras casas y balcones, todos en uno.<\/p>\n<p style=\"text-align: justify;\">Con ello, tambi\u00e9n, queremos trasladar nuestro \u00e1nimo y fuerzas a todas aquellas personas que combaten d\u00eda a d\u00eda esta enfermedad, luchando por nuestro cuidado y bienestar. Celebrando estos actos con cari\u00f1o para quienes padecen esta enfermedad, dese\u00e1ndoles su pronta recuperaci\u00f3n. Y sin olvidarnos de nuestros vecinos que nos han dejado, siempre estar\u00e1n con nosotros, en nuestros pensamientos.<\/p>\n<p><!--publicidad-voz03--><a href=\"https:\/\/www.facebook.com\/profile.php?id=100063593791305&amp;locale=es_ES\"><img decoding=\"async\" class=\"alignnone size-medium\" src=\"https:\/\/blogger.googleusercontent.com\/img\/b\/R29vZ2xl\/AVvXsEi8_n_ll8UOcGxCqzFvb_9Io4ICczlGC990BPtPj2w9Px-u7B3oqWUW5vtjZUqPNJ-nyjiUIorE0ATsib_l5tV8BVN-UJ03RTnU__IHJF_4DgDBtY4LIqXNG-FomrO-7ywes20CBCRM2Hcm7EJSh3UUw1dO-c_uTflUrtgY1i7uBRezj_DpympmEFkfbQY\/s1600\/logo-principal2.jpg\" width=\"100%\" height=\"100\" \/><\/a><!--bestpublic-voz03--><!--desk-in-out-voz03--><br \/>\n<!--publicidad-voz04--><a href=\"https:\/\/www.facebook.com\/profile.php?id=61557370768692&amp;locale=es_ES\"><img decoding=\"async\" class=\"alignnone size-medium\" src=\"https:\/\/blogger.googleusercontent.com\/img\/b\/R29vZ2xl\/AVvXsEgy5RdcfffrnrItnYTcV9bCJjgJwldsQLWssfVfrLbyfXeBNTFKgBf0rMIvhrUaGUhiXzVr9_eQgCbi-j63ZDpfTvLIty9w7s140y-m1yHe7eKmEK7v2NAHUJDVYGdfeiQFeRCqUjdwWmN1MX_AUxxz4IVdJ4WIM0APxit8bjWkXzrnEFGqBvW_1F13H1g\/s1600\/logo-principal5.jpg\" width=\"100%\" height=\"100\" \/><\/a><!--bestpublic-voz04--><!--desk-in-out-voz04--><br \/>\n<!--publicidad-voz05--><a href=\"https:\/\/www.facebook.com\/asociaciontamborileroshellin?locale=es_ES\"><img decoding=\"async\" class=\"alignnone size-medium\" src=\"https:\/\/blogger.googleusercontent.com\/img\/b\/R29vZ2xl\/AVvXsEhHEEpZsKK1VpwiYMrS7aE2ujtqIDZoLd4B5wtbiseSU9s2HdTdQfhF84So2XwEB1fv0BLw95GADm6hUl1bkKtzh-eIgVigXONuu_5RxeIMPhjk8q6uNX4EaEHbooKkbu7pCADWPpVJjhKIH5NQSJpWqedC-YBez4QAQeJYokkLot9bhrIaUAeztsGis6M\/s1600\/logo-principal3.jpg\" width=\"100%\" height=\"100\" \/><\/a><!--bestpublic-voz05--><!--desk-in-out-voz05--><br \/>\n<!--publicidad-voz06--><!--bestpublic-voz06--><!--desk-in-out-voz06--><br \/>\n<!--publicidad-voz07--><!--bestpublic-voz07--><!--desk-in-out-voz07--><br \/>\n<!--publicidad-voz08--><!--bestpublic-voz08--><!--desk-in-out-voz08--><br \/>\n<!--publicidad-voz09--><!--bestpublic-voz09--><!--desk-in-out-voz09--><br \/>\n<!--publicidad-voz10--><!--bestpublic-voz10--><!--desk-in-out-voz10--><br \/>\n<!--publicidad-voz11--><!--bestpublic-voz11--><!--desk-in-out-voz11--><br \/>\n<!--publicidad-voz12--><!--bestpublic-voz12--><!--desk-in-out-voz12--><br \/>\n<!--publicidad-voz13--><!--bestpublic-voz13--><!--desk-in-out-voz13--><br \/>\n<!--publicidad-voz14--><!--bestpublic-voz14--><!--desk-in-out-voz14--><br \/>\n<!--publicidad-voz15--><!--bestpublic-voz15--><!--desk-in-out-voz15--><br \/>\n<!--publicidad-voz16--><!--bestpublic-voz16--><!--desk-in-out-voz16--><\/p>\n","protected":false},"excerpt":{"rendered":"<p>PROGRAMA OFICIAL VIRTUAL SEMANA SANTA DE HELL\u00cdN<\/p>\n","protected":false},"author":2,"featured_media":90588,"comment_status":"closed","ping_status":"closed","sticky":false,"template":"","format":"standard","meta":{"footnotes":""},"categories":[723,718,715,716,717],"tags":[],"class_list":["post-102431","post","type-post","status-publish","format-standard","has-post-thumbnail","hentry","category-blog-lv005","category-blogger","category-la-voz-de-hellin","category-la-voz-de-hellin-la-voz-de-hellin","category-noticias"],"_links":{"self":[{"href":"https:\/\/lavozdehellin.com\/noticias\/wp-json\/wp\/v2\/posts\/102431","targetHints":{"allow":["GET"]}}],"collection":[{"href":"https:\/\/lavozdehellin.com\/noticias\/wp-json\/wp\/v2\/posts"}],"about":[{"href":"https:\/\/lavozdehellin.com\/noticias\/wp-json\/wp\/v2\/types\/post"}],"author":[{"embeddable":true,"href":"https:\/\/lavozdehellin.com\/noticias\/wp-json\/wp\/v2\/users\/2"}],"replies":[{"embeddable":true,"href":"https:\/\/lavozdehellin.com\/noticias\/wp-json\/wp\/v2\/comments?post=102431"}],"version-history":[{"count":0,"href":"https:\/\/lavozdehellin.com\/noticias\/wp-json\/wp\/v2\/posts\/102431\/revisions"}],"wp:featuredmedia":[{"embeddable":true,"href":"https:\/\/lavozdehellin.com\/noticias\/wp-json\/wp\/v2\/media\/90588"}],"wp:attachment":[{"href":"https:\/\/lavozdehellin.com\/noticias\/wp-json\/wp\/v2\/media?parent=102431"}],"wp:term":[{"taxonomy":"category","embeddable":true,"href":"https:\/\/lavozdehellin.com\/noticias\/wp-json\/wp\/v2\/categories?post=102431"},{"taxonomy":"post_tag","embeddable":true,"href":"https:\/\/lavozdehellin.com\/noticias\/wp-json\/wp\/v2\/tags?post=102431"}],"curies":[{"name":"wp","href":"https:\/\/api.w.org\/{rel}","templated":true}]}}