{"id":102432,"date":"2020-04-01T10:55:54","date_gmt":"2020-04-01T10:55:54","guid":{"rendered":"https:\/\/lavozdehellin.com\/noticias\/v01-011-el-cecor-de-hellin-insiste-en-el-confinamiento-y-estudia-nuevas-medidas-a-nivel-local\/"},"modified":"2024-01-04T14:03:53","modified_gmt":"2024-01-04T14:03:53","slug":"v01-011-el-cecor-de-hellin-insiste-en-el-confinamiento-y-estudia-nuevas-medidas-a-nivel-local","status":"publish","type":"post","link":"https:\/\/lavozdehellin.com\/noticias\/v01-011-el-cecor-de-hellin-insiste-en-el-confinamiento-y-estudia-nuevas-medidas-a-nivel-local\/","title":{"rendered":"LVH NOTICIAS | EL CECOR DE HELL\u00cdN INSISTE EN EL CONFINAMIENTO Y ESTUDIA NUEVAS MEDIDAS A NIVEL LOCAL"},"content":{"rendered":"<p style=\"text-align: justify;\">El alcalde de Hell\u00edn, Ram\u00f3n Garc\u00eda, presidi\u00f3 en la ma\u00f1ana de ayer martes la segunda reuni\u00f3n del Centro de Coordinaci\u00f3n de Hell\u00edn (CECOR), un instrumento de coordinaci\u00f3n de seguridad que se cre\u00f3 hace d\u00edas en la ciudad para valorar las medidas decretadas por el estado de alarma en nuestro pa\u00eds.<\/p>\n<p><!--more--><br \/>\n<!--publicidad-voz01--><a href=\"https:\/\/www.facebook.com\/SoloRadioHellin\/?locale=es_ES\"><img decoding=\"async\" class=\"alignnone size-medium\" src=\"https:\/\/blogger.googleusercontent.com\/img\/b\/R29vZ2xl\/AVvXsEiNncirNnyGedv00mhjZjh5Wl4_YPdJGanoAl8tL8zH-HwqE8uHqjEfSt340RHdx-9tuCSIkZ8rFamZiGyYlgDGxCsmXjCH_1xk5eYM3ntFZRvJP_jndOKR7w1UAo9Tu0vrZyOLfqRpHIxYI5SymJJ-pfGCQw6QVpggBH-UgfjiFQ2JOxqxG0Jx94kW83c\/s1600\/logo-principal.jpg\" width=\"100%\" height=\"100\" \/><\/a><!--bestpublic-voz01--><!--desk-in-out-voz01--><br \/>\n<!--publicidad-voz02--><a href=\"https:\/\/www.hellincf.com\/\"><img decoding=\"async\" class=\"alignnone size-medium\" src=\"https:\/\/blogger.googleusercontent.com\/img\/b\/R29vZ2xl\/AVvXsEhuZ4-XfBVj3UtdP8-RZugy3WVrg-Zv28c53m4oV47qYCxL1rX_dqWX_YddsGSnpH5SRDqZ7bZeKPIfDVCDncpjVlhy3aQs2vojcJBn7Gdv9hC2_Nzct_pRFrnFE1a7KTCdY1bT_kAgnY3-iadRZrGeJf1fR2P5fu11bokx0pWjaypoy-ctwCjklldpEbA\/s1600\/logo-principal7.jpg\" width=\"100%\" height=\"100\" \/><\/a><!--bestpublic-voz02--><!--desk-in-out-voz02--><\/p>\n<p style=\"text-align: justify;\">En la reuni\u00f3n se estudiaron las actuaciones a adoptar a ra\u00edz de la ampliaci\u00f3n del estado de alarma hasta el pr\u00f3ximo 11 de abril y de un modo especial las que eviten el tr\u00e1nsito de personas y veh\u00edculos. Se determinaba que era una necesidad con el fin de reducir la movilidad de la poblaci\u00f3n en el contexto de la lucha contra el COVID-19 y que surge por la aprobaci\u00f3n del Real Decreto-ley 10\/2020, de 29 de marzo, por el que se regula el permiso retribuido recuperable para las personas trabajadoras por cuenta ajena que no presten servicios esenciales.<\/p>\n<p style=\"text-align: justify;\">A la reuni\u00f3n asistieron el comisario jefe del Cuerpo Nacional de Polic\u00eda, el jefe de la Polic\u00eda Local, el capit\u00e1n de la Guardia Civil, el jefe del Parque Comarcal de Bomberos del SEPEI y los representantes de Protecci\u00f3n Civil y Cruz Roja, y era presidida por el alcalde de Hell\u00edn, Ram\u00f3n Garc\u00eda.<\/p>\n<p style=\"text-align: justify;\">Refuerzo de la Polic\u00eda Local<\/p>\n<p style=\"text-align: justify;\">Los componentes del Centro de Coordinaci\u00f3n de Hell\u00edn coincid\u00edan en que hay que hacer mayor hincapi\u00e9 en que todos los ciudadanos se queden en casa para evitar contagios. Se seguir\u00e1n tomando medidas contra el que salga de manera injustificada y, de hecho, hasta el d\u00eda de la reuni\u00f3n, se hab\u00edan impuesto en nuestra localidad 110 denuncias y 3 detenidos por saltarse el confinamiento.<\/p>\n<p style=\"text-align: justify;\">La Polic\u00eda Nacional es la que coordina todas las actuaciones de los respectivos cuerpos y fuerzas de seguridad en Hell\u00edn, seg\u00fan disposici\u00f3n nacional, mientras que el Ayuntamiento ha decidido reforzar la presencia de Polic\u00eda Local en las calles. Tras la de ayer, el Centro de Coordinaci\u00f3n de Hell\u00edn tendr\u00e1 reuniones de car\u00e1cter semanal para evaluar las medidas y su seguimiento.<\/p>\n<p style=\"text-align: justify;\">Al termino de la reuni\u00f3n, el alcalde agradeci\u00f3 a todos su trabajo e implicaci\u00f3n ante la gravedad del momento en el que les est\u00e1 tocando actuar.<\/p>\n<p><!--publicidad-voz03--><a href=\"https:\/\/www.facebook.com\/profile.php?id=100063593791305&amp;locale=es_ES\"><img decoding=\"async\" class=\"alignnone size-medium\" src=\"https:\/\/blogger.googleusercontent.com\/img\/b\/R29vZ2xl\/AVvXsEi8_n_ll8UOcGxCqzFvb_9Io4ICczlGC990BPtPj2w9Px-u7B3oqWUW5vtjZUqPNJ-nyjiUIorE0ATsib_l5tV8BVN-UJ03RTnU__IHJF_4DgDBtY4LIqXNG-FomrO-7ywes20CBCRM2Hcm7EJSh3UUw1dO-c_uTflUrtgY1i7uBRezj_DpympmEFkfbQY\/s1600\/logo-principal2.jpg\" width=\"100%\" height=\"100\" \/><\/a><!--bestpublic-voz03--><!--desk-in-out-voz03--><br \/>\n<!--publicidad-voz04--><a href=\"https:\/\/www.facebook.com\/profile.php?id=61557370768692&amp;locale=es_ES\"><img decoding=\"async\" class=\"alignnone size-medium\" src=\"https:\/\/blogger.googleusercontent.com\/img\/b\/R29vZ2xl\/AVvXsEgy5RdcfffrnrItnYTcV9bCJjgJwldsQLWssfVfrLbyfXeBNTFKgBf0rMIvhrUaGUhiXzVr9_eQgCbi-j63ZDpfTvLIty9w7s140y-m1yHe7eKmEK7v2NAHUJDVYGdfeiQFeRCqUjdwWmN1MX_AUxxz4IVdJ4WIM0APxit8bjWkXzrnEFGqBvW_1F13H1g\/s1600\/logo-principal5.jpg\" width=\"100%\" height=\"100\" \/><\/a><!--bestpublic-voz04--><!--desk-in-out-voz04--><br \/>\n<!--publicidad-voz05--><a href=\"https:\/\/www.facebook.com\/asociaciontamborileroshellin?locale=es_ES\"><img decoding=\"async\" class=\"alignnone size-medium\" src=\"https:\/\/blogger.googleusercontent.com\/img\/b\/R29vZ2xl\/AVvXsEhHEEpZsKK1VpwiYMrS7aE2ujtqIDZoLd4B5wtbiseSU9s2HdTdQfhF84So2XwEB1fv0BLw95GADm6hUl1bkKtzh-eIgVigXONuu_5RxeIMPhjk8q6uNX4EaEHbooKkbu7pCADWPpVJjhKIH5NQSJpWqedC-YBez4QAQeJYokkLot9bhrIaUAeztsGis6M\/s1600\/logo-principal3.jpg\" width=\"100%\" height=\"100\" \/><\/a><!--bestpublic-voz05--><!--desk-in-out-voz05--><br \/>\n<!--publicidad-voz06--><!--bestpublic-voz06--><!--desk-in-out-voz06--><br \/>\n<!--publicidad-voz07--><!--bestpublic-voz07--><!--desk-in-out-voz07--><br \/>\n<!--publicidad-voz08--><!--bestpublic-voz08--><!--desk-in-out-voz08--><br \/>\n<!--publicidad-voz09--><!--bestpublic-voz09--><!--desk-in-out-voz09--><br \/>\n<!--publicidad-voz10--><!--bestpublic-voz10--><!--desk-in-out-voz10--><br \/>\n<!--publicidad-voz11--><!--bestpublic-voz11--><!--desk-in-out-voz11--><br \/>\n<!--publicidad-voz12--><!--bestpublic-voz12--><!--desk-in-out-voz12--><br \/>\n<!--publicidad-voz13--><!--bestpublic-voz13--><!--desk-in-out-voz13--><br \/>\n<!--publicidad-voz14--><!--bestpublic-voz14--><!--desk-in-out-voz14--><br \/>\n<!--publicidad-voz15--><!--bestpublic-voz15--><!--desk-in-out-voz15--><br \/>\n<!--publicidad-voz16--><!--bestpublic-voz16--><!--desk-in-out-voz16--><\/p>\n","protected":false},"excerpt":{"rendered":"<p>EL CECOR DE HELL\u00cdN INSISTE EN EL CONFINAMIENTO Y ESTUDIA NUEVAS MEDIDAS A NIVEL LOCAL<\/p>\n","protected":false},"author":2,"featured_media":90584,"comment_status":"closed","ping_status":"closed","sticky":false,"template":"","format":"standard","meta":{"footnotes":""},"categories":[723,718,715,716,717],"tags":[],"class_list":["post-102432","post","type-post","status-publish","format-standard","has-post-thumbnail","hentry","category-blog-lv005","category-blogger","category-la-voz-de-hellin","category-la-voz-de-hellin-la-voz-de-hellin","category-noticias"],"_links":{"self":[{"href":"https:\/\/lavozdehellin.com\/noticias\/wp-json\/wp\/v2\/posts\/102432","targetHints":{"allow":["GET"]}}],"collection":[{"href":"https:\/\/lavozdehellin.com\/noticias\/wp-json\/wp\/v2\/posts"}],"about":[{"href":"https:\/\/lavozdehellin.com\/noticias\/wp-json\/wp\/v2\/types\/post"}],"author":[{"embeddable":true,"href":"https:\/\/lavozdehellin.com\/noticias\/wp-json\/wp\/v2\/users\/2"}],"replies":[{"embeddable":true,"href":"https:\/\/lavozdehellin.com\/noticias\/wp-json\/wp\/v2\/comments?post=102432"}],"version-history":[{"count":0,"href":"https:\/\/lavozdehellin.com\/noticias\/wp-json\/wp\/v2\/posts\/102432\/revisions"}],"wp:featuredmedia":[{"embeddable":true,"href":"https:\/\/lavozdehellin.com\/noticias\/wp-json\/wp\/v2\/media\/90584"}],"wp:attachment":[{"href":"https:\/\/lavozdehellin.com\/noticias\/wp-json\/wp\/v2\/media?parent=102432"}],"wp:term":[{"taxonomy":"category","embeddable":true,"href":"https:\/\/lavozdehellin.com\/noticias\/wp-json\/wp\/v2\/categories?post=102432"},{"taxonomy":"post_tag","embeddable":true,"href":"https:\/\/lavozdehellin.com\/noticias\/wp-json\/wp\/v2\/tags?post=102432"}],"curies":[{"name":"wp","href":"https:\/\/api.w.org\/{rel}","templated":true}]}}