{"id":102434,"date":"2018-10-02T00:59:45","date_gmt":"2018-10-02T00:59:45","guid":{"rendered":"https:\/\/lavozdehellin.com\/noticias\/v01-013-letur-y-casas-de-lazaro-acogieron-dos-nuevas-rutas-senderistas-de-la-diputacion\/"},"modified":"2024-01-04T14:08:44","modified_gmt":"2024-01-04T14:08:44","slug":"v01-013-letur-y-casas-de-lazaro-acogieron-dos-nuevas-rutas-senderistas-de-la-diputacion","status":"publish","type":"post","link":"https:\/\/lavozdehellin.com\/noticias\/v01-013-letur-y-casas-de-lazaro-acogieron-dos-nuevas-rutas-senderistas-de-la-diputacion\/","title":{"rendered":"LVH NOTICIAS | LETUR Y CASAS DE L\u00c1ZARO ACOGIERON DOS NUEVAS RUTAS SENDERISTAS DE LA DIPUTACI\u00d3N"},"content":{"rendered":"<p style=\"text-align: justify;\">Este s\u00e1bado y domingo, 29 y 30 de septiembre, tuvieron lugar otras dos nuevas rutas de senderismo, dentro de la actividad que organiza la Diputaci\u00f3n Provincial de Albacete para promocionar el turismo, el deporte y la cultura de nuestros pueblos.<\/p>\n<p><!--more--><br \/>\n<!--publicidad-voz01--><a href=\"https:\/\/www.facebook.com\/SoloRadioHellin\/?locale=es_ES\"><img decoding=\"async\" class=\"alignnone size-medium\" src=\"https:\/\/blogger.googleusercontent.com\/img\/b\/R29vZ2xl\/AVvXsEiNncirNnyGedv00mhjZjh5Wl4_YPdJGanoAl8tL8zH-HwqE8uHqjEfSt340RHdx-9tuCSIkZ8rFamZiGyYlgDGxCsmXjCH_1xk5eYM3ntFZRvJP_jndOKR7w1UAo9Tu0vrZyOLfqRpHIxYI5SymJJ-pfGCQw6QVpggBH-UgfjiFQ2JOxqxG0Jx94kW83c\/s1600\/logo-principal.jpg\" width=\"100%\" height=\"100\" \/><\/a><!--bestpublic-voz01--><!--desk-in-out-voz01--><br \/>\n<!--publicidad-voz02--><a href=\"https:\/\/www.hellincf.com\/\"><img decoding=\"async\" class=\"alignnone size-medium\" src=\"https:\/\/blogger.googleusercontent.com\/img\/b\/R29vZ2xl\/AVvXsEhuZ4-XfBVj3UtdP8-RZugy3WVrg-Zv28c53m4oV47qYCxL1rX_dqWX_YddsGSnpH5SRDqZ7bZeKPIfDVCDncpjVlhy3aQs2vojcJBn7Gdv9hC2_Nzct_pRFrnFE1a7KTCdY1bT_kAgnY3-iadRZrGeJf1fR2P5fu11bokx0pWjaypoy-ctwCjklldpEbA\/s1600\/logo-principal7.jpg\" width=\"100%\" height=\"100\" \/><\/a><!--bestpublic-voz02--><!--desk-in-out-voz02--><\/p>\n<p style=\"text-align: justify;\">Por un lado, el s\u00e1bado, los participantes visitaron Letur, con el ascenso al Monte Regal\u00ed, mientras que el domingo se desplazaron hasta Casa de L\u00e1zaro, donde recorrieron parte de la Ruta del Quijote.<\/p>\n<p style=\"text-align: justify;\">El s\u00e1bado, recorrieron la ruta denominada \u201cRuta del Rey Al\u00ed\u201d, un trayecto circular, de 16,7 kil\u00f3metros de distancia, de dificultad media-alta y cinco horas de duraci\u00f3n. Con salida y llegada en la Plaza Mayor de esta villa, la ruta transcurri\u00f3 por las principales huertas a las que ya se hac\u00eda menci\u00f3n la relaci\u00f3n Topogr\u00e1fica el Rey Felipe II en el siglo XVI.<\/p>\n<p style=\"text-align: justify;\">Partieron por la calle Los Molinos, donde pudieron observar tres b\u00f3vedas de siller\u00eda fuerte y la acequia que desde hace siglos abastece a los molinos harineros, a\u00fan existentes. Abandonaron el casco urbano por el camino de F\u00e9rez y bordearon el pe\u00f1\u00f3n rocoso donde se asienta la villa, atravesando la rambla del arroyo del lavadero, cruzaron las huertas del Benjam\u00edn, El Peralejo y el Ni\u00f1o S\u00e1nchez.<\/p>\n<p style=\"text-align: justify;\">Cruzaron la rambla del Lentiscal, para coger el camino de Regal\u00ed y empezar a ascender hasta el Monte con el mismo nombre, donde se encuentra un refugio para uso y disfrute de cualquier visitante, lugar que aprovecharon para almorzar. Una vez arriba, pudieron ver una impresionante vista de Letur y su vega, mientras que, desplaz\u00e1ndose un poco, pudieron contemplar tambi\u00e9n los ca\u00f1ones del r\u00edo Segura.<\/p>\n<p style=\"text-align: justify;\">Atravesando el monte se dispusieron a bajar hacia el r\u00edo Segura a trav\u00e9s de un antiqu\u00edsimo paso de herradura denominado la Escalera del Caracol. Bordeando el r\u00edo contracorriente llegaron al Almazar\u00e1n, antiguo asentamiento de la \u00e9poca de la dominaci\u00f3n musulmana. Desde este punto, comenzaron el regreso hasta Letur por El Peralejo, a lo largo de la cual, vieron diversos asentamientos como Los Pradillos, El Molino o El Salto. Comenzaron el ascenso hacia el pueblo y atravesaron el casco antiguo hasta llegar de nuevo a la Plaza.<\/p>\n<p style=\"text-align: justify;\">Ya el domingo, y en Casas de L\u00e1zaro, con un poco de fr\u00edo a primera hora, no a \u00faltima, alrededor\u00a0de las nueve de la ma\u00f1ana y tras el saludo de la alcaldesa Mar\u00eda Eugenia Cuartero, quien les acompa\u00f1ar\u00eda y guiar\u00eda durante el recorrido, comenzaron a caminar, dirigi\u00e9ndose en primer lugar al descansadero de \u201cEl Quijote\u201d, un lugar acondicionado con bancos y mesas para tomar un tentempi\u00e9, con unas fant\u00e1sticas vistas de Casas de L\u00e1zaro, lugar que aprovecharon para realizar la t\u00edpica foto de grupo.<\/p>\n<p style=\"text-align: justify;\">Desde aqu\u00ed descendieron de nuevo hacia el puente de \u201cEl Ca\u00f1o\u201d para cruzarlo y dirigirse entre huertas, almendros, olivos y campos de cultivo hacia el paraje de \u201cLa Tala\u201d un precioso bosque de pinos principalmente y adornado con algunas encinas y sabinas, parte importante de la Ruta del Quijote.<\/p>\n<p style=\"text-align: justify;\">Entre pinos, con una temperatura todav\u00eda agradable y un camino reci\u00e9n acondicionado por la Diputaci\u00f3n Provincial, llegaron hasta enlazar con la Ruta de \u201cEl Quijote\u201d, un tramo que trascurre por la V\u00eda Verde, antigua l\u00ednea Baeza-Utiel, acondicionada para este tipo de actividades, ya que gracias al poco o nulo desnivel que existe hace muy llevadero el paseo, y m\u00e1s rodeados de plena naturaleza.<\/p>\n<p style=\"text-align: justify;\">Antes de coger dicha v\u00eda, bajo unas gigantescas encinas pararon a almorzar, bocadillos y bebida fr\u00eda, que al igual que el desayuno, fueron cortes\u00eda del Ayuntamiento de Casas de L\u00e1zaro.<\/p>\n<p style=\"text-align: justify;\">Atravesaron varios t\u00faneles hasta llegar a una antigua construcci\u00f3n t\u00edpica ferroviaria, por desgracia derruida, donde dieron la vuelta para regresar, deshaciendo el camino andado. Volvieron parte del camino de pinos hasta llegar al camino de Masegoso y desde ah\u00ed, por el cementerio, llegar de nuevo a la Plaza de San Jos\u00e9 de Casas de L\u00e1zaro, con algo mas de calor que a la salida.<\/p>\n<p style=\"text-align: justify;\">Tras la comida, visitaron el conocido taller de artesan\u00eda textil del maestro artesano Eustaquio Rosa y la iglesia de \u201cSan Jos\u00e9\u201d de Casa de L\u00e1zaro para ver la escultura de Francisco Salzillo y Alcaraz.<\/p>\n<p style=\"text-align: justify;\">Dos bonitas rutas, que hicieron disfrutar a los cien participantes de esta actividad, que tanto \u00e9xito ha tenido en anteriores ediciones, organizada por la Diputaci\u00f3n Provincial de Albacete.<\/p>\n<p style=\"text-align: justify;\">La pr\u00f3xima cita ser\u00e1 este domingo, 7 de octubre, en Caudete, denominada \u201cPiedra Horadada-Microrreserva los Arenales\u201d. Una marcha circular, 16 kil\u00f3metros de distancia, de una dificultad t\u00e9cnica media y con salida a las nueve de la ma\u00f1ana desde la Ciudad deportiva Antonio Amor\u00f3s del municipio.<\/p>\n<p><!--publicidad-voz03--><a href=\"https:\/\/www.facebook.com\/profile.php?id=100063593791305&amp;locale=es_ES\"><img decoding=\"async\" class=\"alignnone size-medium\" src=\"https:\/\/blogger.googleusercontent.com\/img\/b\/R29vZ2xl\/AVvXsEi8_n_ll8UOcGxCqzFvb_9Io4ICczlGC990BPtPj2w9Px-u7B3oqWUW5vtjZUqPNJ-nyjiUIorE0ATsib_l5tV8BVN-UJ03RTnU__IHJF_4DgDBtY4LIqXNG-FomrO-7ywes20CBCRM2Hcm7EJSh3UUw1dO-c_uTflUrtgY1i7uBRezj_DpympmEFkfbQY\/s1600\/logo-principal2.jpg\" width=\"100%\" height=\"100\" \/><\/a><!--bestpublic-voz03--><!--desk-in-out-voz03--><br \/>\n<!--publicidad-voz04--><a href=\"https:\/\/www.facebook.com\/profile.php?id=61557370768692&amp;locale=es_ES\"><img decoding=\"async\" class=\"alignnone size-medium\" src=\"https:\/\/blogger.googleusercontent.com\/img\/b\/R29vZ2xl\/AVvXsEgy5RdcfffrnrItnYTcV9bCJjgJwldsQLWssfVfrLbyfXeBNTFKgBf0rMIvhrUaGUhiXzVr9_eQgCbi-j63ZDpfTvLIty9w7s140y-m1yHe7eKmEK7v2NAHUJDVYGdfeiQFeRCqUjdwWmN1MX_AUxxz4IVdJ4WIM0APxit8bjWkXzrnEFGqBvW_1F13H1g\/s1600\/logo-principal5.jpg\" width=\"100%\" height=\"100\" \/><\/a><!--bestpublic-voz04--><!--desk-in-out-voz04--><br \/>\n<!--publicidad-voz05--><a href=\"https:\/\/www.facebook.com\/asociaciontamborileroshellin?locale=es_ES\"><img decoding=\"async\" class=\"alignnone size-medium\" src=\"https:\/\/blogger.googleusercontent.com\/img\/b\/R29vZ2xl\/AVvXsEhHEEpZsKK1VpwiYMrS7aE2ujtqIDZoLd4B5wtbiseSU9s2HdTdQfhF84So2XwEB1fv0BLw95GADm6hUl1bkKtzh-eIgVigXONuu_5RxeIMPhjk8q6uNX4EaEHbooKkbu7pCADWPpVJjhKIH5NQSJpWqedC-YBez4QAQeJYokkLot9bhrIaUAeztsGis6M\/s1600\/logo-principal3.jpg\" width=\"100%\" height=\"100\" \/><\/a><!--bestpublic-voz05--><!--desk-in-out-voz05--><br \/>\n<!--publicidad-voz06--><!--bestpublic-voz06--><!--desk-in-out-voz06--><br \/>\n<!--publicidad-voz07--><!--bestpublic-voz07--><!--desk-in-out-voz07--><br \/>\n<!--publicidad-voz08--><!--bestpublic-voz08--><!--desk-in-out-voz08--><br \/>\n<!--publicidad-voz09--><!--bestpublic-voz09--><!--desk-in-out-voz09--><br \/>\n<!--publicidad-voz10--><!--bestpublic-voz10--><!--desk-in-out-voz10--><br \/>\n<!--publicidad-voz11--><!--bestpublic-voz11--><!--desk-in-out-voz11--><br \/>\n<!--publicidad-voz12--><!--bestpublic-voz12--><!--desk-in-out-voz12--><br \/>\n<!--publicidad-voz13--><!--bestpublic-voz13--><!--desk-in-out-voz13--><br \/>\n<!--publicidad-voz14--><!--bestpublic-voz14--><!--desk-in-out-voz14--><br \/>\n<!--publicidad-voz15--><!--bestpublic-voz15--><!--desk-in-out-voz15--><br \/>\n<!--publicidad-voz16--><!--bestpublic-voz16--><!--desk-in-out-voz16--><\/p>\n","protected":false},"excerpt":{"rendered":"<p>LETUR Y CASAS DE L\u00c1ZARO ACOGIERON DOS NUEVAS RUTAS SENDERISTAS DE LA DIPUTACI\u00d3N<\/p>\n","protected":false},"author":2,"featured_media":90582,"comment_status":"closed","ping_status":"closed","sticky":false,"template":"","format":"standard","meta":{"footnotes":""},"categories":[723,718,715,716,717],"tags":[],"class_list":["post-102434","post","type-post","status-publish","format-standard","has-post-thumbnail","hentry","category-blog-lv005","category-blogger","category-la-voz-de-hellin","category-la-voz-de-hellin-la-voz-de-hellin","category-noticias"],"_links":{"self":[{"href":"https:\/\/lavozdehellin.com\/noticias\/wp-json\/wp\/v2\/posts\/102434","targetHints":{"allow":["GET"]}}],"collection":[{"href":"https:\/\/lavozdehellin.com\/noticias\/wp-json\/wp\/v2\/posts"}],"about":[{"href":"https:\/\/lavozdehellin.com\/noticias\/wp-json\/wp\/v2\/types\/post"}],"author":[{"embeddable":true,"href":"https:\/\/lavozdehellin.com\/noticias\/wp-json\/wp\/v2\/users\/2"}],"replies":[{"embeddable":true,"href":"https:\/\/lavozdehellin.com\/noticias\/wp-json\/wp\/v2\/comments?post=102434"}],"version-history":[{"count":0,"href":"https:\/\/lavozdehellin.com\/noticias\/wp-json\/wp\/v2\/posts\/102434\/revisions"}],"wp:featuredmedia":[{"embeddable":true,"href":"https:\/\/lavozdehellin.com\/noticias\/wp-json\/wp\/v2\/media\/90582"}],"wp:attachment":[{"href":"https:\/\/lavozdehellin.com\/noticias\/wp-json\/wp\/v2\/media?parent=102434"}],"wp:term":[{"taxonomy":"category","embeddable":true,"href":"https:\/\/lavozdehellin.com\/noticias\/wp-json\/wp\/v2\/categories?post=102434"},{"taxonomy":"post_tag","embeddable":true,"href":"https:\/\/lavozdehellin.com\/noticias\/wp-json\/wp\/v2\/tags?post=102434"}],"curies":[{"name":"wp","href":"https:\/\/api.w.org\/{rel}","templated":true}]}}