{"id":102435,"date":"2018-10-02T00:30:39","date_gmt":"2018-10-02T00:30:39","guid":{"rendered":"https:\/\/lavozdehellin.com\/noticias\/v01-014-villaverde-de-guadalimar-acogio-una-gran-jornada-de-btt\/"},"modified":"2024-01-04T14:08:44","modified_gmt":"2024-01-04T14:08:44","slug":"v01-014-villaverde-de-guadalimar-acogio-una-gran-jornada-de-btt","status":"publish","type":"post","link":"https:\/\/lavozdehellin.com\/noticias\/v01-014-villaverde-de-guadalimar-acogio-una-gran-jornada-de-btt\/","title":{"rendered":"LVH NOTICIAS | VILLAVERDE DE GUADALIMAR ACOGI\u00d3 UNA GRAN JORNADA DE BTT"},"content":{"rendered":"<p style=\"text-align: justify;\">El pasado domingo se vivi\u00f3 una gran jornada de BTT en la localidad serrana de Villaverde de Guadalimar, perteneciente al XII Circuito Provincial de BTT organizado por la Diputaci\u00f3n de Albacete. Villaverde siempre ofrece un recorrido exigente a la par que bonito, lo que propici\u00f3 que la inmensa mayor\u00eda de los corredores que tomaron parte en la prueba disfrutasen de lo lindo. Las condiciones meteorol\u00f3gicas tambi\u00e9n acompa\u00f1aron.<\/p>\n<p><!--more--><br \/>\n<!--publicidad-voz01--><a href=\"https:\/\/www.facebook.com\/SoloRadioHellin\/?locale=es_ES\"><img decoding=\"async\" class=\"alignnone size-medium\" src=\"https:\/\/blogger.googleusercontent.com\/img\/b\/R29vZ2xl\/AVvXsEiNncirNnyGedv00mhjZjh5Wl4_YPdJGanoAl8tL8zH-HwqE8uHqjEfSt340RHdx-9tuCSIkZ8rFamZiGyYlgDGxCsmXjCH_1xk5eYM3ntFZRvJP_jndOKR7w1UAo9Tu0vrZyOLfqRpHIxYI5SymJJ-pfGCQw6QVpggBH-UgfjiFQ2JOxqxG0Jx94kW83c\/s1600\/logo-principal.jpg\" width=\"100%\" height=\"100\" \/><\/a><!--bestpublic-voz01--><!--desk-in-out-voz01--><br \/>\n<!--publicidad-voz02--><a href=\"https:\/\/www.hellincf.com\/\"><img decoding=\"async\" class=\"alignnone size-medium\" src=\"https:\/\/blogger.googleusercontent.com\/img\/b\/R29vZ2xl\/AVvXsEhuZ4-XfBVj3UtdP8-RZugy3WVrg-Zv28c53m4oV47qYCxL1rX_dqWX_YddsGSnpH5SRDqZ7bZeKPIfDVCDncpjVlhy3aQs2vojcJBn7Gdv9hC2_Nzct_pRFrnFE1a7KTCdY1bT_kAgnY3-iadRZrGeJf1fR2P5fu11bokx0pWjaypoy-ctwCjklldpEbA\/s1600\/logo-principal7.jpg\" width=\"100%\" height=\"100\" \/><\/a><!--bestpublic-voz02--><!--desk-in-out-voz02--><\/p>\n<p style=\"text-align: justify;\">En el plano estrictamente deportivo resaltar las victorias cosechadas por Pedro Jes\u00fas Rodr\u00edguez (INGETEAM RUMBO BTT) y Desir\u00e9e Moya (MANZANARES\u2013BERRIA RACING TEAM). En lo que a portadores de los maillots de l\u00edderes del circuito masculino y femenino, esta prueba no ha supuesto ninguna modificaci\u00f3n ya que Alberto L\u00f3pez (BICIS EL HELLINERO\u2013ACECHO) y A\u00edda Mil\u00e1n (INGETEAM RUMBO BTT) siguen siendo l\u00edderes absolutos.<\/p>\n<p style=\"text-align: justify;\">A las diez en punto de la ma\u00f1ana arrancaba una nueva prueba del Circuito Provincial, la trig\u00e9simo primera para ser m\u00e1s exactos. En la categor\u00eda masculina, tras el pistoletazo de salida se rodar\u00eda en pelot\u00f3n y, de forma gradual, ir\u00edan quedando en cabeza los principales favoritos a la victoria final. Varios de ellos intentar\u00edan, sin obtener el resultado esperado, diversos ataques; pero en uno de ellos, Pedro Jes\u00fas Rodr\u00edguez e Iv\u00e1n Mart\u00ednez (HMBIKES\u2013BMC TEAM) conseguir\u00edan escaparse del resto. Por detr\u00e1s, Jos\u00e9 Luis Pastor (IGM\u2013EUROCICLO), Juan Carlos S\u00e1nchez (EKUON EL CONCHEL\/DIPUTACI\u00d3N DE ALBACETE SPORT TEAM) y C\u00e9sar Ruiz (TEAM PREMIER HELL\u00cdN) colaborar\u00edan para acabar cogiendo a la cabeza de carrera. Pero nuevamente Pedro Jes\u00fas e Iv\u00e1n volver\u00edan a escaparse coronando as\u00ed el \u00faltimo puerto del recorrido. Pedro Jes\u00fas aprovechar\u00eda para escaparse en solitario hasta meta, siendo Iv\u00e1n neutralizado por el grupo perseguidor. A poco de la l\u00ednea de meta, primero Juan Carlos S\u00e1nchez y luego Jos\u00e9 Luis Pastor, conseguir\u00edan escaparse y entrar en meta como segundo y tercer clasificado, respectivamente.<\/p>\n<p style=\"text-align: justify;\">En la categor\u00eda femenina, tambi\u00e9n se rodar\u00eda en grupo al principio, pero Desir\u00e9e Moya no esperar\u00eda mucho para aumentar el ritmo y conseguir una ventaja que, a la postre, le ser\u00eda m\u00e1s que suficiente para cruzar la meta en primer lugar. Por detr\u00e1s, A\u00edda Mil\u00e1n y Ver\u00f3nica Gonz\u00e1lez (BICICLETAS APARICIO BTT) luchar\u00edan intensamente por la segunda posici\u00f3n, pero A\u00edda conseguir\u00eda distanciarse de Ver\u00f3nica para acabar consiguiendo la segunda plaza y, quedando as\u00ed, Ver\u00f3nica como tercera clasificada.<\/p>\n<p style=\"text-align: justify;\">En el recorrido alternativo o corto, Luis Cant\u00f3 (MTB RODAMONTES) y Bel\u00e9n Rico (MANZANARES\u2013BERRIA RACING TEAM) vencieron en la categor\u00eda Senior y, en la categor\u00eda J\u00fanior, fueron Pedro L\u00f3pez (MANZANARES\u2013BERRIA RACING TEAM) y Alicia \u00c1lvarez (DEPOR BIKE SPORTECNIC CLUB CICLISTA) quienes cruzaron la l\u00ednea de meta en primer lugar.<\/p>\n<p style=\"text-align: justify;\">Para la semana que viene m\u00e1s BTT en la provincia de Albacete, dentro del Circuito de Diputaci\u00f3n, siendo en este caso la localidad de Ossa de Montiel la que acoja una nueva prueba del Circuito, que un a\u00f1o m\u00e1s est\u00e1 resultando todo un \u00e9xito.<\/p>\n<p><!--publicidad-voz03--><a href=\"https:\/\/www.facebook.com\/profile.php?id=100063593791305&amp;locale=es_ES\"><img decoding=\"async\" class=\"alignnone size-medium\" src=\"https:\/\/blogger.googleusercontent.com\/img\/b\/R29vZ2xl\/AVvXsEi8_n_ll8UOcGxCqzFvb_9Io4ICczlGC990BPtPj2w9Px-u7B3oqWUW5vtjZUqPNJ-nyjiUIorE0ATsib_l5tV8BVN-UJ03RTnU__IHJF_4DgDBtY4LIqXNG-FomrO-7ywes20CBCRM2Hcm7EJSh3UUw1dO-c_uTflUrtgY1i7uBRezj_DpympmEFkfbQY\/s1600\/logo-principal2.jpg\" width=\"100%\" height=\"100\" \/><\/a><!--bestpublic-voz03--><!--desk-in-out-voz03--><br \/>\n<!--publicidad-voz04--><a href=\"https:\/\/www.facebook.com\/profile.php?id=61557370768692&amp;locale=es_ES\"><img decoding=\"async\" class=\"alignnone size-medium\" src=\"https:\/\/blogger.googleusercontent.com\/img\/b\/R29vZ2xl\/AVvXsEgy5RdcfffrnrItnYTcV9bCJjgJwldsQLWssfVfrLbyfXeBNTFKgBf0rMIvhrUaGUhiXzVr9_eQgCbi-j63ZDpfTvLIty9w7s140y-m1yHe7eKmEK7v2NAHUJDVYGdfeiQFeRCqUjdwWmN1MX_AUxxz4IVdJ4WIM0APxit8bjWkXzrnEFGqBvW_1F13H1g\/s1600\/logo-principal5.jpg\" width=\"100%\" height=\"100\" \/><\/a><!--bestpublic-voz04--><!--desk-in-out-voz04--><br \/>\n<!--publicidad-voz05--><a href=\"https:\/\/www.facebook.com\/asociaciontamborileroshellin?locale=es_ES\"><img decoding=\"async\" class=\"alignnone size-medium\" src=\"https:\/\/blogger.googleusercontent.com\/img\/b\/R29vZ2xl\/AVvXsEhHEEpZsKK1VpwiYMrS7aE2ujtqIDZoLd4B5wtbiseSU9s2HdTdQfhF84So2XwEB1fv0BLw95GADm6hUl1bkKtzh-eIgVigXONuu_5RxeIMPhjk8q6uNX4EaEHbooKkbu7pCADWPpVJjhKIH5NQSJpWqedC-YBez4QAQeJYokkLot9bhrIaUAeztsGis6M\/s1600\/logo-principal3.jpg\" width=\"100%\" height=\"100\" \/><\/a><!--bestpublic-voz05--><!--desk-in-out-voz05--><br \/>\n<!--publicidad-voz06--><!--bestpublic-voz06--><!--desk-in-out-voz06--><br \/>\n<!--publicidad-voz07--><!--bestpublic-voz07--><!--desk-in-out-voz07--><br \/>\n<!--publicidad-voz08--><!--bestpublic-voz08--><!--desk-in-out-voz08--><br \/>\n<!--publicidad-voz09--><!--bestpublic-voz09--><!--desk-in-out-voz09--><br \/>\n<!--publicidad-voz10--><!--bestpublic-voz10--><!--desk-in-out-voz10--><br \/>\n<!--publicidad-voz11--><!--bestpublic-voz11--><!--desk-in-out-voz11--><br \/>\n<!--publicidad-voz12--><!--bestpublic-voz12--><!--desk-in-out-voz12--><br \/>\n<!--publicidad-voz13--><!--bestpublic-voz13--><!--desk-in-out-voz13--><br \/>\n<!--publicidad-voz14--><!--bestpublic-voz14--><!--desk-in-out-voz14--><br \/>\n<!--publicidad-voz15--><!--bestpublic-voz15--><!--desk-in-out-voz15--><br \/>\n<!--publicidad-voz16--><!--bestpublic-voz16--><!--desk-in-out-voz16--><\/p>\n","protected":false},"excerpt":{"rendered":"<p>VILLAVERDE DE GUADALIMAR ACOGI\u00d3 UNA GRAN JORNADA DE BTT<\/p>\n","protected":false},"author":2,"featured_media":90580,"comment_status":"closed","ping_status":"closed","sticky":false,"template":"","format":"standard","meta":{"footnotes":""},"categories":[723,718,715,716,717],"tags":[],"class_list":["post-102435","post","type-post","status-publish","format-standard","has-post-thumbnail","hentry","category-blog-lv005","category-blogger","category-la-voz-de-hellin","category-la-voz-de-hellin-la-voz-de-hellin","category-noticias"],"_links":{"self":[{"href":"https:\/\/lavozdehellin.com\/noticias\/wp-json\/wp\/v2\/posts\/102435","targetHints":{"allow":["GET"]}}],"collection":[{"href":"https:\/\/lavozdehellin.com\/noticias\/wp-json\/wp\/v2\/posts"}],"about":[{"href":"https:\/\/lavozdehellin.com\/noticias\/wp-json\/wp\/v2\/types\/post"}],"author":[{"embeddable":true,"href":"https:\/\/lavozdehellin.com\/noticias\/wp-json\/wp\/v2\/users\/2"}],"replies":[{"embeddable":true,"href":"https:\/\/lavozdehellin.com\/noticias\/wp-json\/wp\/v2\/comments?post=102435"}],"version-history":[{"count":0,"href":"https:\/\/lavozdehellin.com\/noticias\/wp-json\/wp\/v2\/posts\/102435\/revisions"}],"wp:featuredmedia":[{"embeddable":true,"href":"https:\/\/lavozdehellin.com\/noticias\/wp-json\/wp\/v2\/media\/90580"}],"wp:attachment":[{"href":"https:\/\/lavozdehellin.com\/noticias\/wp-json\/wp\/v2\/media?parent=102435"}],"wp:term":[{"taxonomy":"category","embeddable":true,"href":"https:\/\/lavozdehellin.com\/noticias\/wp-json\/wp\/v2\/categories?post=102435"},{"taxonomy":"post_tag","embeddable":true,"href":"https:\/\/lavozdehellin.com\/noticias\/wp-json\/wp\/v2\/tags?post=102435"}],"curies":[{"name":"wp","href":"https:\/\/api.w.org\/{rel}","templated":true}]}}