{"id":102437,"date":"2018-09-28T17:56:21","date_gmt":"2018-09-28T17:56:21","guid":{"rendered":"https:\/\/lavozdehellin.com\/noticias\/v01-016-villaverde-de-guadalimar-recibe-la-proxima-prueba-del-circuito-provincial-de-btt\/"},"modified":"2024-01-04T14:08:45","modified_gmt":"2024-01-04T14:08:45","slug":"v01-016-villaverde-de-guadalimar-recibe-la-proxima-prueba-del-circuito-provincial-de-btt","status":"publish","type":"post","link":"https:\/\/lavozdehellin.com\/noticias\/v01-016-villaverde-de-guadalimar-recibe-la-proxima-prueba-del-circuito-provincial-de-btt\/","title":{"rendered":"LVH NOTICIAS | VILLAVERDE DE GUADALIMAR RECIBE LA PR\u00d3XIMA PRUEBA DEL CIRCUITO PROVINCIAL DE BTT"},"content":{"rendered":"<p style=\"text-align: justify;\">El pr\u00f3ximo domingo ser\u00e1 el municipio serrano de Villaverde de Guadalimar quien acoja la trig\u00e9simo primera prueba del XII Circuito Provincial BTT Diputaci\u00f3n de Albacete. \u00a0Con un emplazamiento privilegiado, entorno perteneciente al Parque Natural de los Calares del R\u00edo Mundo y de la Sima, el exigente trazado de 37 kil\u00f3metros contar\u00e1 con la belleza paisaj\u00edstica que caracteriza a la zona.<\/p>\n<p><!--more--><br \/>\n<!--publicidad-voz01--><a href=\"https:\/\/www.facebook.com\/SoloRadioHellin\/?locale=es_ES\"><img decoding=\"async\" class=\"alignnone size-medium\" src=\"https:\/\/blogger.googleusercontent.com\/img\/b\/R29vZ2xl\/AVvXsEiNncirNnyGedv00mhjZjh5Wl4_YPdJGanoAl8tL8zH-HwqE8uHqjEfSt340RHdx-9tuCSIkZ8rFamZiGyYlgDGxCsmXjCH_1xk5eYM3ntFZRvJP_jndOKR7w1UAo9Tu0vrZyOLfqRpHIxYI5SymJJ-pfGCQw6QVpggBH-UgfjiFQ2JOxqxG0Jx94kW83c\/s1600\/logo-principal.jpg\" width=\"100%\" height=\"100\" \/><\/a><!--bestpublic-voz01--><!--desk-in-out-voz01--><br \/>\n<!--publicidad-voz02--><a href=\"https:\/\/www.hellincf.com\/\"><img decoding=\"async\" class=\"alignnone size-medium\" src=\"https:\/\/blogger.googleusercontent.com\/img\/b\/R29vZ2xl\/AVvXsEhuZ4-XfBVj3UtdP8-RZugy3WVrg-Zv28c53m4oV47qYCxL1rX_dqWX_YddsGSnpH5SRDqZ7bZeKPIfDVCDncpjVlhy3aQs2vojcJBn7Gdv9hC2_Nzct_pRFrnFE1a7KTCdY1bT_kAgnY3-iadRZrGeJf1fR2P5fu11bokx0pWjaypoy-ctwCjklldpEbA\/s1600\/logo-principal7.jpg\" width=\"100%\" height=\"100\" \/><\/a><!--bestpublic-voz02--><!--desk-in-out-voz02--><\/p>\n<p style=\"text-align: justify;\">Un total de 271 ciclistas tomar\u00e1n salida, programada para las 10:00 horas desde la plaza de toros del municipio. Ser\u00e1n 29 corredores los que disfruten del recorrido alternativo y de sus 21 kil\u00f3metros de ruta exigente pero asequible para el p\u00fablico que se inicia en el deporte.<\/p>\n<p style=\"text-align: justify;\">En la categor\u00eda femenina ser\u00e1n un total de 17 las participantes en esta carrera. Destacando, entre otras, a la actual l\u00edder del circuito Aida Mil\u00e1n (INGETEAM RUMBO BTT) y sus inmediatas perseguidoras en la clasificaci\u00f3n general, Ver\u00f3nica Gonz\u00e1lez Navarro (BICICLETAS APARICIO BTT), Alfonsi Villar Garrig\u00f3s (FERRO ICE\u2013CONTRALLANO BTT) y Almudena Jim\u00e9nez (ARTE BICIS C.C.); junto con Desir\u00e9e Moya (MANZANARES\u2013BERRIA RACING TEAM), a\u00f1adir\u00e1n calidad e intensidad extra a esta magn\u00edfica prueba y har\u00e1n que la victoria sea mucho m\u00e1s sufrida.<\/p>\n<p style=\"text-align: justify;\">En la categor\u00eda masculina se contar\u00e1 con la presencia de los cinco primeros clasificados de la general que son, por orden de clasificaci\u00f3n: Alberto L\u00f3pez Bernab\u00e9 (BICIS EL HELLINERO\u2013ACECHO), Jos\u00e9 Luis Pastor (IGM \u2013 EUROCICLO), Pedro Jes\u00fas Rodr\u00edguez Segura (INGETEAM RUMBO BTT), Juan Moreno Valero (GOBIK LOS BRONCES RACING TEAM) y C\u00e9sar Ruiz Galera (TEAM PREMIER HELL\u00cdN). Con todos estos grandes corredores, es de asegurar que la victoria ser\u00e1, a priori, muy competida y merecida para quien consiga cruzar el arco de meta en primera posici\u00f3n.<\/p>\n<p style=\"text-align: justify;\">En cuanto al trazado de la prueba, destacar que se caracteriza por una dificultad, tanto\u00a0 f\u00edsica como t\u00e9cnica, de nivel A. Se comenzar\u00e1, como es costumbre, dirigi\u00e9ndose hacia el Cortijo de Los Serranos para acometer el ascenso a La Piedra del Cambr\u00f3n por la pista de Carrascosa. A continuaci\u00f3n se descender\u00e1 por la Senda del Molino para llegar a la aldea de El Bellotar. Seguidamente tendr\u00e1 lugar otra nueva subida a La Piedra del Cambr\u00f3n para cruzar una senda t\u00e9cnica que desemboca en la balsa de Los Coladillos. Posteriormente se rodar\u00e1 por pista para cruzar el arroyo de Carrascosa, para terminar por la senda del Cerro del Molino para encarar la entrada al pueblo y concluir as\u00ed este exigente trazado.<\/p>\n<p style=\"text-align: justify;\">Obtendr\u00e1n premios los tres primeros clasificados de la general y de sus respectivas categor\u00edas, as\u00ed como los vencedores del recorrido alternativo y los tres primeros corredores locales. Y premios especiales al m\u00e1s veterano que finalice la prueba y al club m\u00e1s numeroso, que ser\u00e1 obsequiado con un delicioso jam\u00f3n.<\/p>\n<p style=\"text-align: justify;\">Con todo preparado y dispuesto, s\u00f3lo nos queda esperar que todos los aficionados a la bicicleta de monta\u00f1a disfruten de una gran jornada de su deporte favorito en los bellos parajes del municipio de Villaverde de Guadalimar.<\/p>\n<p><!--publicidad-voz03--><a href=\"https:\/\/www.facebook.com\/profile.php?id=100063593791305&amp;locale=es_ES\"><img decoding=\"async\" class=\"alignnone size-medium\" src=\"https:\/\/blogger.googleusercontent.com\/img\/b\/R29vZ2xl\/AVvXsEi8_n_ll8UOcGxCqzFvb_9Io4ICczlGC990BPtPj2w9Px-u7B3oqWUW5vtjZUqPNJ-nyjiUIorE0ATsib_l5tV8BVN-UJ03RTnU__IHJF_4DgDBtY4LIqXNG-FomrO-7ywes20CBCRM2Hcm7EJSh3UUw1dO-c_uTflUrtgY1i7uBRezj_DpympmEFkfbQY\/s1600\/logo-principal2.jpg\" width=\"100%\" height=\"100\" \/><\/a><!--bestpublic-voz03--><!--desk-in-out-voz03--><br \/>\n<!--publicidad-voz04--><a href=\"https:\/\/www.facebook.com\/profile.php?id=61557370768692&amp;locale=es_ES\"><img decoding=\"async\" class=\"alignnone size-medium\" src=\"https:\/\/blogger.googleusercontent.com\/img\/b\/R29vZ2xl\/AVvXsEgy5RdcfffrnrItnYTcV9bCJjgJwldsQLWssfVfrLbyfXeBNTFKgBf0rMIvhrUaGUhiXzVr9_eQgCbi-j63ZDpfTvLIty9w7s140y-m1yHe7eKmEK7v2NAHUJDVYGdfeiQFeRCqUjdwWmN1MX_AUxxz4IVdJ4WIM0APxit8bjWkXzrnEFGqBvW_1F13H1g\/s1600\/logo-principal5.jpg\" width=\"100%\" height=\"100\" \/><\/a><!--bestpublic-voz04--><!--desk-in-out-voz04--><br \/>\n<!--publicidad-voz05--><a href=\"https:\/\/www.facebook.com\/asociaciontamborileroshellin?locale=es_ES\"><img decoding=\"async\" class=\"alignnone size-medium\" src=\"https:\/\/blogger.googleusercontent.com\/img\/b\/R29vZ2xl\/AVvXsEhHEEpZsKK1VpwiYMrS7aE2ujtqIDZoLd4B5wtbiseSU9s2HdTdQfhF84So2XwEB1fv0BLw95GADm6hUl1bkKtzh-eIgVigXONuu_5RxeIMPhjk8q6uNX4EaEHbooKkbu7pCADWPpVJjhKIH5NQSJpWqedC-YBez4QAQeJYokkLot9bhrIaUAeztsGis6M\/s1600\/logo-principal3.jpg\" width=\"100%\" height=\"100\" \/><\/a><!--bestpublic-voz05--><!--desk-in-out-voz05--><br \/>\n<!--publicidad-voz06--><!--bestpublic-voz06--><!--desk-in-out-voz06--><br \/>\n<!--publicidad-voz07--><!--bestpublic-voz07--><!--desk-in-out-voz07--><br \/>\n<!--publicidad-voz08--><!--bestpublic-voz08--><!--desk-in-out-voz08--><br \/>\n<!--publicidad-voz09--><!--bestpublic-voz09--><!--desk-in-out-voz09--><br \/>\n<!--publicidad-voz10--><!--bestpublic-voz10--><!--desk-in-out-voz10--><br \/>\n<!--publicidad-voz11--><!--bestpublic-voz11--><!--desk-in-out-voz11--><br \/>\n<!--publicidad-voz12--><!--bestpublic-voz12--><!--desk-in-out-voz12--><br \/>\n<!--publicidad-voz13--><!--bestpublic-voz13--><!--desk-in-out-voz13--><br \/>\n<!--publicidad-voz14--><!--bestpublic-voz14--><!--desk-in-out-voz14--><br \/>\n<!--publicidad-voz15--><!--bestpublic-voz15--><!--desk-in-out-voz15--><br \/>\n<!--publicidad-voz16--><!--bestpublic-voz16--><!--desk-in-out-voz16--><\/p>\n","protected":false},"excerpt":{"rendered":"<p>VILLAVERDE DE GUADALIMAR RECIBE LA PR\u00d3XIMA PRUEBA DEL CIRCUITO PROVINCIAL DE BTT<\/p>\n","protected":false},"author":2,"featured_media":90586,"comment_status":"closed","ping_status":"closed","sticky":false,"template":"","format":"standard","meta":{"footnotes":""},"categories":[723,718,715,716,717],"tags":[],"class_list":["post-102437","post","type-post","status-publish","format-standard","has-post-thumbnail","hentry","category-blog-lv005","category-blogger","category-la-voz-de-hellin","category-la-voz-de-hellin-la-voz-de-hellin","category-noticias"],"_links":{"self":[{"href":"https:\/\/lavozdehellin.com\/noticias\/wp-json\/wp\/v2\/posts\/102437","targetHints":{"allow":["GET"]}}],"collection":[{"href":"https:\/\/lavozdehellin.com\/noticias\/wp-json\/wp\/v2\/posts"}],"about":[{"href":"https:\/\/lavozdehellin.com\/noticias\/wp-json\/wp\/v2\/types\/post"}],"author":[{"embeddable":true,"href":"https:\/\/lavozdehellin.com\/noticias\/wp-json\/wp\/v2\/users\/2"}],"replies":[{"embeddable":true,"href":"https:\/\/lavozdehellin.com\/noticias\/wp-json\/wp\/v2\/comments?post=102437"}],"version-history":[{"count":0,"href":"https:\/\/lavozdehellin.com\/noticias\/wp-json\/wp\/v2\/posts\/102437\/revisions"}],"wp:featuredmedia":[{"embeddable":true,"href":"https:\/\/lavozdehellin.com\/noticias\/wp-json\/wp\/v2\/media\/90586"}],"wp:attachment":[{"href":"https:\/\/lavozdehellin.com\/noticias\/wp-json\/wp\/v2\/media?parent=102437"}],"wp:term":[{"taxonomy":"category","embeddable":true,"href":"https:\/\/lavozdehellin.com\/noticias\/wp-json\/wp\/v2\/categories?post=102437"},{"taxonomy":"post_tag","embeddable":true,"href":"https:\/\/lavozdehellin.com\/noticias\/wp-json\/wp\/v2\/tags?post=102437"}],"curies":[{"name":"wp","href":"https:\/\/api.w.org\/{rel}","templated":true}]}}