{"id":102438,"date":"2018-09-27T12:10:09","date_gmt":"2018-09-27T12:10:09","guid":{"rendered":"https:\/\/lavozdehellin.com\/noticias\/v01-017-chinchilla-ofrece-el-domingo-una-doble-cita-con-el-atletismo-y-el-trail\/"},"modified":"2024-01-04T14:08:45","modified_gmt":"2024-01-04T14:08:45","slug":"v01-017-chinchilla-ofrece-el-domingo-una-doble-cita-con-el-atletismo-y-el-trail","status":"publish","type":"post","link":"https:\/\/lavozdehellin.com\/noticias\/v01-017-chinchilla-ofrece-el-domingo-una-doble-cita-con-el-atletismo-y-el-trail\/","title":{"rendered":"LVH NOTICIAS | CHINCHILLA OFRECE EL DOMINGO UNA DOBLE CITA CON EL ATLETISMO Y EL TRAIL"},"content":{"rendered":"<p style=\"text-align: justify;\">En torno a 800 corredores van a tomar parte en el evento, 300 en la prueba de trail que comienza a las 09:30 de la ma\u00f1ana y otros 500 en la carrera popular una hora m\u00e1s tarde.<\/p>\n<p><!--more--><br \/>\n<!--publicidad-voz01--><a href=\"https:\/\/www.facebook.com\/SoloRadioHellin\/?locale=es_ES\"><img decoding=\"async\" class=\"alignnone size-medium\" src=\"https:\/\/blogger.googleusercontent.com\/img\/b\/R29vZ2xl\/AVvXsEiNncirNnyGedv00mhjZjh5Wl4_YPdJGanoAl8tL8zH-HwqE8uHqjEfSt340RHdx-9tuCSIkZ8rFamZiGyYlgDGxCsmXjCH_1xk5eYM3ntFZRvJP_jndOKR7w1UAo9Tu0vrZyOLfqRpHIxYI5SymJJ-pfGCQw6QVpggBH-UgfjiFQ2JOxqxG0Jx94kW83c\/s1600\/logo-principal.jpg\" width=\"100%\" height=\"100\" \/><\/a><!--bestpublic-voz01--><!--desk-in-out-voz01--><br \/>\n<!--publicidad-voz02--><a href=\"https:\/\/www.hellincf.com\/\"><img decoding=\"async\" class=\"alignnone size-medium\" src=\"https:\/\/blogger.googleusercontent.com\/img\/b\/R29vZ2xl\/AVvXsEhuZ4-XfBVj3UtdP8-RZugy3WVrg-Zv28c53m4oV47qYCxL1rX_dqWX_YddsGSnpH5SRDqZ7bZeKPIfDVCDncpjVlhy3aQs2vojcJBn7Gdv9hC2_Nzct_pRFrnFE1a7KTCdY1bT_kAgnY3-iadRZrGeJf1fR2P5fu11bokx0pWjaypoy-ctwCjklldpEbA\/s1600\/logo-principal7.jpg\" width=\"100%\" height=\"100\" \/><\/a><!--bestpublic-voz02--><!--desk-in-out-voz02--><\/p>\n<p style=\"text-align: justify;\">Chinchilla de Montearag\u00f3n ser\u00e1 la pr\u00f3xima parada de los circuitos de atletismo y trail organizados por la Diputaci\u00f3n de Albacete. A las 09:30 horas comenzar\u00e1 la V Carrera de Trail, donde 300 atletas afrontar\u00e1n un trazado de 17 kil\u00f3metros con 550 metros de desnivel positivo acumulado. Un ahora despu\u00e9s se dar\u00e1 el pistoletazo de salida para la XI Carrera Popular \u201cCiudad de Chinchilla\u201d, sobre su habitual recorrido de 13.200 metros de distancia por caminos de tierra en perfecto estado.<\/p>\n<p style=\"text-align: justify;\">Los dorsales se podr\u00e1n recoger en el Claustro Mud\u00e9jar de Santo Domingo para ambas carreras. En la puerta de este hist\u00f3rico edificio se dar\u00e1 la salida para ambas pruebas, aunque la meta ser\u00e1 un a\u00f1o m\u00e1s en la Plaza de La Mancha, un marco id\u00f3neo que sorprende a los nuevos visitantes. Los participantes y aficionados podr\u00e1n dejar sus veh\u00edculos en el aparcamiento de El Ca\u00f1averal, a dos minutos de la salida, y con capacidad para albergar a m\u00e1s de mil autom\u00f3viles.<\/p>\n<p style=\"text-align: justify;\">La V Carrera de Trail de Chinchilla es ideal para principiantes por su asequible distancia y escasa exigencia t\u00e9cnica. La Sierra procomunal de Chinchilla ofrece rincones muy bellos que van a deleitar a los corredores, algunas zonas muy conocidas como \u201cLas Zetas\u201d, \u201cEl Cortafuegos\u201d y un ascenso hasta el Castillo que permite disfrutar de unas vistas espectaculares de la ciudad. Todo ello jalonado por divertidas subidas y bajadas, algunos tramos llanos para recuperar y varias ramblas, laderas y peque\u00f1as crestas.<\/p>\n<p style=\"text-align: justify;\">El cierre de control se realizar\u00e1 a las 12:15 horas, momentos antes de comenzar la entrega de premios. Habr\u00e1 trofeo para los tres primeros clasificados de la general y un obsequio para los tres primeros del resto de categor\u00edas; promesa, s\u00e9nior y veteranos. Los vencedores en las cuatro ediciones precedentes fueron Jos\u00e9 Antonio Ca\u00f1izares, Elmar Montero (2) y Jes\u00fas \u201cLucho\u201d Mu\u00f1oz. En damas, las ganadoras fueron M\u00aa Carmen Gonz\u00e1lez (2), Carmen D\u00edaz y Raquel Padilla.<\/p>\n<p style=\"text-align: justify;\">La XI Carrera Popular \u201cCiudad de Chinchilla\u201d comenzar\u00e1 a las 10:30 horas, tambi\u00e9n con salida en el Claustro Mud\u00e9jar de Santo Domingo y meta en la Plaza de La Mancha. El recorrido ser\u00e1 el de siempre, 13.200 metros asfalto y caminos de tierra por algunos parajes muy conocidos, casos de \u201cEl Cuco\u201d, la \u201cCuesta del Escorpi\u00f3n\u201d, el \u201cBosque de las palabras al viento\u201d y el camino que discurre paralelo a la \u201cRambla del Agua\u201d. Los avituallamientos estar\u00e1n en los kil\u00f3metros 5, 11 y meta.<\/p>\n<p style=\"text-align: justify;\">Los tres primeros corredores en llegar a meta recibir\u00e1n un trofeo, as\u00ed como los tres primeros locales. Habr\u00e1 un obsequio especial para el ganador y la ganadora y se sortear\u00e1n distintos regalos seg\u00fan posici\u00f3n de entrada a meta. Adem\u00e1s, los primeros 500 atletas inscritos ser\u00e1n obsequiados con una bolsa de recuerdos compuesta por una botella de vino, manguitos t\u00e9cnicos, una cu\u00f1a de queso, un cuchillo, una tira reflectante y una mochila.<\/p>\n<p style=\"text-align: justify;\">Los r\u00e9cords del trazado se encuentran en posesi\u00f3n de Severino Felipe (43:44) y Eva Ruiz Piqueras (50:44). Severino venci\u00f3 en dos ocasiones m\u00e1s y Eva en otras tres. El resto de ganadores fueron Jes\u00fas Montejano, Pilar Igarza, Miguel \u00c1ngel Torrecilla (2), Paco N\u00fa\u00f1ez Chumillas, M\u00aa \u00c1ngeles Mag\u00e1n, Laura Villar, Diego L\u00f3pez Herreros, Mar\u00eda Elena Ruiz Nieva (2), Jos\u00e9 Agust\u00edn Valiente, Jes\u00fas \u00c1ngel Rodr\u00edguez y Eva Moreno.<\/p>\n<p style=\"text-align: justify;\">Categor\u00eda minimalista<\/p>\n<p style=\"text-align: justify;\">Por tercer a\u00f1o consecutivo se ofrece la posibilidad de participar en la categor\u00eda \u201cminimalista\u201d, destinada a los atletas que afrontan la carrera en sandalias o descalzos, tal y como corren los indios tarahumara de M\u00e9xico, conocidos en todo el mundo por afrontar largas distancias calzados por unas sandalias fabricados por ellos mismos con suelas de neum\u00e1tico, una calzado que se denomina \u201chuaraches\u201d.<\/p>\n<p><!--publicidad-voz03--><a href=\"https:\/\/www.facebook.com\/profile.php?id=100063593791305&amp;locale=es_ES\"><img decoding=\"async\" class=\"alignnone size-medium\" src=\"https:\/\/blogger.googleusercontent.com\/img\/b\/R29vZ2xl\/AVvXsEi8_n_ll8UOcGxCqzFvb_9Io4ICczlGC990BPtPj2w9Px-u7B3oqWUW5vtjZUqPNJ-nyjiUIorE0ATsib_l5tV8BVN-UJ03RTnU__IHJF_4DgDBtY4LIqXNG-FomrO-7ywes20CBCRM2Hcm7EJSh3UUw1dO-c_uTflUrtgY1i7uBRezj_DpympmEFkfbQY\/s1600\/logo-principal2.jpg\" width=\"100%\" height=\"100\" \/><\/a><!--bestpublic-voz03--><!--desk-in-out-voz03--><br \/>\n<!--publicidad-voz04--><a href=\"https:\/\/www.facebook.com\/profile.php?id=61557370768692&amp;locale=es_ES\"><img decoding=\"async\" class=\"alignnone size-medium\" src=\"https:\/\/blogger.googleusercontent.com\/img\/b\/R29vZ2xl\/AVvXsEgy5RdcfffrnrItnYTcV9bCJjgJwldsQLWssfVfrLbyfXeBNTFKgBf0rMIvhrUaGUhiXzVr9_eQgCbi-j63ZDpfTvLIty9w7s140y-m1yHe7eKmEK7v2NAHUJDVYGdfeiQFeRCqUjdwWmN1MX_AUxxz4IVdJ4WIM0APxit8bjWkXzrnEFGqBvW_1F13H1g\/s1600\/logo-principal5.jpg\" width=\"100%\" height=\"100\" \/><\/a><!--bestpublic-voz04--><!--desk-in-out-voz04--><br \/>\n<!--publicidad-voz05--><a href=\"https:\/\/www.facebook.com\/asociaciontamborileroshellin?locale=es_ES\"><img decoding=\"async\" class=\"alignnone size-medium\" src=\"https:\/\/blogger.googleusercontent.com\/img\/b\/R29vZ2xl\/AVvXsEhHEEpZsKK1VpwiYMrS7aE2ujtqIDZoLd4B5wtbiseSU9s2HdTdQfhF84So2XwEB1fv0BLw95GADm6hUl1bkKtzh-eIgVigXONuu_5RxeIMPhjk8q6uNX4EaEHbooKkbu7pCADWPpVJjhKIH5NQSJpWqedC-YBez4QAQeJYokkLot9bhrIaUAeztsGis6M\/s1600\/logo-principal3.jpg\" width=\"100%\" height=\"100\" \/><\/a><!--bestpublic-voz05--><!--desk-in-out-voz05--><br \/>\n<!--publicidad-voz06--><!--bestpublic-voz06--><!--desk-in-out-voz06--><br \/>\n<!--publicidad-voz07--><!--bestpublic-voz07--><!--desk-in-out-voz07--><br \/>\n<!--publicidad-voz08--><!--bestpublic-voz08--><!--desk-in-out-voz08--><br \/>\n<!--publicidad-voz09--><!--bestpublic-voz09--><!--desk-in-out-voz09--><br \/>\n<!--publicidad-voz10--><!--bestpublic-voz10--><!--desk-in-out-voz10--><br \/>\n<!--publicidad-voz11--><!--bestpublic-voz11--><!--desk-in-out-voz11--><br \/>\n<!--publicidad-voz12--><!--bestpublic-voz12--><!--desk-in-out-voz12--><br \/>\n<!--publicidad-voz13--><!--bestpublic-voz13--><!--desk-in-out-voz13--><br \/>\n<!--publicidad-voz14--><!--bestpublic-voz14--><!--desk-in-out-voz14--><br \/>\n<!--publicidad-voz15--><!--bestpublic-voz15--><!--desk-in-out-voz15--><br \/>\n<!--publicidad-voz16--><!--bestpublic-voz16--><!--desk-in-out-voz16--><\/p>\n","protected":false},"excerpt":{"rendered":"<p>CHINCHILLA OFRECE EL DOMINGO UNA DOBLE CITA CON EL ATLETISMO Y EL TRAIL<\/p>\n","protected":false},"author":2,"featured_media":90585,"comment_status":"closed","ping_status":"closed","sticky":false,"template":"","format":"standard","meta":{"footnotes":""},"categories":[723,718,715,716,717],"tags":[],"class_list":["post-102438","post","type-post","status-publish","format-standard","has-post-thumbnail","hentry","category-blog-lv005","category-blogger","category-la-voz-de-hellin","category-la-voz-de-hellin-la-voz-de-hellin","category-noticias"],"_links":{"self":[{"href":"https:\/\/lavozdehellin.com\/noticias\/wp-json\/wp\/v2\/posts\/102438","targetHints":{"allow":["GET"]}}],"collection":[{"href":"https:\/\/lavozdehellin.com\/noticias\/wp-json\/wp\/v2\/posts"}],"about":[{"href":"https:\/\/lavozdehellin.com\/noticias\/wp-json\/wp\/v2\/types\/post"}],"author":[{"embeddable":true,"href":"https:\/\/lavozdehellin.com\/noticias\/wp-json\/wp\/v2\/users\/2"}],"replies":[{"embeddable":true,"href":"https:\/\/lavozdehellin.com\/noticias\/wp-json\/wp\/v2\/comments?post=102438"}],"version-history":[{"count":0,"href":"https:\/\/lavozdehellin.com\/noticias\/wp-json\/wp\/v2\/posts\/102438\/revisions"}],"wp:featuredmedia":[{"embeddable":true,"href":"https:\/\/lavozdehellin.com\/noticias\/wp-json\/wp\/v2\/media\/90585"}],"wp:attachment":[{"href":"https:\/\/lavozdehellin.com\/noticias\/wp-json\/wp\/v2\/media?parent=102438"}],"wp:term":[{"taxonomy":"category","embeddable":true,"href":"https:\/\/lavozdehellin.com\/noticias\/wp-json\/wp\/v2\/categories?post=102438"},{"taxonomy":"post_tag","embeddable":true,"href":"https:\/\/lavozdehellin.com\/noticias\/wp-json\/wp\/v2\/tags?post=102438"}],"curies":[{"name":"wp","href":"https:\/\/api.w.org\/{rel}","templated":true}]}}