{"id":102443,"date":"2018-09-26T08:00:17","date_gmt":"2018-09-26T08:00:17","guid":{"rendered":"https:\/\/lavozdehellin.com\/noticias\/v01-022-mons-angel-fernandez-collado-nuevo-obispo-de-albacete-en-sucesion-de-mons-ciriaco-benavente-mateos\/"},"modified":"2024-01-04T14:08:45","modified_gmt":"2024-01-04T14:08:45","slug":"v01-022-mons-angel-fernandez-collado-nuevo-obispo-de-albacete-en-sucesion-de-mons-ciriaco-benavente-mateos","status":"publish","type":"post","link":"https:\/\/lavozdehellin.com\/noticias\/v01-022-mons-angel-fernandez-collado-nuevo-obispo-de-albacete-en-sucesion-de-mons-ciriaco-benavente-mateos\/","title":{"rendered":"LVH NOTICIAS | MONS. \u00c1NGEL FERN\u00c1NDEZ COLLADO, NUEVO OBISPO DE ALBACETE EN SUCESI\u00d3N DE MONS. CIRIACO BENAVENTE MATEOS"},"content":{"rendered":"<p style=\"text-align: justify;\">El Papa ha anunciado hoy su decisi\u00f3n de aceptar la renuncia de D. Ciriaco Benavente y el nombramiento como nuevo prelado del hasta ahora obispo auxiliar de Toledo.<\/p>\n<p><!--more--><br \/>\n<!--publicidad-voz01--><a href=\"https:\/\/www.facebook.com\/SoloRadioHellin\/?locale=es_ES\"><img decoding=\"async\" class=\"alignnone size-medium\" src=\"https:\/\/blogger.googleusercontent.com\/img\/b\/R29vZ2xl\/AVvXsEiNncirNnyGedv00mhjZjh5Wl4_YPdJGanoAl8tL8zH-HwqE8uHqjEfSt340RHdx-9tuCSIkZ8rFamZiGyYlgDGxCsmXjCH_1xk5eYM3ntFZRvJP_jndOKR7w1UAo9Tu0vrZyOLfqRpHIxYI5SymJJ-pfGCQw6QVpggBH-UgfjiFQ2JOxqxG0Jx94kW83c\/s1600\/logo-principal.jpg\" width=\"100%\" height=\"100\" \/><\/a><!--bestpublic-voz01--><!--desk-in-out-voz01--><br \/>\n<!--publicidad-voz02--><a href=\"https:\/\/www.hellincf.com\/\"><img decoding=\"async\" class=\"alignnone size-medium\" src=\"https:\/\/blogger.googleusercontent.com\/img\/b\/R29vZ2xl\/AVvXsEhuZ4-XfBVj3UtdP8-RZugy3WVrg-Zv28c53m4oV47qYCxL1rX_dqWX_YddsGSnpH5SRDqZ7bZeKPIfDVCDncpjVlhy3aQs2vojcJBn7Gdv9hC2_Nzct_pRFrnFE1a7KTCdY1bT_kAgnY3-iadRZrGeJf1fR2P5fu11bokx0pWjaypoy-ctwCjklldpEbA\/s1600\/logo-principal7.jpg\" width=\"100%\" height=\"100\" \/><\/a><!--bestpublic-voz02--><!--desk-in-out-voz02--><\/p>\n<p style=\"text-align: justify;\">La toma de posesi\u00f3n ser\u00e1 el s\u00e1bado 17 de noviembre de 2018, fecha hasta la que D. Ciriaco ejercer\u00e1 como administrador apost\u00f3lico de la Di\u00f3cesis de Albacete.<\/p>\n<p style=\"text-align: justify;\">En una carta de bienvenida, D. Ciriaco expresa su acogida al nuevo Obispo de Albacete \u201c\u00a1Bienvenido como nuevo pastor a esta Iglesia de Albacete! \u00a1Ten la seguridad de que eres bienvenido! Porque Albacete, que es tierra buena y mejor gente, te acoge, lo s\u00e9, con el coraz\u00f3n y los brazos abiertos. Ya lo ir\u00e1s viendo y experimentando con tus propios ojos\u201d.<\/p>\n<p style=\"text-align: justify;\">El papa Francisco ha hecho p\u00fablica hoy la decisi\u00f3n de aceptar la renuncia de D. Ciriaco Benavente Mateos como obispo de Albacete y la designaci\u00f3n como sustituto de Mons. \u00c1ngel Fern\u00e1ndez Collado, quien hasta ahora ejerc\u00eda como obispo auxiliar de Toledo.<\/p>\n<p style=\"text-align: justify;\">La toma de posesi\u00f3n de Mons. Fern\u00e1ndez Collado como nuevo responsable de la Di\u00f3cesis albacetense ser\u00e1 el pr\u00f3ximo s\u00e1bado 17 de noviembre de 2018 en la Santa Iglesia catedral de Albacete. Hasta entonces, y por decisi\u00f3n del Papa, Mons. Ciriaco Benavente seguir\u00e1 al frente como administrador apost\u00f3lico.<\/p>\n<p style=\"text-align: justify;\">Mons. Fern\u00e1ndez Collado se convertir\u00e1 as\u00ed en el sexto obispo de la historia de la Di\u00f3cesis de Albacete, tomando el testigo de Mons. Benavente Mateos, que fue nombrado como Obispo de Albacete el 16 de octubre de 2006 y tom\u00f3 posesi\u00f3n en la Santa Iglesia Catedral el d\u00eda 16 de diciembre de 2006.<\/p>\n<p style=\"text-align: justify;\">En su carta de bienvenida, Mons. Ciriaco Benavente expresa acogida al nuevo obispo \u201cporque sabemos de tu calidad humana y espiritual, de tu sencillez, que tan bien disimula tu hondura intelectual. S\u00ed, porque tu competencia profesoral ha corrido pareja con tu fina sensibilidad pastoral, sin romperse ni re\u00f1ir la una con la otra. Ver\u00e1s qu\u00e9 buenos hermanos y colaboradores encuentras en el presbiterio diocesano. Y ver\u00e1s que, si alguien dijera otra cosa, se equivoca. Vas a encontrar un presb\u00edtero sobrado de a\u00f1os, en muchos de sus miembros, pero tambi\u00e9n sobrado de generosidad. Vas a encontrar comunidades religiosas admirables, que son laboratorios de ox\u00edgeno espiritual y caricia de Dios para los pobres y los necesitados. Vas a encontrar miles de cristianos laicos que se sienten Iglesia, que aman a la Iglesia, que se sienten corresponsable de su presente y su futuro. Son miles los voluntarios en el \u00e1mbito de la catequesis, de la liturgia, de la acci\u00f3n caritativo-social\u201d.<\/p>\n<p style=\"text-align: justify;\">\u201cY vas a encontrar, qu\u00e9 te voy a decir yo que t\u00fa no sepas, que tambi\u00e9n aqu\u00ed es real la secularizaci\u00f3n galopante, el eclipse de Dios en la mente y en el coraz\u00f3n de muchas personas, incluso bautizadas. Por eso estamos embarcados en la Misi\u00f3n Diocesana, ahondando en lo que significa ser disc\u00edpulos, para ser misioneros\u201d a\u00f1ade D. Ciriaco, el nuevo administrador apost\u00f3lico de la di\u00f3cesis de Albacete.<\/p>\n<p style=\"text-align: justify;\">Ciriaco termina sus palabras agradecido a Albacete y pasando \u201cel testigo con mucho gusto, con profunda gratitud a esta Iglesia de la que he recibido tanto, y que ahora te acoge como padre y pastor\u201d.<\/p>\n<p style=\"text-align: justify;\">El elegido para sucederle ha sido Mons. \u00c1ngel Fern\u00e1ndez Collado. Naci\u00f3 en Los Cerralbos (Toledo) el 30 de mayo de 1952. Ordenado sacerdote en Toledo, por el Sr. Cardenal Arzobispo D. Marcelo Gonz\u00e1lez Mart\u00edn, el 10 de julio de 1977. Realiz\u00f3 estudios en el Seminario Menor y Mayor de Toledo. Es Doctor en Historia de la Iglesia por la Universidad Gregoriana de Roma. Est\u00e1 diplomado en Archiv\u00edstica por la Escuela Vaticana de Paleograf\u00eda. En la actualidad es profesor de Historia de la Iglesia en el seminario conciliar de San Ildefonso; can\u00f3nigo capell\u00e1n moz\u00e1rabe y archivero-bibliotecario de la Santa Iglesia Catedral Primada. Vicario General y moderador de curia de la Archidi\u00f3cesis de Toledo. El Santo Padre Francisco lo nombr\u00f3 Obispo Auxiliar de la Archidi\u00f3cesis de Toledo, el 28 de junio de 2013. Fue ordenado obispo en la catedral de Toledo, el 15 de septiembre de 2013.<\/p>\n<p style=\"text-align: justify;\">En sus primeras palabras dirigidas a la di\u00f3cesis de Albacete, D. \u00c1ngel Fern\u00e1ndez expresa que viene \u201ca la di\u00f3cesis de Albacete, enviado por Dios, a serviros, a ayudaros a conocer y amar a Dios y a su Iglesia, de la cual todos formamos parte desde nuestro Bautismo. Voy para quereros mucho a todos, aunque no haga otras cosas. Mi predilecci\u00f3n, no \u00fanica pero s\u00ed preferencial, ser\u00e1n las familias cristianas, los sacerdotes y seminaristas, los pr\u00f3jimos m\u00e1s pr\u00f3ximos, como hace unos d\u00edas me lo indicaba personalmente el papa Francisco, sin olvidarme de la vida consagrada. Y con ellos los enfermos, ancianos y m\u00e1s necesitados en lo material y espiritual. El examen con el que un d\u00eda ser\u00e9 examinado ser\u00e1 el amor; amor recibido de Dios y entregado a todos expresado con sentimientos del coraz\u00f3n y caridad\u201d.<\/p>\n<p style=\"text-align: justify;\">\u201cEn mi Ordenaci\u00f3n episcopal expres\u00e9 mi intenci\u00f3n, que mantengo, de ser un obispo con sentimientos, con coraz\u00f3n; un padre, un hermano y un amigo. Lo intentar\u00e9 una y otra vez, no lo dud\u00e9is. Quiero ayudaros a conocer a Dios desde el coraz\u00f3n, y a conocer a las personas y los acontecimientos como Dios los ve y los conoce, con amor. Quiero ayudaros a amar a Dios y a los dem\u00e1s desde un coraz\u00f3n misericordioso y lleno de amor, como Dios lo hace con cada uno de nosotros. Y quiero serviros como Cristo lo ha hecho con nosotros, entregando, gastando la vida en favor vuestro\u201d afirma el nuevo pastor electo de la Di\u00f3cesis de Albacete.<\/p>\n<p style=\"text-align: justify;\">El nuevo obispo de Albacete pide a los diocesanos \u201cpaciencia y comprensi\u00f3n con mi persona y rezad mucho por m\u00ed. Tengo que conoceros poco a poco, pues soy lento y limitado en este aspecto. Y tengo que aprender a quereros y serviros como Dios quiere y necesit\u00e9is. Mi oraci\u00f3n por vosotros ha sido constante desde que conoc\u00ed la designaci\u00f3n papal. Que el Sant\u00edsimo Cristo y la Virgen de Los Llanos sean mi apoyo y protecci\u00f3n. Con mi bendici\u00f3n y oraci\u00f3n por todos vosotros\u201d.<\/p>\n<p style=\"text-align: justify;\">La Di\u00f3cesis de Albacete<\/p>\n<p style=\"text-align: justify;\">Mons. Fern\u00e1ndez Colladotendr\u00e1 a su cargo una Di\u00f3cesis creada en del 2 de noviembre de 1949, ejecutada el 3 de septiembre de 1950, como sufrag\u00e1nea de la Archidi\u00f3cesis de Valencia, con territorios que hasta ese momento hab\u00edan pertenecido a las Di\u00f3cesis de Cartagena (la gran mayor\u00eda de las Parroquias), Cuenca (7 Parroquias) y Orihuela (1 Parroquia). Todo el territorio pertenec\u00eda a la provincia civil de Albacete, aunque no toda la provincia civil de Albacete era Di\u00f3cesis de Albacete en aquel momento inicial.El d\u00eda 5 de mayo de 1955 tuvo lugar la Solemne Dedicaci\u00f3n de la Santa Iglesia Catedral de Albacete.El d\u00eda 25 de julio de 1966 se anexion\u00f3 a la Di\u00f3cesis la parte de la provincia civil que aun pertenec\u00eda a la Archidi\u00f3cesis de Toledo, coincidiendo desde entonces provincia civil y Di\u00f3cesis.Por Decreto de la Congregaci\u00f3n para los Obispos de fecha 28 de julio de 1994 fue segregada de la Provincia Eclesi\u00e1stica de Valencia y agregada a la de Toledo, Archidi\u00f3cesis que incorporaba as\u00ed todas las provincias civiles que corresponden a su divisi\u00f3n auton\u00f3mica civil. Este Decreto fue ejecutado el 30 de octubre de 1994 en la Catedral de Albacete.<\/p>\n<p style=\"text-align: justify;\">La Di\u00f3cesis tiene una extensi\u00f3n de 14.926 Km2. Eclesi\u00e1sticamente es la 5\u00aa Di\u00f3cesis de Espa\u00f1a en extensi\u00f3n, y civilmente la 9\u00aa provincia en dimensiones. Est\u00e1 a caballo entre la Meseta Central y el Sureste de Espa\u00f1a. Tiene una configuraci\u00f3n orogr\u00e1fica dividida entre grandes llanuras sin relieve alguno (La Mancha) y una gran parte, m\u00e1s de la mitad, de zona monta\u00f1osa (La Sierra). Por el Nordeste riegan la provincia el r\u00edo J\u00facar y su afluente el Cabriel, y por el Suroeste el Segura y su afluente el Mundo. La provincia es atravesada de Norte a Sur por el canal del Trasvase Tajo-Segura.<\/p>\n<p style=\"text-align: justify;\">En el actual mapa de las Autonom\u00edas en Espa\u00f1a, la provincia de Albacete pertenece a la Junta de Comunidades de Castilla \u2013 La Mancha, que tiene su capital en Toledo. Los organismos oficiales de la Junta de Comunidades est\u00e1n distribuidos por las cinco capitales que la componen: en Albacete est\u00e1 la sede del Tribunal Superior de Justicia de Castilla \u2013 La Mancha. De las cinco capitales de provincia que integran la Autonom\u00eda, Albacete es la capital con mayor n\u00famero de habitantes.<\/p>\n<p style=\"text-align: justify;\">La Provincia tiene 87 Ayuntamientos, pero son m\u00e1s de 200 los n\u00facleos de poblaci\u00f3n, pues algunos de los Ayuntamientos est\u00e1n fragmentados en peque\u00f1as aldeas.Por Decreto del por entonces Sr. Obispo D. Francisco Cases, de fecha 1 de junio de 1997 la Di\u00f3cesis ha quedado dividida en cuatro Zonas Episcopales, de car\u00e1cter territorial y en 12 arciprestazgos.<\/p>\n<p><!--publicidad-voz03--><a href=\"https:\/\/www.facebook.com\/profile.php?id=100063593791305&amp;locale=es_ES\"><img decoding=\"async\" class=\"alignnone size-medium\" src=\"https:\/\/blogger.googleusercontent.com\/img\/b\/R29vZ2xl\/AVvXsEi8_n_ll8UOcGxCqzFvb_9Io4ICczlGC990BPtPj2w9Px-u7B3oqWUW5vtjZUqPNJ-nyjiUIorE0ATsib_l5tV8BVN-UJ03RTnU__IHJF_4DgDBtY4LIqXNG-FomrO-7ywes20CBCRM2Hcm7EJSh3UUw1dO-c_uTflUrtgY1i7uBRezj_DpympmEFkfbQY\/s1600\/logo-principal2.jpg\" width=\"100%\" height=\"100\" \/><\/a><!--bestpublic-voz03--><!--desk-in-out-voz03--><br \/>\n<!--publicidad-voz04--><a href=\"https:\/\/www.facebook.com\/profile.php?id=61557370768692&amp;locale=es_ES\"><img decoding=\"async\" class=\"alignnone size-medium\" src=\"https:\/\/blogger.googleusercontent.com\/img\/b\/R29vZ2xl\/AVvXsEgy5RdcfffrnrItnYTcV9bCJjgJwldsQLWssfVfrLbyfXeBNTFKgBf0rMIvhrUaGUhiXzVr9_eQgCbi-j63ZDpfTvLIty9w7s140y-m1yHe7eKmEK7v2NAHUJDVYGdfeiQFeRCqUjdwWmN1MX_AUxxz4IVdJ4WIM0APxit8bjWkXzrnEFGqBvW_1F13H1g\/s1600\/logo-principal5.jpg\" width=\"100%\" height=\"100\" \/><\/a><!--bestpublic-voz04--><!--desk-in-out-voz04--><br \/>\n<!--publicidad-voz05--><a href=\"https:\/\/www.facebook.com\/asociaciontamborileroshellin?locale=es_ES\"><img decoding=\"async\" class=\"alignnone size-medium\" src=\"https:\/\/blogger.googleusercontent.com\/img\/b\/R29vZ2xl\/AVvXsEhHEEpZsKK1VpwiYMrS7aE2ujtqIDZoLd4B5wtbiseSU9s2HdTdQfhF84So2XwEB1fv0BLw95GADm6hUl1bkKtzh-eIgVigXONuu_5RxeIMPhjk8q6uNX4EaEHbooKkbu7pCADWPpVJjhKIH5NQSJpWqedC-YBez4QAQeJYokkLot9bhrIaUAeztsGis6M\/s1600\/logo-principal3.jpg\" width=\"100%\" height=\"100\" \/><\/a><!--bestpublic-voz05--><!--desk-in-out-voz05--><br \/>\n<!--publicidad-voz06--><!--bestpublic-voz06--><!--desk-in-out-voz06--><br \/>\n<!--publicidad-voz07--><!--bestpublic-voz07--><!--desk-in-out-voz07--><br \/>\n<!--publicidad-voz08--><!--bestpublic-voz08--><!--desk-in-out-voz08--><br \/>\n<!--publicidad-voz09--><!--bestpublic-voz09--><!--desk-in-out-voz09--><br \/>\n<!--publicidad-voz10--><!--bestpublic-voz10--><!--desk-in-out-voz10--><br \/>\n<!--publicidad-voz11--><!--bestpublic-voz11--><!--desk-in-out-voz11--><br \/>\n<!--publicidad-voz12--><!--bestpublic-voz12--><!--desk-in-out-voz12--><br \/>\n<!--publicidad-voz13--><!--bestpublic-voz13--><!--desk-in-out-voz13--><br \/>\n<!--publicidad-voz14--><!--bestpublic-voz14--><!--desk-in-out-voz14--><br \/>\n<!--publicidad-voz15--><!--bestpublic-voz15--><!--desk-in-out-voz15--><br \/>\n<!--publicidad-voz16--><!--bestpublic-voz16--><!--desk-in-out-voz16--><\/p>\n","protected":false},"excerpt":{"rendered":"<p>MONS. \u00c1NGEL FERN\u00c1NDEZ COLLADO, NUEVO OBISPO DE ALBACETE EN SUCESI\u00d3N DE MONS. CIRIACO BENAVENTE MATEOS<\/p>\n","protected":false},"author":2,"featured_media":90588,"comment_status":"closed","ping_status":"closed","sticky":false,"template":"","format":"standard","meta":{"footnotes":""},"categories":[723,718,715,716,717],"tags":[],"class_list":["post-102443","post","type-post","status-publish","format-standard","has-post-thumbnail","hentry","category-blog-lv005","category-blogger","category-la-voz-de-hellin","category-la-voz-de-hellin-la-voz-de-hellin","category-noticias"],"_links":{"self":[{"href":"https:\/\/lavozdehellin.com\/noticias\/wp-json\/wp\/v2\/posts\/102443","targetHints":{"allow":["GET"]}}],"collection":[{"href":"https:\/\/lavozdehellin.com\/noticias\/wp-json\/wp\/v2\/posts"}],"about":[{"href":"https:\/\/lavozdehellin.com\/noticias\/wp-json\/wp\/v2\/types\/post"}],"author":[{"embeddable":true,"href":"https:\/\/lavozdehellin.com\/noticias\/wp-json\/wp\/v2\/users\/2"}],"replies":[{"embeddable":true,"href":"https:\/\/lavozdehellin.com\/noticias\/wp-json\/wp\/v2\/comments?post=102443"}],"version-history":[{"count":0,"href":"https:\/\/lavozdehellin.com\/noticias\/wp-json\/wp\/v2\/posts\/102443\/revisions"}],"wp:featuredmedia":[{"embeddable":true,"href":"https:\/\/lavozdehellin.com\/noticias\/wp-json\/wp\/v2\/media\/90588"}],"wp:attachment":[{"href":"https:\/\/lavozdehellin.com\/noticias\/wp-json\/wp\/v2\/media?parent=102443"}],"wp:term":[{"taxonomy":"category","embeddable":true,"href":"https:\/\/lavozdehellin.com\/noticias\/wp-json\/wp\/v2\/categories?post=102443"},{"taxonomy":"post_tag","embeddable":true,"href":"https:\/\/lavozdehellin.com\/noticias\/wp-json\/wp\/v2\/tags?post=102443"}],"curies":[{"name":"wp","href":"https:\/\/api.w.org\/{rel}","templated":true}]}}