{"id":102444,"date":"2018-09-25T13:57:46","date_gmt":"2018-09-25T13:57:46","guid":{"rendered":"https:\/\/lavozdehellin.com\/noticias\/v01-023-eva-moreno-y-miguel-angel-torrecilla-vencieron-en-pozo-canada\/"},"modified":"2024-01-04T14:08:45","modified_gmt":"2024-01-04T14:08:45","slug":"v01-023-eva-moreno-y-miguel-angel-torrecilla-vencieron-en-pozo-canada","status":"publish","type":"post","link":"https:\/\/lavozdehellin.com\/noticias\/v01-023-eva-moreno-y-miguel-angel-torrecilla-vencieron-en-pozo-canada\/","title":{"rendered":"LVH NOTICIAS | EVA MORENO Y MIGUEL \u00c1NGEL TORRECILLA VENCIERON EN POZO CA\u00d1ADA"},"content":{"rendered":"<p style=\"text-align: justify;\">Fue la trig\u00e9simo cuarta prueba puntuable del XVIII Circuito Provincial de Carreras Populares que organiza la Diputaci\u00f3n de Albacete<\/p>\n<p><!--more--><br \/>\n<!--publicidad-voz01--><a href=\"https:\/\/www.facebook.com\/SoloRadioHellin\/?locale=es_ES\"><img decoding=\"async\" class=\"alignnone size-medium\" src=\"https:\/\/blogger.googleusercontent.com\/img\/b\/R29vZ2xl\/AVvXsEiNncirNnyGedv00mhjZjh5Wl4_YPdJGanoAl8tL8zH-HwqE8uHqjEfSt340RHdx-9tuCSIkZ8rFamZiGyYlgDGxCsmXjCH_1xk5eYM3ntFZRvJP_jndOKR7w1UAo9Tu0vrZyOLfqRpHIxYI5SymJJ-pfGCQw6QVpggBH-UgfjiFQ2JOxqxG0Jx94kW83c\/s1600\/logo-principal.jpg\" width=\"100%\" height=\"100\" \/><\/a><!--bestpublic-voz01--><!--desk-in-out-voz01--><br \/>\n<!--publicidad-voz02--><a href=\"https:\/\/www.hellincf.com\/\"><img decoding=\"async\" class=\"alignnone size-medium\" src=\"https:\/\/blogger.googleusercontent.com\/img\/b\/R29vZ2xl\/AVvXsEhuZ4-XfBVj3UtdP8-RZugy3WVrg-Zv28c53m4oV47qYCxL1rX_dqWX_YddsGSnpH5SRDqZ7bZeKPIfDVCDncpjVlhy3aQs2vojcJBn7Gdv9hC2_Nzct_pRFrnFE1a7KTCdY1bT_kAgnY3-iadRZrGeJf1fR2P5fu11bokx0pWjaypoy-ctwCjklldpEbA\/s1600\/logo-principal7.jpg\" width=\"100%\" height=\"100\" \/><\/a><!--bestpublic-voz02--><!--desk-in-out-voz02--><\/p>\n<p style=\"text-align: justify;\">Miguel \u00c1ngel Torrecilla Mesas (Club de Atletismo El Pinar-Ekuon-El Conchel) y Eva Moreno S\u00e1nchez (Club de Atletismo Hell\u00edn) se adjudicaron el triunfo en la XIV Carrera Popular de Pozo Ca\u00f1ada, trig\u00e9simo cuarta prueba puntuable del XVIII Circuito Provincial de Carreras Populares que organiza la Diputaci\u00f3n de Albacete.<\/p>\n<p style=\"text-align: justify;\">Torrecilla sum\u00f3 su novena victoria en la presente temporada y queda a tan s\u00f3lo dos triunfos de su compa\u00f1ero de equipo Jes\u00fas \u00c1ngel Rodr\u00edguez, su m\u00e1s directo rival en la lucha por el t\u00edtulo de Campe\u00f3n del Circuito. La balanza se inclina del lado de Torrecillla, al menos de momento, a tenor de sus nueve segundos puestos que le permiten alg\u00fan error en las catorce carreras que restan, mientras que Jes\u00fas \u00c1ngel no se puede permitir ning\u00fan fallo y necesita todav\u00eda siete primeros puestos para firmar el triunfo en la clasificaci\u00f3n general.<\/p>\n<p style=\"text-align: justify;\">En la categor\u00eda femenina todo est\u00e1 decidido desde hace semanas a favor de Mar\u00eda \u00c1ngeles Mag\u00e1n, con veinte victorias en su haber. El primer puesto de Eva Moreno en Pozo Ca\u00f1ada le sirve para afianzar todav\u00eda m\u00e1s la segunda plaza en la clasificaci\u00f3n general femenina, adem\u00e1s de dejar su nombre, por segundo a\u00f1o consecutivo, en el elenco de ganadores de esta carrera.<\/p>\n<p style=\"text-align: justify;\">La XIV Carrera Popular de Pozo Ca\u00f1ada fue muy lenta. El crono registr\u00f3 unas marcas muy por debajo de lo habitual en la gran mayor\u00eda de los participantes, pero el tremendo sofoco que se sufri\u00f3 en la tarde del s\u00e1bado, con temperaturas cercanas a los treinta grados, no dejaba lugar para grandes alardes. Adem\u00e1s, los excesos de la Feria de Albacete en algunos corredores tambi\u00e9n pasaron factura despu\u00e9s de dos semanas de par\u00f3n en la competici\u00f3n.<\/p>\n<p style=\"text-align: justify;\">Tres clubes presentaron a m\u00e1s de 30 atletas en el arco de meta y se llevaron un jam\u00f3n y un lote de vino: Hell\u00edn (37), 27 de Agosto de Madrigueras (35) y Atletas de Pozo Ca\u00f1ada (32); y otros seis equipos acabaron con un m\u00ednimo de quince corredores y fueron obsequiados con una paletilla y un pan: Tarazona (25), DSC Running Albacete (22), Don Quijote Albacete (21), La Ca\u00f1ada de La Roda (21), Chingu\u00e1n (16) y Chinchilla (15). Tambi\u00e9n hubo jam\u00f3n para el corredor m\u00e1s r\u00e1pido en el kil\u00f3metro 1, en este caso para Atanasio Picazo G\u00f3mez (C. A. Albacete-Diputaci\u00f3n).<\/p>\n<p style=\"text-align: justify;\">En la Carrera de la Mujer, una prueba que se desarroll\u00f3 de forma paralela, dise\u00f1ada para incentivar la participaci\u00f3n femenina y que ofrec\u00eda cinco kil\u00f3metros de recorrido, las tres primeras clasificadas fueron Elena Rojas Mart\u00ednez (29:04), Martina Osa Morales (30:30) y Asunci\u00f3n Lucas Cerro (30:30). La suma total de inscripciones registr\u00f3 a 595 corredores, con 541 de ellos finalizando la prueba, el 91% del total de inscritos.<\/p>\n<p style=\"text-align: justify;\">Carreras en Chinchilla e Imaginalia<\/p>\n<p style=\"text-align: justify;\">El pr\u00f3ximo fin de semana se proponen tres carreras en el entorno del atletismo popular en la provincia de Albacete. El s\u00e1bado por la tarde, a partir de las 18:30 horas, se celebrar\u00e1 la IX Carrera Popular Imaginalia, prueba organizada por la Asociaci\u00f3n de Vecinos del Barrio Ca\u00f1icas-Imaginalia con la colaboraci\u00f3n de este centro comercial, que cede sus instalaciones para albergar a los cientos de atletas que se dar\u00e1n cita en ese evento. La distancia a recorrer ser\u00e1 de 6\u20195 kil\u00f3metros.<\/p>\n<p style=\"text-align: justify;\">El domingo por la ma\u00f1ana el foco de atenci\u00f3n se encontrar\u00e1 sobre la hist\u00f3rica y monumental ciudad de Chinchilla de Montearag\u00f3n con una doble cita de atletismo y trail. A las 09:30 horas se dar\u00e1 el pistoletazo de salida para la V Carrera de Trail, con un trazado por caminos, sendas y monte a trav\u00e9s de 17 kil\u00f3metros de distancia, con 550 metros de desnivel positivo acumulado. A las 10:30 horas comenzar\u00e1 la XI Carrera Popular, con 13.200 metros sobre su tradicional recorrido en esta prueba. En ambos casos la salida se ubicar\u00e1 en la Calle Arenal, junto al Claustro Mud\u00e9jar, y la meta en la Plaza de La Mancha.<\/p>\n<p><!--publicidad-voz03--><a href=\"https:\/\/www.facebook.com\/profile.php?id=100063593791305&amp;locale=es_ES\"><img decoding=\"async\" class=\"alignnone size-medium\" src=\"https:\/\/blogger.googleusercontent.com\/img\/b\/R29vZ2xl\/AVvXsEi8_n_ll8UOcGxCqzFvb_9Io4ICczlGC990BPtPj2w9Px-u7B3oqWUW5vtjZUqPNJ-nyjiUIorE0ATsib_l5tV8BVN-UJ03RTnU__IHJF_4DgDBtY4LIqXNG-FomrO-7ywes20CBCRM2Hcm7EJSh3UUw1dO-c_uTflUrtgY1i7uBRezj_DpympmEFkfbQY\/s1600\/logo-principal2.jpg\" width=\"100%\" height=\"100\" \/><\/a><!--bestpublic-voz03--><!--desk-in-out-voz03--><br \/>\n<!--publicidad-voz04--><a href=\"https:\/\/www.facebook.com\/profile.php?id=61557370768692&amp;locale=es_ES\"><img decoding=\"async\" class=\"alignnone size-medium\" src=\"https:\/\/blogger.googleusercontent.com\/img\/b\/R29vZ2xl\/AVvXsEgy5RdcfffrnrItnYTcV9bCJjgJwldsQLWssfVfrLbyfXeBNTFKgBf0rMIvhrUaGUhiXzVr9_eQgCbi-j63ZDpfTvLIty9w7s140y-m1yHe7eKmEK7v2NAHUJDVYGdfeiQFeRCqUjdwWmN1MX_AUxxz4IVdJ4WIM0APxit8bjWkXzrnEFGqBvW_1F13H1g\/s1600\/logo-principal5.jpg\" width=\"100%\" height=\"100\" \/><\/a><!--bestpublic-voz04--><!--desk-in-out-voz04--><br \/>\n<!--publicidad-voz05--><a href=\"https:\/\/www.facebook.com\/asociaciontamborileroshellin?locale=es_ES\"><img decoding=\"async\" class=\"alignnone size-medium\" src=\"https:\/\/blogger.googleusercontent.com\/img\/b\/R29vZ2xl\/AVvXsEhHEEpZsKK1VpwiYMrS7aE2ujtqIDZoLd4B5wtbiseSU9s2HdTdQfhF84So2XwEB1fv0BLw95GADm6hUl1bkKtzh-eIgVigXONuu_5RxeIMPhjk8q6uNX4EaEHbooKkbu7pCADWPpVJjhKIH5NQSJpWqedC-YBez4QAQeJYokkLot9bhrIaUAeztsGis6M\/s1600\/logo-principal3.jpg\" width=\"100%\" height=\"100\" \/><\/a><!--bestpublic-voz05--><!--desk-in-out-voz05--><br \/>\n<!--publicidad-voz06--><!--bestpublic-voz06--><!--desk-in-out-voz06--><br \/>\n<!--publicidad-voz07--><!--bestpublic-voz07--><!--desk-in-out-voz07--><br \/>\n<!--publicidad-voz08--><!--bestpublic-voz08--><!--desk-in-out-voz08--><br \/>\n<!--publicidad-voz09--><!--bestpublic-voz09--><!--desk-in-out-voz09--><br \/>\n<!--publicidad-voz10--><!--bestpublic-voz10--><!--desk-in-out-voz10--><br \/>\n<!--publicidad-voz11--><!--bestpublic-voz11--><!--desk-in-out-voz11--><br \/>\n<!--publicidad-voz12--><!--bestpublic-voz12--><!--desk-in-out-voz12--><br \/>\n<!--publicidad-voz13--><!--bestpublic-voz13--><!--desk-in-out-voz13--><br \/>\n<!--publicidad-voz14--><!--bestpublic-voz14--><!--desk-in-out-voz14--><br \/>\n<!--publicidad-voz15--><!--bestpublic-voz15--><!--desk-in-out-voz15--><br \/>\n<!--publicidad-voz16--><!--bestpublic-voz16--><!--desk-in-out-voz16--><\/p>\n","protected":false},"excerpt":{"rendered":"<p>EVA MORENO Y MIGUEL \u00c1NGEL TORRECILLA VENCIERON EN POZO CA\u00d1ADA<\/p>\n","protected":false},"author":2,"featured_media":90587,"comment_status":"closed","ping_status":"closed","sticky":false,"template":"","format":"standard","meta":{"footnotes":""},"categories":[723,718,715,716,717],"tags":[],"class_list":["post-102444","post","type-post","status-publish","format-standard","has-post-thumbnail","hentry","category-blog-lv005","category-blogger","category-la-voz-de-hellin","category-la-voz-de-hellin-la-voz-de-hellin","category-noticias"],"_links":{"self":[{"href":"https:\/\/lavozdehellin.com\/noticias\/wp-json\/wp\/v2\/posts\/102444","targetHints":{"allow":["GET"]}}],"collection":[{"href":"https:\/\/lavozdehellin.com\/noticias\/wp-json\/wp\/v2\/posts"}],"about":[{"href":"https:\/\/lavozdehellin.com\/noticias\/wp-json\/wp\/v2\/types\/post"}],"author":[{"embeddable":true,"href":"https:\/\/lavozdehellin.com\/noticias\/wp-json\/wp\/v2\/users\/2"}],"replies":[{"embeddable":true,"href":"https:\/\/lavozdehellin.com\/noticias\/wp-json\/wp\/v2\/comments?post=102444"}],"version-history":[{"count":0,"href":"https:\/\/lavozdehellin.com\/noticias\/wp-json\/wp\/v2\/posts\/102444\/revisions"}],"wp:featuredmedia":[{"embeddable":true,"href":"https:\/\/lavozdehellin.com\/noticias\/wp-json\/wp\/v2\/media\/90587"}],"wp:attachment":[{"href":"https:\/\/lavozdehellin.com\/noticias\/wp-json\/wp\/v2\/media?parent=102444"}],"wp:term":[{"taxonomy":"category","embeddable":true,"href":"https:\/\/lavozdehellin.com\/noticias\/wp-json\/wp\/v2\/categories?post=102444"},{"taxonomy":"post_tag","embeddable":true,"href":"https:\/\/lavozdehellin.com\/noticias\/wp-json\/wp\/v2\/tags?post=102444"}],"curies":[{"name":"wp","href":"https:\/\/api.w.org\/{rel}","templated":true}]}}