{"id":102445,"date":"2018-09-25T11:04:12","date_gmt":"2018-09-25T11:04:12","guid":{"rendered":"https:\/\/lavozdehellin.com\/noticias\/v01-024-exito-en-la-iii-edicion-de-los-confines-de-la-sierra-cantero-de-letur\/"},"modified":"2024-01-04T14:08:46","modified_gmt":"2024-01-04T14:08:46","slug":"v01-024-exito-en-la-iii-edicion-de-los-confines-de-la-sierra-cantero-de-letur","status":"publish","type":"post","link":"https:\/\/lavozdehellin.com\/noticias\/v01-024-exito-en-la-iii-edicion-de-los-confines-de-la-sierra-cantero-de-letur\/","title":{"rendered":"LVH NOTICIAS | \u00c9XITO EN LA III EDICI\u00d3N DE LOS CONFINES DE LA SIERRA \u2013 CANTERO DE LETUR"},"content":{"rendered":"<p style=\"text-align: justify;\">El pasado fin de semana tuvo lugar en la localidad de Nerpio la III Edici\u00f3n de los Confines de la Sierra \u2013 Cantero de Letur, organizada por el Ayuntamiento de Nerpio y Prodepor. Dos etapas que se dieron entre el s\u00e1bado y domingo, con un total de 140 kil\u00f3metros y m\u00e1s de 4190 metros de desnivel acumulado: pura MTB de la que disfrutaron los casi 150 participantes que acudieron de las diferentes comunidades de Murcia, Valencia, Castilla La Mancha, Castilla Le\u00f3n, Madrid y Pa\u00eds Vasco.<\/p>\n<p><!--more--><br \/>\n<!--publicidad-voz01--><a href=\"https:\/\/www.facebook.com\/SoloRadioHellin\/?locale=es_ES\"><img decoding=\"async\" class=\"alignnone size-medium\" src=\"https:\/\/blogger.googleusercontent.com\/img\/b\/R29vZ2xl\/AVvXsEiNncirNnyGedv00mhjZjh5Wl4_YPdJGanoAl8tL8zH-HwqE8uHqjEfSt340RHdx-9tuCSIkZ8rFamZiGyYlgDGxCsmXjCH_1xk5eYM3ntFZRvJP_jndOKR7w1UAo9Tu0vrZyOLfqRpHIxYI5SymJJ-pfGCQw6QVpggBH-UgfjiFQ2JOxqxG0Jx94kW83c\/s1600\/logo-principal.jpg\" width=\"100%\" height=\"100\" \/><\/a><!--bestpublic-voz01--><!--desk-in-out-voz01--><br \/>\n<!--publicidad-voz02--><a href=\"https:\/\/www.hellincf.com\/\"><img decoding=\"async\" class=\"alignnone size-medium\" src=\"https:\/\/blogger.googleusercontent.com\/img\/b\/R29vZ2xl\/AVvXsEhuZ4-XfBVj3UtdP8-RZugy3WVrg-Zv28c53m4oV47qYCxL1rX_dqWX_YddsGSnpH5SRDqZ7bZeKPIfDVCDncpjVlhy3aQs2vojcJBn7Gdv9hC2_Nzct_pRFrnFE1a7KTCdY1bT_kAgnY3-iadRZrGeJf1fR2P5fu11bokx0pWjaypoy-ctwCjklldpEbA\/s1600\/logo-principal7.jpg\" width=\"100%\" height=\"100\" \/><\/a><!--bestpublic-voz02--><!--desk-in-out-voz02--><\/p>\n<p style=\"text-align: justify;\">La salida de la primera etapa de 75 kil\u00f3metros, marcada por la Concejal de Deportes Ana Bel\u00e9n \u00c1lvarez, arranc\u00f3 a las 9:30 desde el Camping las Nogueras de\u00a0 Nerpio. Los ciclistas se lanzaron con una salida r\u00e1pida en ascenso durante los primeros kil\u00f3metros, pasando por localidades como Taibilla, Alcalaboche, Yetas, Beg. Los grandes desniveles del recorrido y las altas temperaturas pusieron al l\u00edmite a m\u00e1s de uno.<\/p>\n<p style=\"text-align: justify;\">El ganador de la primera etapa, Alberto L\u00f3pez Bernab\u00e9 (Bicicletas el Hellinero) lleg\u00f3 a meta con un tiempo de 3:38:41, seguido de Gin\u00e9s Rubio\u00a0 (33 BIKE PRO TEAM) a 1:05 del primero. Complet\u00f3 podio Gustavo Nicol\u00e1s Garc\u00eda. Fue el hellinero quien se hizo con el Premio de Monta\u00f1a de la primera etapa pues fue el primero en coronar el trazado marcado para tal trofeo. En cuanto a f\u00e9minas, Ver\u00f3nica Gonz\u00e1lez (BICICLETAS APARICIO) alcanz\u00f3 la l\u00ednea de meta a las 4:48:43, como primera clasificada, adem\u00e1s de hacerse tambi\u00e9n con el Premio de Monta\u00f1a. Almudena Jim\u00e9nez (ARTE BICIS) entr\u00f3 en segunda posici\u00f3n con m\u00e1s de 30 minutos de diferencia respecto a la ganadora, una brecha temporal que marc\u00f3 el podio de los premios de la general. A su llegada a meta los participantes repusieron fuerzas con un avituallamiento final que los organizadores pusieron a su disposici\u00f3n en las instalaciones del Camping Las Nogueras de Nerpio.<\/p>\n<p style=\"text-align: justify;\">Fue por la tarde, a las 20:00, cuando se hizo la entrega de trofeos a los ganadores de la clasificaci\u00f3n general y a los tres primeros clasificados de cada categor\u00eda, adem\u00e1s de los premiados en el tramo de monta\u00f1a. Con un perfecto ambiente entre deportistas, la jornada concluy\u00f3 con un generoso aperitivo que la organizaci\u00f3n dispuso para todos los participantes tras la entrega de trofeos.<\/p>\n<p style=\"text-align: justify;\">El domingo se volv\u00edan a concentrar, esta vez en la plaza de Nerpio, para disputar la segunda etapa de 65 kil\u00f3metros. Eran las 9:00 cuando se dio la salida y se pusieron rumbo al ascenso hasta Ca\u00f1adas de Arriba y Nacimiento de Taibilla. El trazado no daba mucho lugar al descanso, con una primera parte de ascenso, a\u00fan por el kil\u00f3metro 25 les esperaba una de las subidas m\u00e1s exigentes de esta III Edici\u00f3n de los Confines de la Sierra- El Cantero de Letur, La subida de \u201cLos Pelaos\u201d: 400 metros de desnivel positivo acumulado en poco m\u00e1s de 3 kil\u00f3metros.\u00a0 En el kil\u00f3metro 35 coronaban el punto m\u00e1s alto\u00a0 de todo el recorrido, en Los Pozos, con casi 1.700m de altitud. Tras ese punto, les esperaba una larga bajada por pista y una infinidad de caminos, sendas y pistas hasta alcanzar la l\u00ednea de meta en la plaza de Nerpio.<\/p>\n<p style=\"text-align: justify;\">El hellinero Alberto L\u00f3pez volvi\u00f3 a despuntar, poni\u00e9ndose en cabeza y manteniendo dicha posici\u00f3n hasta la l\u00ednea de meta, convirti\u00e9ndose as\u00ed, en el ganador absoluto de esta III Edici\u00f3n de Confines de la Sierra \u2013 El Cantero de Letur. El subcampe\u00f3n y tercer clasificado de la absoluta repitieron podio, pues volvieron a ocupar el 2 pelda\u00f1o Gin\u00e9s Rubio y Gustavo Nicol\u00e1s el tercer puesto de la clasificaci\u00f3n general.<\/p>\n<p style=\"text-align: justify;\">Con las f\u00e9minas participantes se vivi\u00f3 una emotiva segunda etapa,\u00a0 pues Almudena Jim\u00e9nez se puso en cabeza logrando el premio de monta\u00f1a en el kil\u00f3metro 24 y mantuvo la distancia durante todo el trazado. Visiblemente emocionada se colg\u00f3 un merecido primer puesto. Ver\u00f3nica Gonz\u00e1lez, entr\u00f3 a casi cuatro minutos de la corredora del Arte Bicis, y proclam\u00e1ndose ganadora absoluta de la III Edici\u00f3n de los Confines de la Sierra \u2013 El Cantero de Letur 2018, pues por suma de tiempos de ambas etapas, Ver\u00f3nica se alz\u00f3 con el t\u00edtulo, consagr\u00e1ndose como \u00fanica campeona de Confines de la Sierra en sus tres ediciones.<\/p>\n<p style=\"text-align: justify;\">A las 14.30 \u00a0comenz\u00f3 la entrega de trofeos de la II Etapa, otorgados a los 3 primeros clasificados de la general y a los 3 primeros clasificados de cada categor\u00eda y vencedores de los premios de monta\u00f1a, entregados por la concejala de deportes Ana Bel\u00e9n \u00c1lvarez y el alcalde del municipio de Nerpio, Jos\u00e9 Antonio G\u00f3mez, y el gerente de PRODEPOR Ignacio D\u00edaz. Se sigui\u00f3 llamando a podio a todos premiados en la categor\u00eda absoluta de la III Edici\u00f3n: los 3 primeros clasificados de la general y cada categor\u00eda, las 3 primeras parejas masculinas (Antonio Garc\u00eda V\u00e1zquez \u2013 Alejandro Robles Martinez, \u00a0Ra\u00fal Garc\u00eda Soto \u2013 \u00a0Xavi Bru Egea y Alejandro T\u00e9bar Herreros \u2013 Esteban Parra Iniesta) y parejas mixtas (Ram\u00f3n Garc\u00eda Torres \u2013 Ver\u00f3nica Gonz\u00e1lez y Miguel \u00c1ngel P\u00e9rez Atencia \u2013 Almudena Jim\u00e9nez) y el equipo ganador \u201cMINDANGOS PRO TEAM\u201d.<\/p>\n<p style=\"text-align: justify;\">El evento se cerr\u00f3 con un balance muy positivo para la localidad de Nerpio,\u00a0 cuya poblaci\u00f3n \u00a0se volc\u00f3 en la organizaci\u00f3n de este evento deportivo, y que cont\u00f3 con la colaboraci\u00f3n de Protecci\u00f3n Civil y Cruz Roja y Diputaci\u00f3n de Albacete dotando de materiales necesarios para la organizaci\u00f3n y protecci\u00f3n del corredor.<\/p>\n<p><!--publicidad-voz03--><a href=\"https:\/\/www.facebook.com\/profile.php?id=100063593791305&amp;locale=es_ES\"><img decoding=\"async\" class=\"alignnone size-medium\" src=\"https:\/\/blogger.googleusercontent.com\/img\/b\/R29vZ2xl\/AVvXsEi8_n_ll8UOcGxCqzFvb_9Io4ICczlGC990BPtPj2w9Px-u7B3oqWUW5vtjZUqPNJ-nyjiUIorE0ATsib_l5tV8BVN-UJ03RTnU__IHJF_4DgDBtY4LIqXNG-FomrO-7ywes20CBCRM2Hcm7EJSh3UUw1dO-c_uTflUrtgY1i7uBRezj_DpympmEFkfbQY\/s1600\/logo-principal2.jpg\" width=\"100%\" height=\"100\" \/><\/a><!--bestpublic-voz03--><!--desk-in-out-voz03--><br \/>\n<!--publicidad-voz04--><a href=\"https:\/\/www.facebook.com\/profile.php?id=61557370768692&amp;locale=es_ES\"><img decoding=\"async\" class=\"alignnone size-medium\" src=\"https:\/\/blogger.googleusercontent.com\/img\/b\/R29vZ2xl\/AVvXsEgy5RdcfffrnrItnYTcV9bCJjgJwldsQLWssfVfrLbyfXeBNTFKgBf0rMIvhrUaGUhiXzVr9_eQgCbi-j63ZDpfTvLIty9w7s140y-m1yHe7eKmEK7v2NAHUJDVYGdfeiQFeRCqUjdwWmN1MX_AUxxz4IVdJ4WIM0APxit8bjWkXzrnEFGqBvW_1F13H1g\/s1600\/logo-principal5.jpg\" width=\"100%\" height=\"100\" \/><\/a><!--bestpublic-voz04--><!--desk-in-out-voz04--><br \/>\n<!--publicidad-voz05--><a href=\"https:\/\/www.facebook.com\/asociaciontamborileroshellin?locale=es_ES\"><img decoding=\"async\" class=\"alignnone size-medium\" src=\"https:\/\/blogger.googleusercontent.com\/img\/b\/R29vZ2xl\/AVvXsEhHEEpZsKK1VpwiYMrS7aE2ujtqIDZoLd4B5wtbiseSU9s2HdTdQfhF84So2XwEB1fv0BLw95GADm6hUl1bkKtzh-eIgVigXONuu_5RxeIMPhjk8q6uNX4EaEHbooKkbu7pCADWPpVJjhKIH5NQSJpWqedC-YBez4QAQeJYokkLot9bhrIaUAeztsGis6M\/s1600\/logo-principal3.jpg\" width=\"100%\" height=\"100\" \/><\/a><!--bestpublic-voz05--><!--desk-in-out-voz05--><br \/>\n<!--publicidad-voz06--><!--bestpublic-voz06--><!--desk-in-out-voz06--><br \/>\n<!--publicidad-voz07--><!--bestpublic-voz07--><!--desk-in-out-voz07--><br \/>\n<!--publicidad-voz08--><!--bestpublic-voz08--><!--desk-in-out-voz08--><br \/>\n<!--publicidad-voz09--><!--bestpublic-voz09--><!--desk-in-out-voz09--><br \/>\n<!--publicidad-voz10--><!--bestpublic-voz10--><!--desk-in-out-voz10--><br \/>\n<!--publicidad-voz11--><!--bestpublic-voz11--><!--desk-in-out-voz11--><br \/>\n<!--publicidad-voz12--><!--bestpublic-voz12--><!--desk-in-out-voz12--><br \/>\n<!--publicidad-voz13--><!--bestpublic-voz13--><!--desk-in-out-voz13--><br \/>\n<!--publicidad-voz14--><!--bestpublic-voz14--><!--desk-in-out-voz14--><br \/>\n<!--publicidad-voz15--><!--bestpublic-voz15--><!--desk-in-out-voz15--><br \/>\n<!--publicidad-voz16--><!--bestpublic-voz16--><!--desk-in-out-voz16--><\/p>\n","protected":false},"excerpt":{"rendered":"<p>\u00c9XITO EN LA III EDICI\u00d3N DE LOS CONFINES DE LA SIERRA \u2013 CANTERO DE LETUR<\/p>\n","protected":false},"author":2,"featured_media":90581,"comment_status":"closed","ping_status":"closed","sticky":false,"template":"","format":"standard","meta":{"footnotes":""},"categories":[723,718,715,716,717],"tags":[],"class_list":["post-102445","post","type-post","status-publish","format-standard","has-post-thumbnail","hentry","category-blog-lv005","category-blogger","category-la-voz-de-hellin","category-la-voz-de-hellin-la-voz-de-hellin","category-noticias"],"_links":{"self":[{"href":"https:\/\/lavozdehellin.com\/noticias\/wp-json\/wp\/v2\/posts\/102445","targetHints":{"allow":["GET"]}}],"collection":[{"href":"https:\/\/lavozdehellin.com\/noticias\/wp-json\/wp\/v2\/posts"}],"about":[{"href":"https:\/\/lavozdehellin.com\/noticias\/wp-json\/wp\/v2\/types\/post"}],"author":[{"embeddable":true,"href":"https:\/\/lavozdehellin.com\/noticias\/wp-json\/wp\/v2\/users\/2"}],"replies":[{"embeddable":true,"href":"https:\/\/lavozdehellin.com\/noticias\/wp-json\/wp\/v2\/comments?post=102445"}],"version-history":[{"count":0,"href":"https:\/\/lavozdehellin.com\/noticias\/wp-json\/wp\/v2\/posts\/102445\/revisions"}],"wp:featuredmedia":[{"embeddable":true,"href":"https:\/\/lavozdehellin.com\/noticias\/wp-json\/wp\/v2\/media\/90581"}],"wp:attachment":[{"href":"https:\/\/lavozdehellin.com\/noticias\/wp-json\/wp\/v2\/media?parent=102445"}],"wp:term":[{"taxonomy":"category","embeddable":true,"href":"https:\/\/lavozdehellin.com\/noticias\/wp-json\/wp\/v2\/categories?post=102445"},{"taxonomy":"post_tag","embeddable":true,"href":"https:\/\/lavozdehellin.com\/noticias\/wp-json\/wp\/v2\/tags?post=102445"}],"curies":[{"name":"wp","href":"https:\/\/api.w.org\/{rel}","templated":true}]}}