{"id":102447,"date":"2018-09-24T15:04:18","date_gmt":"2018-09-24T15:04:18","guid":{"rendered":"https:\/\/lavozdehellin.com\/noticias\/v01-026-yago-sardina-y-aida-milan-se-imponen-en-casas-ibanez\/"},"modified":"2024-01-04T14:08:46","modified_gmt":"2024-01-04T14:08:46","slug":"v01-026-yago-sardina-y-aida-milan-se-imponen-en-casas-ibanez","status":"publish","type":"post","link":"https:\/\/lavozdehellin.com\/noticias\/v01-026-yago-sardina-y-aida-milan-se-imponen-en-casas-ibanez\/","title":{"rendered":"LVH NOTICIAS | YAGO SARDINA Y A\u00cdDA MIL\u00c1N SE IMPONEN EN CASAS IB\u00c1\u00d1EZ"},"content":{"rendered":"<p style=\"text-align: justify;\">El pasado domingo se celebr\u00f3 en Casas Ib\u00e1\u00f1ez una nueva prueba del Circuito Provincial de BTT, organizado por la Diputaci\u00f3n de Albacete. La prueba, que cont\u00f3 con una participaci\u00f3n de m\u00e1s de trescientos cuarenta corredores, result\u00f3 nuevamente todo un \u00e9xito, ya que todos los participantes pudieron disfrutar de un recorrido muy atractivo. En cuanto a los nombres propios de la prueba, Yago Sardina (MANZANARES\u2013BERRIA RACING TEAM) y A\u00edda Mil\u00e1n (INGETEAM RUMBO BTT) se alzaron con sus respectivas victorias en esta trig\u00e9sima prueba del XII Circuito Provincial de BTT.<\/p>\n<p><!--more--><br \/>\n<!--publicidad-voz01--><a href=\"https:\/\/www.facebook.com\/SoloRadioHellin\/?locale=es_ES\"><img decoding=\"async\" class=\"alignnone size-medium\" src=\"https:\/\/blogger.googleusercontent.com\/img\/b\/R29vZ2xl\/AVvXsEiNncirNnyGedv00mhjZjh5Wl4_YPdJGanoAl8tL8zH-HwqE8uHqjEfSt340RHdx-9tuCSIkZ8rFamZiGyYlgDGxCsmXjCH_1xk5eYM3ntFZRvJP_jndOKR7w1UAo9Tu0vrZyOLfqRpHIxYI5SymJJ-pfGCQw6QVpggBH-UgfjiFQ2JOxqxG0Jx94kW83c\/s1600\/logo-principal.jpg\" width=\"100%\" height=\"100\" \/><\/a><!--bestpublic-voz01--><!--desk-in-out-voz01--><br \/>\n<!--publicidad-voz02--><a href=\"https:\/\/www.hellincf.com\/\"><img decoding=\"async\" class=\"alignnone size-medium\" src=\"https:\/\/blogger.googleusercontent.com\/img\/b\/R29vZ2xl\/AVvXsEhuZ4-XfBVj3UtdP8-RZugy3WVrg-Zv28c53m4oV47qYCxL1rX_dqWX_YddsGSnpH5SRDqZ7bZeKPIfDVCDncpjVlhy3aQs2vojcJBn7Gdv9hC2_Nzct_pRFrnFE1a7KTCdY1bT_kAgnY3-iadRZrGeJf1fR2P5fu11bokx0pWjaypoy-ctwCjklldpEbA\/s1600\/logo-principal7.jpg\" width=\"100%\" height=\"100\" \/><\/a><!--bestpublic-voz02--><!--desk-in-out-voz02--><\/p>\n<p style=\"text-align: justify;\">A las 10:00 de la ma\u00f1ana, se daba el pistoletazo de salida a una nueva prueba del Circuito Provincial de BTT. En la categor\u00eda masculina r\u00e1pidamente se escapar\u00eda Yago Sardina, manteniendo el liderato en solitario hasta el kil\u00f3metro 20 de la prueba donde Jos\u00e9 Luis Pastor (IGM\u2013EUROCICLO) le alcanzar\u00eda y rodar\u00edan juntos hasta el arco de meta, Yago se har\u00eda con la victoria final gracias a un gran sprint. Por detr\u00e1s de estos dos corredores, se formar\u00eda un grupo de corredores destacando, entre otros, a Santiago Madrona (IGM\u2013EUROCICLO), Sergio N\u00fa\u00f1ez (CICLOAVENTURA TEAM), V\u00edctor Garc\u00eda (MTB MADRIGUERAS), Juan Moya (MANZANARES\u2013BERRIA RACING TEAM), Francisco Jos\u00e9 Parra (INGETEAM RUMBO BTT), etc.; ser\u00eda en el \u00faltimo \u201crepecho\u201d del recorrido donde Santiago Madrona conseguir\u00eda algo de ventaja que le permitir\u00eda ocupar el tercer caj\u00f3n del p\u00f3dium.<\/p>\n<p style=\"text-align: justify;\">En la categor\u00eda femenina no hubo problemas en disipar qui\u00e9n ocupar\u00eda cada uno de los tres cajones del p\u00f3dium. A\u00edda Mil\u00e1n conseguir\u00eda escaparse tras la primera senda, aprovechando un peque\u00f1o \u201ctap\u00f3n\u201d originado por el pelot\u00f3n. Esta circunstancia le permitir\u00eda rodar en solitario hasta la l\u00ednea de meta. Desir\u00e9e Moya (MANZANARES\u2013BERRIA RACING TEAM) cambiar\u00eda su ritmo para escaparse en solitario a la caza de la l\u00edder del circuito, obteniendo finalmente como resultado la segunda plaza. Alfonsi Villar (FERRO ICE\u2013CONTRALLANO BTT) tambi\u00e9n conseguir\u00eda una ligera ventaja sobre sus perseguidoras para logar alzarse con el tercer puesto en meta.<\/p>\n<p style=\"text-align: justify;\">En el recorrido alternativo, victorias para Miguel \u00c1ngel Rubio (BTT ACACHACARDOS TEAM VILLALGORDO DEL J\u00daCAR) y Alixe Vanbrabant en categor\u00eda S\u00e9nior, y Jos\u00e9 Manuel Calonge (EKUON EL CONCHEL\/DIPUTACI\u00d3N DE ALBACETE SPORT TEAM) para la categor\u00eda J\u00fanior.<\/p>\n<p style=\"text-align: justify;\">Tras la disputa de la prueba, comida de hermandad final como es tradicional en la Plaza de Toros de Casas Ib\u00e1\u00f1ez, poniendo el broche de oro a una excelente jornada de BTT, con unas condiciones meteorol\u00f3gicas que acompa\u00f1aron en todo momento.<\/p>\n<p style=\"text-align: justify;\">Para la semana que viene, m\u00e1s actividad de BTT en el Circuito Provincial, concretamente Villaverde de Guadalimar ser\u00e1 la localidad que acoger\u00e1 la siguiente prueba de bicicletas de monta\u00f1a.<\/p>\n<p><!--publicidad-voz03--><a href=\"https:\/\/www.facebook.com\/profile.php?id=100063593791305&amp;locale=es_ES\"><img decoding=\"async\" class=\"alignnone size-medium\" src=\"https:\/\/blogger.googleusercontent.com\/img\/b\/R29vZ2xl\/AVvXsEi8_n_ll8UOcGxCqzFvb_9Io4ICczlGC990BPtPj2w9Px-u7B3oqWUW5vtjZUqPNJ-nyjiUIorE0ATsib_l5tV8BVN-UJ03RTnU__IHJF_4DgDBtY4LIqXNG-FomrO-7ywes20CBCRM2Hcm7EJSh3UUw1dO-c_uTflUrtgY1i7uBRezj_DpympmEFkfbQY\/s1600\/logo-principal2.jpg\" width=\"100%\" height=\"100\" \/><\/a><!--bestpublic-voz03--><!--desk-in-out-voz03--><br \/>\n<!--publicidad-voz04--><a href=\"https:\/\/www.facebook.com\/profile.php?id=61557370768692&amp;locale=es_ES\"><img decoding=\"async\" class=\"alignnone size-medium\" src=\"https:\/\/blogger.googleusercontent.com\/img\/b\/R29vZ2xl\/AVvXsEgy5RdcfffrnrItnYTcV9bCJjgJwldsQLWssfVfrLbyfXeBNTFKgBf0rMIvhrUaGUhiXzVr9_eQgCbi-j63ZDpfTvLIty9w7s140y-m1yHe7eKmEK7v2NAHUJDVYGdfeiQFeRCqUjdwWmN1MX_AUxxz4IVdJ4WIM0APxit8bjWkXzrnEFGqBvW_1F13H1g\/s1600\/logo-principal5.jpg\" width=\"100%\" height=\"100\" \/><\/a><!--bestpublic-voz04--><!--desk-in-out-voz04--><br \/>\n<!--publicidad-voz05--><a href=\"https:\/\/www.facebook.com\/asociaciontamborileroshellin?locale=es_ES\"><img decoding=\"async\" class=\"alignnone size-medium\" src=\"https:\/\/blogger.googleusercontent.com\/img\/b\/R29vZ2xl\/AVvXsEhHEEpZsKK1VpwiYMrS7aE2ujtqIDZoLd4B5wtbiseSU9s2HdTdQfhF84So2XwEB1fv0BLw95GADm6hUl1bkKtzh-eIgVigXONuu_5RxeIMPhjk8q6uNX4EaEHbooKkbu7pCADWPpVJjhKIH5NQSJpWqedC-YBez4QAQeJYokkLot9bhrIaUAeztsGis6M\/s1600\/logo-principal3.jpg\" width=\"100%\" height=\"100\" \/><\/a><!--bestpublic-voz05--><!--desk-in-out-voz05--><br \/>\n<!--publicidad-voz06--><!--bestpublic-voz06--><!--desk-in-out-voz06--><br \/>\n<!--publicidad-voz07--><!--bestpublic-voz07--><!--desk-in-out-voz07--><br \/>\n<!--publicidad-voz08--><!--bestpublic-voz08--><!--desk-in-out-voz08--><br \/>\n<!--publicidad-voz09--><!--bestpublic-voz09--><!--desk-in-out-voz09--><br \/>\n<!--publicidad-voz10--><!--bestpublic-voz10--><!--desk-in-out-voz10--><br \/>\n<!--publicidad-voz11--><!--bestpublic-voz11--><!--desk-in-out-voz11--><br \/>\n<!--publicidad-voz12--><!--bestpublic-voz12--><!--desk-in-out-voz12--><br \/>\n<!--publicidad-voz13--><!--bestpublic-voz13--><!--desk-in-out-voz13--><br \/>\n<!--publicidad-voz14--><!--bestpublic-voz14--><!--desk-in-out-voz14--><br \/>\n<!--publicidad-voz15--><!--bestpublic-voz15--><!--desk-in-out-voz15--><br \/>\n<!--publicidad-voz16--><!--bestpublic-voz16--><!--desk-in-out-voz16--><\/p>\n","protected":false},"excerpt":{"rendered":"<p>YAGO SARDINA Y A\u00cdDA MIL\u00c1N SE IMPONEN EN CASAS IB\u00c1\u00d1EZ<\/p>\n","protected":false},"author":2,"featured_media":90583,"comment_status":"closed","ping_status":"closed","sticky":false,"template":"","format":"standard","meta":{"footnotes":""},"categories":[723,718,715,716,717],"tags":[],"class_list":["post-102447","post","type-post","status-publish","format-standard","has-post-thumbnail","hentry","category-blog-lv005","category-blogger","category-la-voz-de-hellin","category-la-voz-de-hellin-la-voz-de-hellin","category-noticias"],"_links":{"self":[{"href":"https:\/\/lavozdehellin.com\/noticias\/wp-json\/wp\/v2\/posts\/102447","targetHints":{"allow":["GET"]}}],"collection":[{"href":"https:\/\/lavozdehellin.com\/noticias\/wp-json\/wp\/v2\/posts"}],"about":[{"href":"https:\/\/lavozdehellin.com\/noticias\/wp-json\/wp\/v2\/types\/post"}],"author":[{"embeddable":true,"href":"https:\/\/lavozdehellin.com\/noticias\/wp-json\/wp\/v2\/users\/2"}],"replies":[{"embeddable":true,"href":"https:\/\/lavozdehellin.com\/noticias\/wp-json\/wp\/v2\/comments?post=102447"}],"version-history":[{"count":0,"href":"https:\/\/lavozdehellin.com\/noticias\/wp-json\/wp\/v2\/posts\/102447\/revisions"}],"wp:featuredmedia":[{"embeddable":true,"href":"https:\/\/lavozdehellin.com\/noticias\/wp-json\/wp\/v2\/media\/90583"}],"wp:attachment":[{"href":"https:\/\/lavozdehellin.com\/noticias\/wp-json\/wp\/v2\/media?parent=102447"}],"wp:term":[{"taxonomy":"category","embeddable":true,"href":"https:\/\/lavozdehellin.com\/noticias\/wp-json\/wp\/v2\/categories?post=102447"},{"taxonomy":"post_tag","embeddable":true,"href":"https:\/\/lavozdehellin.com\/noticias\/wp-json\/wp\/v2\/tags?post=102447"}],"curies":[{"name":"wp","href":"https:\/\/api.w.org\/{rel}","templated":true}]}}