{"id":102448,"date":"2018-09-24T14:00:33","date_gmt":"2018-09-24T14:00:33","guid":{"rendered":"https:\/\/lavozdehellin.com\/noticias\/v01-027-primer-amistoso-del-adb-hellin-con-victoria\/"},"modified":"2024-01-04T14:08:46","modified_gmt":"2024-01-04T14:08:46","slug":"v01-027-primer-amistoso-del-adb-hellin-con-victoria","status":"publish","type":"post","link":"https:\/\/lavozdehellin.com\/noticias\/v01-027-primer-amistoso-del-adb-hellin-con-victoria\/","title":{"rendered":"LVH NOTICIAS | PRIMER AMISTOSO DEL ADB HELL\u00cdN CON VICTORIA"},"content":{"rendered":"<p style=\"text-align: justify;\">Un mes despu\u00e9s de que el ADB Hell\u00edn comenzara la pretemporada, el conjunto de Daniel Fern\u00e1ndez disput\u00f3 este domingo, en Jumilla, el primer amistoso, a menos de un mes del inicio de su nueva andadura en la 1\u00aa Auton\u00f3mica a la que ascendi\u00f3, el pasado ejercicio, ante Quintanar del Rey.<\/p>\n<p><!--more--><br \/>\n<!--publicidad-voz01--><a href=\"https:\/\/www.facebook.com\/SoloRadioHellin\/?locale=es_ES\"><img decoding=\"async\" class=\"alignnone size-medium\" src=\"https:\/\/blogger.googleusercontent.com\/img\/b\/R29vZ2xl\/AVvXsEiNncirNnyGedv00mhjZjh5Wl4_YPdJGanoAl8tL8zH-HwqE8uHqjEfSt340RHdx-9tuCSIkZ8rFamZiGyYlgDGxCsmXjCH_1xk5eYM3ntFZRvJP_jndOKR7w1UAo9Tu0vrZyOLfqRpHIxYI5SymJJ-pfGCQw6QVpggBH-UgfjiFQ2JOxqxG0Jx94kW83c\/s1600\/logo-principal.jpg\" width=\"100%\" height=\"100\" \/><\/a><!--bestpublic-voz01--><!--desk-in-out-voz01--><br \/>\n<!--publicidad-voz02--><a href=\"https:\/\/www.hellincf.com\/\"><img decoding=\"async\" class=\"alignnone size-medium\" src=\"https:\/\/blogger.googleusercontent.com\/img\/b\/R29vZ2xl\/AVvXsEhuZ4-XfBVj3UtdP8-RZugy3WVrg-Zv28c53m4oV47qYCxL1rX_dqWX_YddsGSnpH5SRDqZ7bZeKPIfDVCDncpjVlhy3aQs2vojcJBn7Gdv9hC2_Nzct_pRFrnFE1a7KTCdY1bT_kAgnY3-iadRZrGeJf1fR2P5fu11bokx0pWjaypoy-ctwCjklldpEbA\/s1600\/logo-principal7.jpg\" width=\"100%\" height=\"100\" \/><\/a><!--bestpublic-voz02--><!--desk-in-out-voz02--><\/p>\n<p style=\"text-align: justify;\">El conjunto en el que volver\u00e1 a ser t\u00e9cnico y jugador, Daniel Fern\u00e1ndez, \u201cmuy contento por el trabajo ilusi\u00f3n y compromiso\u201d de la plantilla desde que comenzaron los entrenamientos, se mostr\u00f3, en la semana previa al encuentro, expectante ante este amistoso en la localidad murciana de Jumilla y ante el equipo en el que milita el ex jugador de ADB, como Alejandro de Andr\u00e9s \u201cKaki\u201d.<\/p>\n<p style=\"text-align: justify;\">Un ADB que viaj\u00f3 con casi todos los efectivos, menos Humberto Su\u00e1rez y Guillermo Garc\u00eda, pero s\u00ed con Andr\u00e9s S\u00e1nchez, Rafael Mar\u00edn y el propio Daniel Fern\u00e1ndez, como jugadores que siguen del pasado curso; as\u00ed como Juan Carlos Gonz\u00e1lez, Fernando Cano, Pepe Oliver, Mart\u00ednez Faura y \u00c1ngel L\u00f3pez, en edad junior todav\u00eda, ya que de momento no se han comprometido, viejos conocidos, como Nacho Vidal o Eduardo And\u00fajar.<\/p>\n<p style=\"text-align: justify;\">Buen partido en el que se vivi\u00f3 en la ciudad jumillana, donde el t\u00e9cnico hellinero prob\u00f3 varios quintetos y donde roto mucho al equipo. EL resultado fue lo de menos, lo importante fue rodar al equipo y llegar al primer partido liguero a la m\u00e1xima plenitud t\u00e1ctica y t\u00e9cnica. Los destacados fueron en el primer tiempo un Andres S\u00e1nchez, llamado a ser uno de los hombres importantes en el ataque del equipo y Fernando Cano, haci\u00e9ndose grande en la pintura, aunque con algunos fallos, propios de pretemporada. En la segunda mitad apareci\u00f3 la calidad del madrile\u00f1o Dani Fern\u00e1ndez y un Fernando Martinez que se mostr\u00f3 inspirado en esta mitad.<\/p>\n<p style=\"text-align: justify;\">El equipo hellinero volver\u00e1 a los entrenamientos hoy mismo para seguir preparando el inicio de la competici\u00f3n. ADB Hellin jugar\u00e1, en el Grupo 1\u00ba, donde el principal objetivo es conseguir una de las cuatro plazas que le clasifique para el grupo de ascenso, en la segunda fase de competici\u00f3n, a la 1\u00aa Nacional ante los otros equipos que terminen en esas posiciones, en el Grupo 2\u00ba.<\/p>\n<p style=\"text-align: justify;\">Dar las gracias al equipo local por la organizaci\u00f3n y la oportunidad de jugar un amistoso. Desearle la mayor de las suertes en su temporada, donde militaran en la 1\u00aaaut. de la regi\u00f3n de Murcia.<\/p>\n<p><!--publicidad-voz03--><a href=\"https:\/\/www.facebook.com\/profile.php?id=100063593791305&amp;locale=es_ES\"><img decoding=\"async\" class=\"alignnone size-medium\" src=\"https:\/\/blogger.googleusercontent.com\/img\/b\/R29vZ2xl\/AVvXsEi8_n_ll8UOcGxCqzFvb_9Io4ICczlGC990BPtPj2w9Px-u7B3oqWUW5vtjZUqPNJ-nyjiUIorE0ATsib_l5tV8BVN-UJ03RTnU__IHJF_4DgDBtY4LIqXNG-FomrO-7ywes20CBCRM2Hcm7EJSh3UUw1dO-c_uTflUrtgY1i7uBRezj_DpympmEFkfbQY\/s1600\/logo-principal2.jpg\" width=\"100%\" height=\"100\" \/><\/a><!--bestpublic-voz03--><!--desk-in-out-voz03--><br \/>\n<!--publicidad-voz04--><a href=\"https:\/\/www.facebook.com\/profile.php?id=61557370768692&amp;locale=es_ES\"><img decoding=\"async\" class=\"alignnone size-medium\" src=\"https:\/\/blogger.googleusercontent.com\/img\/b\/R29vZ2xl\/AVvXsEgy5RdcfffrnrItnYTcV9bCJjgJwldsQLWssfVfrLbyfXeBNTFKgBf0rMIvhrUaGUhiXzVr9_eQgCbi-j63ZDpfTvLIty9w7s140y-m1yHe7eKmEK7v2NAHUJDVYGdfeiQFeRCqUjdwWmN1MX_AUxxz4IVdJ4WIM0APxit8bjWkXzrnEFGqBvW_1F13H1g\/s1600\/logo-principal5.jpg\" width=\"100%\" height=\"100\" \/><\/a><!--bestpublic-voz04--><!--desk-in-out-voz04--><br \/>\n<!--publicidad-voz05--><a href=\"https:\/\/www.facebook.com\/asociaciontamborileroshellin?locale=es_ES\"><img decoding=\"async\" class=\"alignnone size-medium\" src=\"https:\/\/blogger.googleusercontent.com\/img\/b\/R29vZ2xl\/AVvXsEhHEEpZsKK1VpwiYMrS7aE2ujtqIDZoLd4B5wtbiseSU9s2HdTdQfhF84So2XwEB1fv0BLw95GADm6hUl1bkKtzh-eIgVigXONuu_5RxeIMPhjk8q6uNX4EaEHbooKkbu7pCADWPpVJjhKIH5NQSJpWqedC-YBez4QAQeJYokkLot9bhrIaUAeztsGis6M\/s1600\/logo-principal3.jpg\" width=\"100%\" height=\"100\" \/><\/a><!--bestpublic-voz05--><!--desk-in-out-voz05--><br \/>\n<!--publicidad-voz06--><!--bestpublic-voz06--><!--desk-in-out-voz06--><br \/>\n<!--publicidad-voz07--><!--bestpublic-voz07--><!--desk-in-out-voz07--><br \/>\n<!--publicidad-voz08--><!--bestpublic-voz08--><!--desk-in-out-voz08--><br \/>\n<!--publicidad-voz09--><!--bestpublic-voz09--><!--desk-in-out-voz09--><br \/>\n<!--publicidad-voz10--><!--bestpublic-voz10--><!--desk-in-out-voz10--><br \/>\n<!--publicidad-voz11--><!--bestpublic-voz11--><!--desk-in-out-voz11--><br \/>\n<!--publicidad-voz12--><!--bestpublic-voz12--><!--desk-in-out-voz12--><br \/>\n<!--publicidad-voz13--><!--bestpublic-voz13--><!--desk-in-out-voz13--><br \/>\n<!--publicidad-voz14--><!--bestpublic-voz14--><!--desk-in-out-voz14--><br \/>\n<!--publicidad-voz15--><!--bestpublic-voz15--><!--desk-in-out-voz15--><br \/>\n<!--publicidad-voz16--><!--bestpublic-voz16--><!--desk-in-out-voz16--><\/p>\n","protected":false},"excerpt":{"rendered":"<p>PRIMER AMISTOSO DEL ADB HELL\u00cdN CON VICTORIA<\/p>\n","protected":false},"author":2,"featured_media":90580,"comment_status":"closed","ping_status":"closed","sticky":false,"template":"","format":"standard","meta":{"footnotes":""},"categories":[723,718,715,716,717],"tags":[],"class_list":["post-102448","post","type-post","status-publish","format-standard","has-post-thumbnail","hentry","category-blog-lv005","category-blogger","category-la-voz-de-hellin","category-la-voz-de-hellin-la-voz-de-hellin","category-noticias"],"_links":{"self":[{"href":"https:\/\/lavozdehellin.com\/noticias\/wp-json\/wp\/v2\/posts\/102448","targetHints":{"allow":["GET"]}}],"collection":[{"href":"https:\/\/lavozdehellin.com\/noticias\/wp-json\/wp\/v2\/posts"}],"about":[{"href":"https:\/\/lavozdehellin.com\/noticias\/wp-json\/wp\/v2\/types\/post"}],"author":[{"embeddable":true,"href":"https:\/\/lavozdehellin.com\/noticias\/wp-json\/wp\/v2\/users\/2"}],"replies":[{"embeddable":true,"href":"https:\/\/lavozdehellin.com\/noticias\/wp-json\/wp\/v2\/comments?post=102448"}],"version-history":[{"count":0,"href":"https:\/\/lavozdehellin.com\/noticias\/wp-json\/wp\/v2\/posts\/102448\/revisions"}],"wp:featuredmedia":[{"embeddable":true,"href":"https:\/\/lavozdehellin.com\/noticias\/wp-json\/wp\/v2\/media\/90580"}],"wp:attachment":[{"href":"https:\/\/lavozdehellin.com\/noticias\/wp-json\/wp\/v2\/media?parent=102448"}],"wp:term":[{"taxonomy":"category","embeddable":true,"href":"https:\/\/lavozdehellin.com\/noticias\/wp-json\/wp\/v2\/categories?post=102448"},{"taxonomy":"post_tag","embeddable":true,"href":"https:\/\/lavozdehellin.com\/noticias\/wp-json\/wp\/v2\/tags?post=102448"}],"curies":[{"name":"wp","href":"https:\/\/api.w.org\/{rel}","templated":true}]}}