{"id":102449,"date":"2018-09-24T11:40:53","date_gmt":"2018-09-24T11:40:53","guid":{"rendered":"https:\/\/lavozdehellin.com\/noticias\/v01-028-nerpio-sorprendio-gratamente-con-la-ruta-senderista-de-la-diputacion\/"},"modified":"2024-01-04T14:08:46","modified_gmt":"2024-01-04T14:08:46","slug":"v01-028-nerpio-sorprendio-gratamente-con-la-ruta-senderista-de-la-diputacion","status":"publish","type":"post","link":"https:\/\/lavozdehellin.com\/noticias\/v01-028-nerpio-sorprendio-gratamente-con-la-ruta-senderista-de-la-diputacion\/","title":{"rendered":"LVH NOTICIAS | NERPIO SORPRENDI\u00d3 GRATAMENTE CON LA RUTA SENDERISTA DE LA DIPUTACI\u00d3N"},"content":{"rendered":"<p style=\"text-align: justify;\">Este s\u00e1bado, 22 de septiembre, tuvo lugar la vig\u00e9simo quinta ruta de senderismo, dentro de la actividad que organiza la Diputaci\u00f3n Provincial de Albacete para promocionar el turismo, el deporte y la cultura de nuestros pueblos.<\/p>\n<p><!--more--><br \/>\n<!--publicidad-voz01--><a href=\"https:\/\/www.facebook.com\/SoloRadioHellin\/?locale=es_ES\"><img decoding=\"async\" class=\"alignnone size-medium\" src=\"https:\/\/blogger.googleusercontent.com\/img\/b\/R29vZ2xl\/AVvXsEiNncirNnyGedv00mhjZjh5Wl4_YPdJGanoAl8tL8zH-HwqE8uHqjEfSt340RHdx-9tuCSIkZ8rFamZiGyYlgDGxCsmXjCH_1xk5eYM3ntFZRvJP_jndOKR7w1UAo9Tu0vrZyOLfqRpHIxYI5SymJJ-pfGCQw6QVpggBH-UgfjiFQ2JOxqxG0Jx94kW83c\/s1600\/logo-principal.jpg\" width=\"100%\" height=\"100\" \/><\/a><!--bestpublic-voz01--><!--desk-in-out-voz01--><br \/>\n<!--publicidad-voz02--><a href=\"https:\/\/www.hellincf.com\/\"><img decoding=\"async\" class=\"alignnone size-medium\" src=\"https:\/\/blogger.googleusercontent.com\/img\/b\/R29vZ2xl\/AVvXsEhuZ4-XfBVj3UtdP8-RZugy3WVrg-Zv28c53m4oV47qYCxL1rX_dqWX_YddsGSnpH5SRDqZ7bZeKPIfDVCDncpjVlhy3aQs2vojcJBn7Gdv9hC2_Nzct_pRFrnFE1a7KTCdY1bT_kAgnY3-iadRZrGeJf1fR2P5fu11bokx0pWjaypoy-ctwCjklldpEbA\/s1600\/logo-principal7.jpg\" width=\"100%\" height=\"100\" \/><\/a><!--bestpublic-voz02--><!--desk-in-out-voz02--><\/p>\n<p style=\"text-align: justify;\">La ruta se denominaba \u201cRuta El Zarzalar o Ca\u00f1\u00f3n del Taibilla\u201d. Con una dificultad t\u00e9cnica media, un recorrido de casi 10,5 kil\u00f3metros, y aproximadamente cinco horas de duraci\u00f3n.<br \/>\nToc\u00f3 madrugar un poco m\u00e1s de lo habitual, 6:50, ya que el destino se encontraba en el l\u00edmite con Ja\u00e9n, Granada y Murcia, al sureste de la provincia de Albacete.<\/p>\n<p style=\"text-align: justify;\">Nerpio es un lugar privilegiado por su naturaleza impresionante y bien conservada, por los restos de su historia milenaria que se remonta al mesol\u00edtico, por la supervivencia tambi\u00e9n de formas de vida que en otros lugares desaparecieron hace tiempo.<\/p>\n<p style=\"text-align: justify;\">Llegaron a Nerpio sobre las nueve y media, el Ayuntamiento les hab\u00eda preparado un impresionante desayuno en el Hostal Restaurante Los Nogales. Fueron recibidos por Ana Bel\u00e9n \u00c1lvarez Mart\u00ednez, concejal de Deportes, Pol\u00edtica Social y Turismo del municipio.<\/p>\n<p style=\"text-align: justify;\">Un poco m\u00e1s tarde de las diez de la ma\u00f1ana comenz\u00f3 la marcha, dirigi\u00e9ndose a la parte alta del pueblo, por la piscina municipal, hasta el \u201cParque de los Huesos\u201d. Aqu\u00ed cogieron una senda en bajada que les llevar\u00eda al camino conocido como \u201cCuesta Color\u00e1\u201d, que corresponde a un tramo del Gr 68 o \u201cCircular de la Sierra del Segura\u201d. Las vistas ya empezaban a impresionar, con una perspectiva a\u00e9rea del ca\u00f1\u00f3n, que luego iban a recorrer.<\/p>\n<p style=\"text-align: justify;\">Llegaron as\u00ed hasta Villa Carmen, una peque\u00f1a pedan\u00eda con unas cuantas casas. Aparece aqu\u00ed la carretera que se queda a la derecha, ellos giraron a la izquierda para empezar un camino entre cultivos donde abundan las nogueras pero tambi\u00e9n encontramos, caquis y almendros.<\/p>\n<p style=\"text-align: justify;\">El entorno era impresionante, rodeados de altas pe\u00f1as de roca caliza separadas por el r\u00edo Taibilla, hacia el cual se dirig\u00edan, su agua es cedida al pantano del Taibilla. Entre enormes y abundantes nogueras, por una senda estrecha y bien poblada de vegetaci\u00f3n, llegaron a una chopera, bordeada por una acequia, a los pies de una impresionante mole de piedra caliza de gran altura y gran belleza.<\/p>\n<p style=\"text-align: justify;\">A partir de aqu\u00ed ya se adentraron en plena naturaleza, y empezaba la aventura. El tramo que une Villa Carmen o Cortijo del Tovarico con Nerpio hab\u00eda sido recuperado limpi\u00e1ndolo de maleza y habilitando pasos sobre el r\u00edo, dejando una ruta preciosa y llena de sorpresas para los aventureros que por ella pasan, con gran cantidad de peque\u00f1os puentes a cada cual m\u00e1s sorprendente: volados, pegados a la roca, apoyados sobre unas peque\u00f1as repisas, con troncos, sujetos por cuerdas, etc\u00e9tera.<\/p>\n<p style=\"text-align: justify;\">Descubrieron rincones con oquedades que posiblemente habr\u00e1n albergado a los primeros pobladores de la zona, a la vez que aparecen construcciones m\u00e1s recientes utilizadas hasta hace poco por pastores para guardar su ganado, llegaron hasta una peque\u00f1a presa que genera una bonita cascada, un bello y fresco rinc\u00f3n.<\/p>\n<p style=\"text-align: justify;\">Lugar que aprovecharon para almorzar. Cruzaron el r\u00edo en varias ocasiones por peque\u00f1os puentes con trocos de \u00e1rboles o tablones, as\u00ed se adentraron en la parte del ca\u00f1\u00f3n m\u00e1s cerrada, junto al r\u00edo Taibilla y flanqueada por dos altos muros que ha modelado el agua a trav\u00e9s de los siglos y que apenas dejan pasar los rayos del sol hasta que este se pone justo encima.<\/p>\n<p style=\"text-align: justify;\">Tras una pasarela sobre el r\u00edo, en la zona m\u00e1s estrecha, con dos grades rocas verticales a ambos lados que obliga a pasar por ah\u00ed, llegaron al m\u00e1s grande de los puentes, un puente volado, sujeto con fuertes cables de acero al cual ascendieron por una escalera de cuerdas y troncos. Desde aqu\u00ed ya solo les quedaba llegar hasta un viejo molino derruido y salir a la depuradora, recorrer la senda paralela al r\u00edo hasta llegar a Nerpio y dirigirse, pasando por la Ermita de Nuestra Se\u00f1ora de la Cabeza, hasta el Restaurante Camping Las Nogueras, donde pudieron degustar ricos platos y dulces postres caseros.<\/p>\n<p style=\"text-align: justify;\">Una preciosa y emocionante ruta, que hizo disfrutar a los cincuenta participantes de esta actividad, que tanto \u00e9xito ha tenido en anteriores ediciones, organizada por la Diputaci\u00f3n Provincial de Albacete.<\/p>\n<p style=\"text-align: justify;\">La pr\u00f3xima cita ser\u00e1 el s\u00e1bado 29 de septiembre en Letur, denominada \u201cRuta del Rey Al\u00ed\u201d. Una marcha 16,7 kil\u00f3metros de distancia, de una dificultad t\u00e9cnica media-alta y con salida a las nueve de la ma\u00f1ana desde la Plaza Mayor del municipio.<\/p>\n<p><!--publicidad-voz03--><a href=\"https:\/\/www.facebook.com\/profile.php?id=100063593791305&amp;locale=es_ES\"><img decoding=\"async\" class=\"alignnone size-medium\" src=\"https:\/\/blogger.googleusercontent.com\/img\/b\/R29vZ2xl\/AVvXsEi8_n_ll8UOcGxCqzFvb_9Io4ICczlGC990BPtPj2w9Px-u7B3oqWUW5vtjZUqPNJ-nyjiUIorE0ATsib_l5tV8BVN-UJ03RTnU__IHJF_4DgDBtY4LIqXNG-FomrO-7ywes20CBCRM2Hcm7EJSh3UUw1dO-c_uTflUrtgY1i7uBRezj_DpympmEFkfbQY\/s1600\/logo-principal2.jpg\" width=\"100%\" height=\"100\" \/><\/a><!--bestpublic-voz03--><!--desk-in-out-voz03--><br \/>\n<!--publicidad-voz04--><a href=\"https:\/\/www.facebook.com\/profile.php?id=61557370768692&amp;locale=es_ES\"><img decoding=\"async\" class=\"alignnone size-medium\" src=\"https:\/\/blogger.googleusercontent.com\/img\/b\/R29vZ2xl\/AVvXsEgy5RdcfffrnrItnYTcV9bCJjgJwldsQLWssfVfrLbyfXeBNTFKgBf0rMIvhrUaGUhiXzVr9_eQgCbi-j63ZDpfTvLIty9w7s140y-m1yHe7eKmEK7v2NAHUJDVYGdfeiQFeRCqUjdwWmN1MX_AUxxz4IVdJ4WIM0APxit8bjWkXzrnEFGqBvW_1F13H1g\/s1600\/logo-principal5.jpg\" width=\"100%\" height=\"100\" \/><\/a><!--bestpublic-voz04--><!--desk-in-out-voz04--><br \/>\n<!--publicidad-voz05--><a href=\"https:\/\/www.facebook.com\/asociaciontamborileroshellin?locale=es_ES\"><img decoding=\"async\" class=\"alignnone size-medium\" src=\"https:\/\/blogger.googleusercontent.com\/img\/b\/R29vZ2xl\/AVvXsEhHEEpZsKK1VpwiYMrS7aE2ujtqIDZoLd4B5wtbiseSU9s2HdTdQfhF84So2XwEB1fv0BLw95GADm6hUl1bkKtzh-eIgVigXONuu_5RxeIMPhjk8q6uNX4EaEHbooKkbu7pCADWPpVJjhKIH5NQSJpWqedC-YBez4QAQeJYokkLot9bhrIaUAeztsGis6M\/s1600\/logo-principal3.jpg\" width=\"100%\" height=\"100\" \/><\/a><!--bestpublic-voz05--><!--desk-in-out-voz05--><br \/>\n<!--publicidad-voz06--><!--bestpublic-voz06--><!--desk-in-out-voz06--><br \/>\n<!--publicidad-voz07--><!--bestpublic-voz07--><!--desk-in-out-voz07--><br \/>\n<!--publicidad-voz08--><!--bestpublic-voz08--><!--desk-in-out-voz08--><br \/>\n<!--publicidad-voz09--><!--bestpublic-voz09--><!--desk-in-out-voz09--><br \/>\n<!--publicidad-voz10--><!--bestpublic-voz10--><!--desk-in-out-voz10--><br \/>\n<!--publicidad-voz11--><!--bestpublic-voz11--><!--desk-in-out-voz11--><br \/>\n<!--publicidad-voz12--><!--bestpublic-voz12--><!--desk-in-out-voz12--><br \/>\n<!--publicidad-voz13--><!--bestpublic-voz13--><!--desk-in-out-voz13--><br \/>\n<!--publicidad-voz14--><!--bestpublic-voz14--><!--desk-in-out-voz14--><br \/>\n<!--publicidad-voz15--><!--bestpublic-voz15--><!--desk-in-out-voz15--><br \/>\n<!--publicidad-voz16--><!--bestpublic-voz16--><!--desk-in-out-voz16--><\/p>\n","protected":false},"excerpt":{"rendered":"<p>NERPIO SORPRENDI\u00d3 GRATAMENTE CON LA RUTA SENDERISTA DE LA DIPUTACI\u00d3N<\/p>\n","protected":false},"author":2,"featured_media":90583,"comment_status":"closed","ping_status":"closed","sticky":false,"template":"","format":"standard","meta":{"footnotes":""},"categories":[723,718,715,716,717],"tags":[],"class_list":["post-102449","post","type-post","status-publish","format-standard","has-post-thumbnail","hentry","category-blog-lv005","category-blogger","category-la-voz-de-hellin","category-la-voz-de-hellin-la-voz-de-hellin","category-noticias"],"_links":{"self":[{"href":"https:\/\/lavozdehellin.com\/noticias\/wp-json\/wp\/v2\/posts\/102449","targetHints":{"allow":["GET"]}}],"collection":[{"href":"https:\/\/lavozdehellin.com\/noticias\/wp-json\/wp\/v2\/posts"}],"about":[{"href":"https:\/\/lavozdehellin.com\/noticias\/wp-json\/wp\/v2\/types\/post"}],"author":[{"embeddable":true,"href":"https:\/\/lavozdehellin.com\/noticias\/wp-json\/wp\/v2\/users\/2"}],"replies":[{"embeddable":true,"href":"https:\/\/lavozdehellin.com\/noticias\/wp-json\/wp\/v2\/comments?post=102449"}],"version-history":[{"count":0,"href":"https:\/\/lavozdehellin.com\/noticias\/wp-json\/wp\/v2\/posts\/102449\/revisions"}],"wp:featuredmedia":[{"embeddable":true,"href":"https:\/\/lavozdehellin.com\/noticias\/wp-json\/wp\/v2\/media\/90583"}],"wp:attachment":[{"href":"https:\/\/lavozdehellin.com\/noticias\/wp-json\/wp\/v2\/media?parent=102449"}],"wp:term":[{"taxonomy":"category","embeddable":true,"href":"https:\/\/lavozdehellin.com\/noticias\/wp-json\/wp\/v2\/categories?post=102449"},{"taxonomy":"post_tag","embeddable":true,"href":"https:\/\/lavozdehellin.com\/noticias\/wp-json\/wp\/v2\/tags?post=102449"}],"curies":[{"name":"wp","href":"https:\/\/api.w.org\/{rel}","templated":true}]}}