{"id":102450,"date":"2018-09-21T14:01:33","date_gmt":"2018-09-21T14:01:33","guid":{"rendered":"https:\/\/lavozdehellin.com\/noticias\/v01-029-el-xii-circuito-provincial-btt-diputacion-de-albacete-se-da-cita-en-casas-ibanez\/"},"modified":"2024-01-04T14:08:46","modified_gmt":"2024-01-04T14:08:46","slug":"v01-029-el-xii-circuito-provincial-btt-diputacion-de-albacete-se-da-cita-en-casas-ibanez","status":"publish","type":"post","link":"https:\/\/lavozdehellin.com\/noticias\/v01-029-el-xii-circuito-provincial-btt-diputacion-de-albacete-se-da-cita-en-casas-ibanez\/","title":{"rendered":"LVH NOTICIAS | EL XII CIRCUITO PROVINCIAL BTT DIPUTACI\u00d3N DE ALBACETE SE DA CITA EN CASAS IB\u00c1\u00d1EZ"},"content":{"rendered":"<p style=\"text-align: justify;\">El pr\u00f3ximo domingo ser\u00e1 la localidad de Casas Ib\u00e1\u00f1ez quien acoger\u00e1 una nueva prueba del Circuito Provincial BTT Diputaci\u00f3n de Albacete.<\/p>\n<p><!--more--><br \/>\n<!--publicidad-voz01--><a href=\"https:\/\/www.facebook.com\/SoloRadioHellin\/?locale=es_ES\"><img decoding=\"async\" class=\"alignnone size-medium\" src=\"https:\/\/blogger.googleusercontent.com\/img\/b\/R29vZ2xl\/AVvXsEiNncirNnyGedv00mhjZjh5Wl4_YPdJGanoAl8tL8zH-HwqE8uHqjEfSt340RHdx-9tuCSIkZ8rFamZiGyYlgDGxCsmXjCH_1xk5eYM3ntFZRvJP_jndOKR7w1UAo9Tu0vrZyOLfqRpHIxYI5SymJJ-pfGCQw6QVpggBH-UgfjiFQ2JOxqxG0Jx94kW83c\/s1600\/logo-principal.jpg\" width=\"100%\" height=\"100\" \/><\/a><!--bestpublic-voz01--><!--desk-in-out-voz01--><br \/>\n<!--publicidad-voz02--><a href=\"https:\/\/www.hellincf.com\/\"><img decoding=\"async\" class=\"alignnone size-medium\" src=\"https:\/\/blogger.googleusercontent.com\/img\/b\/R29vZ2xl\/AVvXsEhuZ4-XfBVj3UtdP8-RZugy3WVrg-Zv28c53m4oV47qYCxL1rX_dqWX_YddsGSnpH5SRDqZ7bZeKPIfDVCDncpjVlhy3aQs2vojcJBn7Gdv9hC2_Nzct_pRFrnFE1a7KTCdY1bT_kAgnY3-iadRZrGeJf1fR2P5fu11bokx0pWjaypoy-ctwCjklldpEbA\/s1600\/logo-principal7.jpg\" width=\"100%\" height=\"100\" \/><\/a><!--bestpublic-voz02--><!--desk-in-out-voz02--><\/p>\n<p style=\"text-align: justify;\">Conocida como \u201cIron Manchuela\u201d, esta prueba se ha convertido en un referente para los amantes de las dos ruedas, como as\u00ed lo demuestran los m\u00e1s de 340 participantes que se congregar\u00e1n en la l\u00ednea de salida el pr\u00f3ximo domingo.<\/p>\n<p style=\"text-align: justify;\">La prueba dar\u00e1 comienzo a las 10:00 horas desde la plaza de toros, punto donde tambi\u00e9n estar\u00e1 situada la l\u00ednea de meta. Una veintena del total de participantes son mujeres, 51 son los que se han decantado por la realizaci\u00f3n del recorrido alternativo, m\u00e1s corto y menos exigente que el recorrido largo, concretamente, 19 kil\u00f3metros por los 39 del recorrido largo.<\/p>\n<p style=\"text-align: justify;\">El trazado la prueba se caracteriza por su dificultada t\u00e9cnica y f\u00edsica de nivel A. pese a no de de sierra, tiene varias subidas cortas per intensas, adem\u00e1s de un terreno que es bastante t\u00e9cnico por la climatolog\u00eda que impera en esta zona (lluvias torrenciales y muchos meses de sequ\u00eda que cuartean el terreno y lo vuelven quebrado y suelto. Se parte de Casas Ib\u00e1\u00f1ez por el camino de Villamalea, por donde se recorrer\u00e1n grandes extensiones de vi\u00f1edos, girando ligeramente a la derecha para llegar al Pinar de la V\u00eda en el kil\u00f3metro 5.Una vez en el pinar, se atravesar\u00e1 par air en direcci\u00f3n a la Huerta de los Marianos. Ya en el kil\u00f3metro 7, una r\u00e1pida bajada entere pinos desembocar\u00e1 al trazado de la l\u00ednea del ferrocarril. Despu\u00e9s de varios kil\u00f3metros y rodar por diversas sendas, tocar\u00e1 el turno del asfalto para acometer una peque\u00f1a subida por con un considerable desnivel. Posteriormente tendr\u00e1n lugar una sucesi\u00f3n de ascensos y descensos para completar el recorrido entrando en el pueblo.<\/p>\n<p style=\"text-align: justify;\">Se contar\u00e1 con los corredores que se alzaron con las victorias masculina y femenina en la edici\u00f3n del a\u00f1o pasado, Yago Sardina y Desir\u00e9e Moya (MANZANARES\u2013BERRIA RACING TEAM). Adem\u00e1s, otros corredores de reconocido nombre el circuito provincial como son Jos\u00e9 Luis Pastor y Santiago Madrona (IGM\u2013EUROCICLO), Juan Moreno (GOBIK LOS BRONCES RACING TEAM), Enrique Tendero (BICIS EL HELLINER\u2013ACECHO) etc.<\/p>\n<p style=\"text-align: justify;\">En categor\u00eda femenina contaremos, con la presencia, adem\u00e1s de la campeona del a\u00f1o pasado, de la l\u00edder actual la actual l\u00edder del circuito A\u00edda Mil\u00e1n (INGETEAM RUMBO BTT), Alfonsi Villar (FERRO ICE\u2013CONTRALLANO BTT), Carmen Mar\u00eda Mendoza (SPORTECNIC EQUIPAMIENTO DEPROTIVO), etc.<\/p>\n<p style=\"text-align: justify;\">Al acabar y como costumbre en todas las carreras que conforman el circuito provincial, tendr\u00e1 lugar el protocolario aperitivo que amenizar\u00e1 la espera para la entrega de premios.<\/p>\n<p style=\"text-align: justify;\">Por tanto, mucha emoci\u00f3n por vivir en esta trig\u00e9sima prueba del Circuito provincial, que se encuentra en su parte m\u00e1s decisiva.<\/p>\n<p><!--publicidad-voz03--><a href=\"https:\/\/www.facebook.com\/profile.php?id=100063593791305&amp;locale=es_ES\"><img decoding=\"async\" class=\"alignnone size-medium\" src=\"https:\/\/blogger.googleusercontent.com\/img\/b\/R29vZ2xl\/AVvXsEi8_n_ll8UOcGxCqzFvb_9Io4ICczlGC990BPtPj2w9Px-u7B3oqWUW5vtjZUqPNJ-nyjiUIorE0ATsib_l5tV8BVN-UJ03RTnU__IHJF_4DgDBtY4LIqXNG-FomrO-7ywes20CBCRM2Hcm7EJSh3UUw1dO-c_uTflUrtgY1i7uBRezj_DpympmEFkfbQY\/s1600\/logo-principal2.jpg\" width=\"100%\" height=\"100\" \/><\/a><!--bestpublic-voz03--><!--desk-in-out-voz03--><br \/>\n<!--publicidad-voz04--><a href=\"https:\/\/www.facebook.com\/profile.php?id=61557370768692&amp;locale=es_ES\"><img decoding=\"async\" class=\"alignnone size-medium\" src=\"https:\/\/blogger.googleusercontent.com\/img\/b\/R29vZ2xl\/AVvXsEgy5RdcfffrnrItnYTcV9bCJjgJwldsQLWssfVfrLbyfXeBNTFKgBf0rMIvhrUaGUhiXzVr9_eQgCbi-j63ZDpfTvLIty9w7s140y-m1yHe7eKmEK7v2NAHUJDVYGdfeiQFeRCqUjdwWmN1MX_AUxxz4IVdJ4WIM0APxit8bjWkXzrnEFGqBvW_1F13H1g\/s1600\/logo-principal5.jpg\" width=\"100%\" height=\"100\" \/><\/a><!--bestpublic-voz04--><!--desk-in-out-voz04--><br \/>\n<!--publicidad-voz05--><a href=\"https:\/\/www.facebook.com\/asociaciontamborileroshellin?locale=es_ES\"><img decoding=\"async\" class=\"alignnone size-medium\" src=\"https:\/\/blogger.googleusercontent.com\/img\/b\/R29vZ2xl\/AVvXsEhHEEpZsKK1VpwiYMrS7aE2ujtqIDZoLd4B5wtbiseSU9s2HdTdQfhF84So2XwEB1fv0BLw95GADm6hUl1bkKtzh-eIgVigXONuu_5RxeIMPhjk8q6uNX4EaEHbooKkbu7pCADWPpVJjhKIH5NQSJpWqedC-YBez4QAQeJYokkLot9bhrIaUAeztsGis6M\/s1600\/logo-principal3.jpg\" width=\"100%\" height=\"100\" \/><\/a><!--bestpublic-voz05--><!--desk-in-out-voz05--><br \/>\n<!--publicidad-voz06--><!--bestpublic-voz06--><!--desk-in-out-voz06--><br \/>\n<!--publicidad-voz07--><!--bestpublic-voz07--><!--desk-in-out-voz07--><br \/>\n<!--publicidad-voz08--><!--bestpublic-voz08--><!--desk-in-out-voz08--><br \/>\n<!--publicidad-voz09--><!--bestpublic-voz09--><!--desk-in-out-voz09--><br \/>\n<!--publicidad-voz10--><!--bestpublic-voz10--><!--desk-in-out-voz10--><br \/>\n<!--publicidad-voz11--><!--bestpublic-voz11--><!--desk-in-out-voz11--><br \/>\n<!--publicidad-voz12--><!--bestpublic-voz12--><!--desk-in-out-voz12--><br \/>\n<!--publicidad-voz13--><!--bestpublic-voz13--><!--desk-in-out-voz13--><br \/>\n<!--publicidad-voz14--><!--bestpublic-voz14--><!--desk-in-out-voz14--><br \/>\n<!--publicidad-voz15--><!--bestpublic-voz15--><!--desk-in-out-voz15--><br \/>\n<!--publicidad-voz16--><!--bestpublic-voz16--><!--desk-in-out-voz16--><\/p>\n","protected":false},"excerpt":{"rendered":"<p>EL XII CIRCUITO PROVINCIAL BTT DIPUTACI\u00d3N DE ALBACETE SE DA CITA EN CASAS IB\u00c1\u00d1EZ<\/p>\n","protected":false},"author":2,"featured_media":90581,"comment_status":"closed","ping_status":"closed","sticky":false,"template":"","format":"standard","meta":{"footnotes":""},"categories":[723,718,715,716,717],"tags":[],"class_list":["post-102450","post","type-post","status-publish","format-standard","has-post-thumbnail","hentry","category-blog-lv005","category-blogger","category-la-voz-de-hellin","category-la-voz-de-hellin-la-voz-de-hellin","category-noticias"],"_links":{"self":[{"href":"https:\/\/lavozdehellin.com\/noticias\/wp-json\/wp\/v2\/posts\/102450","targetHints":{"allow":["GET"]}}],"collection":[{"href":"https:\/\/lavozdehellin.com\/noticias\/wp-json\/wp\/v2\/posts"}],"about":[{"href":"https:\/\/lavozdehellin.com\/noticias\/wp-json\/wp\/v2\/types\/post"}],"author":[{"embeddable":true,"href":"https:\/\/lavozdehellin.com\/noticias\/wp-json\/wp\/v2\/users\/2"}],"replies":[{"embeddable":true,"href":"https:\/\/lavozdehellin.com\/noticias\/wp-json\/wp\/v2\/comments?post=102450"}],"version-history":[{"count":0,"href":"https:\/\/lavozdehellin.com\/noticias\/wp-json\/wp\/v2\/posts\/102450\/revisions"}],"wp:featuredmedia":[{"embeddable":true,"href":"https:\/\/lavozdehellin.com\/noticias\/wp-json\/wp\/v2\/media\/90581"}],"wp:attachment":[{"href":"https:\/\/lavozdehellin.com\/noticias\/wp-json\/wp\/v2\/media?parent=102450"}],"wp:term":[{"taxonomy":"category","embeddable":true,"href":"https:\/\/lavozdehellin.com\/noticias\/wp-json\/wp\/v2\/categories?post=102450"},{"taxonomy":"post_tag","embeddable":true,"href":"https:\/\/lavozdehellin.com\/noticias\/wp-json\/wp\/v2\/tags?post=102450"}],"curies":[{"name":"wp","href":"https:\/\/api.w.org\/{rel}","templated":true}]}}