{"id":102451,"date":"2018-09-20T20:03:53","date_gmt":"2018-09-20T20:03:53","guid":{"rendered":"https:\/\/lavozdehellin.com\/noticias\/v01-030-todo-preparado-para-el-inicio-de-los-confines-de-la-sierra-cantero-de-letur\/"},"modified":"2024-01-04T14:08:46","modified_gmt":"2024-01-04T14:08:46","slug":"v01-030-todo-preparado-para-el-inicio-de-los-confines-de-la-sierra-cantero-de-letur","status":"publish","type":"post","link":"https:\/\/lavozdehellin.com\/noticias\/v01-030-todo-preparado-para-el-inicio-de-los-confines-de-la-sierra-cantero-de-letur\/","title":{"rendered":"LVH NOTICIAS | TODO PREPARADO PARA EL INICIO DE LOS CONFINES DE LA SIERRA CANTERO DE LETUR"},"content":{"rendered":"<p style=\"text-align: justify;\">Un a\u00f1o m\u00e1s los amantes de la BTT van a poder disfrutar de una de las pruebas por etapas m\u00e1s exigentes del panorama nacional, el pr\u00f3ximo s\u00e1bado y domingo, la localidad de Nerpio acoger\u00e1, otro a\u00f1o m\u00e1s, una prueba \u00fanica en nuestra provincia, los Confines de La Sierra Cantero de Letur, organizada por el Ayuntamiento de Nerpio y la empresa Prodepor. Esta carrera se compone de 2 etapas marat\u00f3n, con un total de 140 kil\u00f3metros de longitud y un desnivel superior a los 4.190 metros. Toda una experiencia y un reto para los amantes del mejor BTT, y una manera \u00fanica para descubrir una nueva dimensi\u00f3n de Nerpio y toda la belleza natural de su entorno.<\/p>\n<p><!--more--><br \/>\n<!--publicidad-voz01--><a href=\"https:\/\/www.facebook.com\/SoloRadioHellin\/?locale=es_ES\"><img decoding=\"async\" class=\"alignnone size-medium\" src=\"https:\/\/blogger.googleusercontent.com\/img\/b\/R29vZ2xl\/AVvXsEiNncirNnyGedv00mhjZjh5Wl4_YPdJGanoAl8tL8zH-HwqE8uHqjEfSt340RHdx-9tuCSIkZ8rFamZiGyYlgDGxCsmXjCH_1xk5eYM3ntFZRvJP_jndOKR7w1UAo9Tu0vrZyOLfqRpHIxYI5SymJJ-pfGCQw6QVpggBH-UgfjiFQ2JOxqxG0Jx94kW83c\/s1600\/logo-principal.jpg\" width=\"100%\" height=\"100\" \/><\/a><!--bestpublic-voz01--><!--desk-in-out-voz01--><br \/>\n<!--publicidad-voz02--><a href=\"https:\/\/www.hellincf.com\/\"><img decoding=\"async\" class=\"alignnone size-medium\" src=\"https:\/\/blogger.googleusercontent.com\/img\/b\/R29vZ2xl\/AVvXsEhuZ4-XfBVj3UtdP8-RZugy3WVrg-Zv28c53m4oV47qYCxL1rX_dqWX_YddsGSnpH5SRDqZ7bZeKPIfDVCDncpjVlhy3aQs2vojcJBn7Gdv9hC2_Nzct_pRFrnFE1a7KTCdY1bT_kAgnY3-iadRZrGeJf1fR2P5fu11bokx0pWjaypoy-ctwCjklldpEbA\/s1600\/logo-principal7.jpg\" width=\"100%\" height=\"100\" \/><\/a><!--bestpublic-voz02--><!--desk-in-out-voz02--><\/p>\n<p style=\"text-align: justify;\">La zona es un lugar privilegiado, tanto por su impresionante naturaleza como por los restos de la historia que se pueden encontrar. La alternancia de sus grandes paisajes, con las exigencias del recorrido, volver\u00e1n un a\u00f1o m\u00e1s, a ofrecer una experiencia irrepetible a todos sus participantes.<\/p>\n<p style=\"text-align: justify;\">En cuanto al recorrido dividido en dos etapas, la primera cuenta con una r\u00e1pida salida por pistas en subida durante los primeros 5km, con un descenso hasta la \u201cSenda Color\u00e1\u201d, para bordear el Taibilla y comenzar la subida por \u201cEl Torcal\u201d; primera rampa exigente de esta etapa y antesala de la subida larga y tendida del Alcaboche, con 27km desde la salida, encontr\u00e1ndonos el primer avituallamiento en el inicio de la misma. Tras una zona de bajada del alto del Alcaboche, se entra en un terreno descendente por la senda de \u201cLos Duendes\u201d en el kil\u00f3metro 38 aproximadamente, bajada no muy t\u00e9cnica pero habilidosa hasta la aldea de los Hip\u00f3litos. Con el \u00fanico tramo llano de la jornada, nos aproximamos a la aldea de Los Belmontes, donde se inicia el ascenso con mayor desnivel de la jornada, la subida por la Rambla de Beg a Yetas con 58km desde la salida, donde tendremos un avituallamiento y se seguir\u00e1 el ascenso hasta Prado Redondo con 11km y casi 700m de desnivel positivo. Una vez se coronan los \u00faltimos repechos duros de la subida a Prado Redondo con 62 km aprox. desde la salida, se continua por un terreno sinuoso y a una altura de 1200-1300m, hasta el Cortijo del Sapillo, donde se afronta la \u00faltima subida hasta la base del Mingarnao, con un descenso hasta el Plant\u00f3n del Covacho de unos 5km. Una zona de caminos y senderos f\u00e1ciles lleva a la ansiada meta en el Camping de las Nogueras de Nerpio, para completar as\u00ed los 75 kms de este recorrido.<\/p>\n<p style=\"text-align: justify;\">En la segunda etapa, desde el inicio predomina el terreno ascendente, por un tramo de asfalto en los primeros 4km y el resto por el camino\/pista de \u201cLa Aliagosa\u201d, hasta el km 11 en el \u201cPrado de las Yeguas\u201d en un ascenso constante. En esta parte encontramos el descenso muy roto a \u201cArroyo Blanco\u201d y las fuertes pendientes de subida a Ca\u00f1adas de Arriba, concluyendo este primer sector con 15km aprox. y casi los 1.000m positivos acumulados. Despu\u00e9s del calentamiento inicial retomamos la subida por \u201cLa Solana de las Covachas\u201d hacia el \u201cNacimiento del Taibilla\u201d, donde, tras un descenso por pista en el km 25 encontraremos el avituallamiento para reponer l\u00edquido y s\u00f3lido, antes de atacar la que quiz\u00e1s sea la subida m\u00e1s exigente de Los Confines de La Sierra Cantero de Letur, la subida de \u201cLos Pelaos\u201d, con 400m positivos acumulados en poco m\u00e1s de 3km, coronando el punto m\u00e1s alto de esta edici\u00f3n de los Confines de la Sierra Cantero de Letur, en \u201cLos Pozos\u201d con casi 1700m de altitud y 35km desde la salida. Con una bajada largu\u00edsima por la pista de \u201cLos Calarejos\u201d, con alg\u00fan que otro \u201crepecho rompepiernas\u201d entre medias, se llega al avituallamiento en el km 45 aprox, afrontando los \u00faltimos kil\u00f3metros por los caminos rotos del \u201cBarranco del Pocico\u201d y la senda de bajada de \u201cLa Rogativa\u201d al \u201cCortijo de Beteta\u201d. Despu\u00e9s se rodea Pe\u00f1a Jarota por caminos viejos con 55km en las piernas, y se afronta la \u00faltima parte de 10km, combinando sendas, caminos y pistas hasta la meta en Nerpio.<\/p>\n<p style=\"text-align: justify;\">En cuanto a lo que participaci\u00f3n se refiere, esta III Edici\u00f3n de los Confines de la Sierra contar\u00e1 con un total de 147 participantes venidos de diversas provincias a prop\u00f3sito de la disputa de esta prueba, entre todos estos participantes destacar los nombres del segundo clasificado masculino de la edici\u00f3n anterior, Alberto L\u00f3pez Bernab\u00e9 (BICIS EL HELLINERO\u2013ACECHO) y la campeona y subcampeona femeninas del a\u00f1o pasado, Ver\u00f3nica Gonz\u00e1lez Navarro (BICICLETAS APARICIO) y Almudena Jim\u00e9nez Mart\u00ednez (ARCE BICIS C.C.), respectivamente.<\/p>\n<p style=\"text-align: justify;\">Todo preparado por tanto para un apasionante fin de semana de mountain bike en la localidad albacete\u00f1a de Nerpio. Ya s\u00f3lo queda esperar a los protocolarios pistoletazos de salida en las ma\u00f1anas del s\u00e1bado y del domingo para que todos los amantes de este deporte disfruten de esta tercera edici\u00f3n, ya plenamente consolidada en el calendario nacional.<\/p>\n<p><!--publicidad-voz03--><a href=\"https:\/\/www.facebook.com\/profile.php?id=100063593791305&amp;locale=es_ES\"><img decoding=\"async\" class=\"alignnone size-medium\" src=\"https:\/\/blogger.googleusercontent.com\/img\/b\/R29vZ2xl\/AVvXsEi8_n_ll8UOcGxCqzFvb_9Io4ICczlGC990BPtPj2w9Px-u7B3oqWUW5vtjZUqPNJ-nyjiUIorE0ATsib_l5tV8BVN-UJ03RTnU__IHJF_4DgDBtY4LIqXNG-FomrO-7ywes20CBCRM2Hcm7EJSh3UUw1dO-c_uTflUrtgY1i7uBRezj_DpympmEFkfbQY\/s1600\/logo-principal2.jpg\" width=\"100%\" height=\"100\" \/><\/a><!--bestpublic-voz03--><!--desk-in-out-voz03--><br \/>\n<!--publicidad-voz04--><a href=\"https:\/\/www.facebook.com\/profile.php?id=61557370768692&amp;locale=es_ES\"><img decoding=\"async\" class=\"alignnone size-medium\" src=\"https:\/\/blogger.googleusercontent.com\/img\/b\/R29vZ2xl\/AVvXsEgy5RdcfffrnrItnYTcV9bCJjgJwldsQLWssfVfrLbyfXeBNTFKgBf0rMIvhrUaGUhiXzVr9_eQgCbi-j63ZDpfTvLIty9w7s140y-m1yHe7eKmEK7v2NAHUJDVYGdfeiQFeRCqUjdwWmN1MX_AUxxz4IVdJ4WIM0APxit8bjWkXzrnEFGqBvW_1F13H1g\/s1600\/logo-principal5.jpg\" width=\"100%\" height=\"100\" \/><\/a><!--bestpublic-voz04--><!--desk-in-out-voz04--><br \/>\n<!--publicidad-voz05--><a href=\"https:\/\/www.facebook.com\/asociaciontamborileroshellin?locale=es_ES\"><img decoding=\"async\" class=\"alignnone size-medium\" src=\"https:\/\/blogger.googleusercontent.com\/img\/b\/R29vZ2xl\/AVvXsEhHEEpZsKK1VpwiYMrS7aE2ujtqIDZoLd4B5wtbiseSU9s2HdTdQfhF84So2XwEB1fv0BLw95GADm6hUl1bkKtzh-eIgVigXONuu_5RxeIMPhjk8q6uNX4EaEHbooKkbu7pCADWPpVJjhKIH5NQSJpWqedC-YBez4QAQeJYokkLot9bhrIaUAeztsGis6M\/s1600\/logo-principal3.jpg\" width=\"100%\" height=\"100\" \/><\/a><!--bestpublic-voz05--><!--desk-in-out-voz05--><br \/>\n<!--publicidad-voz06--><!--bestpublic-voz06--><!--desk-in-out-voz06--><br \/>\n<!--publicidad-voz07--><!--bestpublic-voz07--><!--desk-in-out-voz07--><br \/>\n<!--publicidad-voz08--><!--bestpublic-voz08--><!--desk-in-out-voz08--><br \/>\n<!--publicidad-voz09--><!--bestpublic-voz09--><!--desk-in-out-voz09--><br \/>\n<!--publicidad-voz10--><!--bestpublic-voz10--><!--desk-in-out-voz10--><br \/>\n<!--publicidad-voz11--><!--bestpublic-voz11--><!--desk-in-out-voz11--><br \/>\n<!--publicidad-voz12--><!--bestpublic-voz12--><!--desk-in-out-voz12--><br \/>\n<!--publicidad-voz13--><!--bestpublic-voz13--><!--desk-in-out-voz13--><br \/>\n<!--publicidad-voz14--><!--bestpublic-voz14--><!--desk-in-out-voz14--><br \/>\n<!--publicidad-voz15--><!--bestpublic-voz15--><!--desk-in-out-voz15--><br \/>\n<!--publicidad-voz16--><!--bestpublic-voz16--><!--desk-in-out-voz16--><\/p>\n","protected":false},"excerpt":{"rendered":"<p>TODO PREPARADO PARA EL INICIO DE LOS CONFINES DE LA SIERRA CANTERO DE LETUR<\/p>\n","protected":false},"author":2,"featured_media":90588,"comment_status":"closed","ping_status":"closed","sticky":false,"template":"","format":"standard","meta":{"footnotes":""},"categories":[723,718,715,716,717],"tags":[],"class_list":["post-102451","post","type-post","status-publish","format-standard","has-post-thumbnail","hentry","category-blog-lv005","category-blogger","category-la-voz-de-hellin","category-la-voz-de-hellin-la-voz-de-hellin","category-noticias"],"_links":{"self":[{"href":"https:\/\/lavozdehellin.com\/noticias\/wp-json\/wp\/v2\/posts\/102451","targetHints":{"allow":["GET"]}}],"collection":[{"href":"https:\/\/lavozdehellin.com\/noticias\/wp-json\/wp\/v2\/posts"}],"about":[{"href":"https:\/\/lavozdehellin.com\/noticias\/wp-json\/wp\/v2\/types\/post"}],"author":[{"embeddable":true,"href":"https:\/\/lavozdehellin.com\/noticias\/wp-json\/wp\/v2\/users\/2"}],"replies":[{"embeddable":true,"href":"https:\/\/lavozdehellin.com\/noticias\/wp-json\/wp\/v2\/comments?post=102451"}],"version-history":[{"count":0,"href":"https:\/\/lavozdehellin.com\/noticias\/wp-json\/wp\/v2\/posts\/102451\/revisions"}],"wp:featuredmedia":[{"embeddable":true,"href":"https:\/\/lavozdehellin.com\/noticias\/wp-json\/wp\/v2\/media\/90588"}],"wp:attachment":[{"href":"https:\/\/lavozdehellin.com\/noticias\/wp-json\/wp\/v2\/media?parent=102451"}],"wp:term":[{"taxonomy":"category","embeddable":true,"href":"https:\/\/lavozdehellin.com\/noticias\/wp-json\/wp\/v2\/categories?post=102451"},{"taxonomy":"post_tag","embeddable":true,"href":"https:\/\/lavozdehellin.com\/noticias\/wp-json\/wp\/v2\/tags?post=102451"}],"curies":[{"name":"wp","href":"https:\/\/api.w.org\/{rel}","templated":true}]}}