{"id":102452,"date":"2018-09-20T18:30:38","date_gmt":"2018-09-20T18:30:38","guid":{"rendered":"https:\/\/lavozdehellin.com\/noticias\/v01-031-ingeteam-apoya-por-segundo-ano-el-reto-de-pablo-para-luchar-por-la-investigacion-del-cancer-infantil\/"},"modified":"2024-01-04T14:08:46","modified_gmt":"2024-01-04T14:08:46","slug":"v01-031-ingeteam-apoya-por-segundo-ano-el-reto-de-pablo-para-luchar-por-la-investigacion-del-cancer-infantil","status":"publish","type":"post","link":"https:\/\/lavozdehellin.com\/noticias\/v01-031-ingeteam-apoya-por-segundo-ano-el-reto-de-pablo-para-luchar-por-la-investigacion-del-cancer-infantil\/","title":{"rendered":"LVH NOTICIAS | INGETEAM APOYA POR SEGUNDO A\u00d1O EL RETO DE PABLO PARA LUCHAR POR LA INVESTIGACI\u00d3N DEL C\u00c1NCER INFANTIL"},"content":{"rendered":"<p style=\"text-align: justify;\">Seguir inyectando fondos a la investigaci\u00f3n del c\u00e1ncer infantil y visibilizar la necesidad de lograr nuevos tratamientos m\u00e1s efectivos y menos destructivos. Este es el objetivo del Reto de Pablo, una iniciativa\u00a0 que el pr\u00f3ximo 27 de septiembre arranca su segunda edici\u00f3n: Sevilla-Albacete Btt Non Stop Neuroblastoma. Jos\u00e9 Luis Cabezuelo, padre de Pablo, recorrer\u00e1 en bicicleta de monta\u00f1a los 700 kms que unen el Hospital Virgen del Roc\u00edo de Sevilla, donde El Reto de Pablo participa en la financiaci\u00f3n de un proyecto de investigaci\u00f3n, con su casa en Albacete, las provincias de Sevilla, C\u00f3rdoba, Ja\u00e9n y Albacete en modalidad Non Stop, es decir, en una \u00fanica etapa, sin descanso. El Reto de este a\u00f1o cuenta con un mayor aliciente deportivo, ya que unir\u00e1 los nacimientos de los tres grandes r\u00edos de la Sierra de Cazorla Segura y Las Villas: Guadalquivir, Segura y Mundo.<\/p>\n<p><!--more--><br \/>\n<!--publicidad-voz01--><a href=\"https:\/\/www.facebook.com\/SoloRadioHellin\/?locale=es_ES\"><img decoding=\"async\" class=\"alignnone size-medium\" src=\"https:\/\/blogger.googleusercontent.com\/img\/b\/R29vZ2xl\/AVvXsEiNncirNnyGedv00mhjZjh5Wl4_YPdJGanoAl8tL8zH-HwqE8uHqjEfSt340RHdx-9tuCSIkZ8rFamZiGyYlgDGxCsmXjCH_1xk5eYM3ntFZRvJP_jndOKR7w1UAo9Tu0vrZyOLfqRpHIxYI5SymJJ-pfGCQw6QVpggBH-UgfjiFQ2JOxqxG0Jx94kW83c\/s1600\/logo-principal.jpg\" width=\"100%\" height=\"100\" \/><\/a><!--bestpublic-voz01--><!--desk-in-out-voz01--><br \/>\n<!--publicidad-voz02--><a href=\"https:\/\/www.hellincf.com\/\"><img decoding=\"async\" class=\"alignnone size-medium\" src=\"https:\/\/blogger.googleusercontent.com\/img\/b\/R29vZ2xl\/AVvXsEhuZ4-XfBVj3UtdP8-RZugy3WVrg-Zv28c53m4oV47qYCxL1rX_dqWX_YddsGSnpH5SRDqZ7bZeKPIfDVCDncpjVlhy3aQs2vojcJBn7Gdv9hC2_Nzct_pRFrnFE1a7KTCdY1bT_kAgnY3-iadRZrGeJf1fR2P5fu11bokx0pWjaypoy-ctwCjklldpEbA\/s1600\/logo-principal7.jpg\" width=\"100%\" height=\"100\" \/><\/a><!--bestpublic-voz02--><!--desk-in-out-voz02--><\/p>\n<p style=\"text-align: justify;\">Ingeteam colaborar\u00e1 por segundo a\u00f1o con El Reto de Pablo aportando el coche escoba que acompa\u00f1ar\u00e1 a Jos\u00e9 Luis durante los 700 kms del recorrido y ofreciendo una donaci\u00f3n econ\u00f3mica a trav\u00e9s de la Asociaci\u00f3n NEN. Adem\u00e1s, varios trabajadores integrantes del equipo Ingeteam-Rumbo acompa\u00f1ar\u00e1n a Jos\u00e9 Luis durante el recorrido que contar\u00e1 con las siguientes paradas t\u00e9cnicas:<\/p>\n<ul style=\"text-align: justify;\">\n<li>Sevilla (Salida del Hospital Virgen del Roc\u00edo el jueves 27 a las 05:00 horas)<\/li>\n<li>Lucena (C\u00f3rdoba)<\/li>\n<li>Ja\u00e9n (Capital)<\/li>\n<li>Cazorla (Ja\u00e9n)<\/li>\n<li>Pontones (Ja\u00e9n)<\/li>\n<li>Ri\u00f3par (Albacete)<\/li>\n<li>Bogarra (Albacete)<\/li>\n<li>Pe\u00f1as de San Pedro (Albacete)<\/li>\n<li>Albacete (Llegada al Dep\u00f3sito del Sol el s\u00e1bado 29 a las 18 horas)<\/li>\n<\/ul>\n<p style=\"text-align: justify;\">En estas paradas, Jos\u00e9 Luis ser\u00e1 reconocido por el m\u00e9dico, atendido por la fisioterapeuta y los ayuntamientos de las diferentes localidades facilitar\u00e1n duchas y avituallamiento a todos los integrantes del equipo, al tiempo que se desarrollar\u00e1n distintos eventos solidarios con el fin de recaudar fondos para la investigaci\u00f3n del c\u00e1ncer infantil.<\/p>\n<p style=\"text-align: justify;\">Ingeteam pedalear\u00e1 un a\u00f1o m\u00e1s por la Investigaci\u00f3n del C\u00e1ncer Infantil apoyando por segundo a\u00f1o consecutivo el Reto de Pablo. Una iniciativa que \u00a0transmite valores de esfuerzo, superaci\u00f3n y solidaridad con la bicicleta como protagonista. Todos ellos, valores altamente alineados al ADN de Ingeteam que no ha dudado en sumarse a este Reto un a\u00f1o m\u00e1s y apoyar al peque\u00f1o Pablo a trav\u00e9s de su pol\u00edtica de responsabilidad social corporativa, reafirmando as\u00ed su compromiso con la sociedad en la que se ubica.<\/p>\n<p style=\"text-align: justify;\">\u00bfC\u00f3mo nace el Reto de Pablo?<\/p>\n<p style=\"text-align: justify;\">Con s\u00f3lo 2 a\u00f1os y medio Pablo fue diagnosticado de Neuroblastoma de alto riesgo en estadio 4 con met\u00e1stasis cuya supervivencia es de un 30% a 5 a\u00f1os. En ese momento, sus padres deciden trasladarse durante 18 meses a centros oncol\u00f3gicos especializados en Madrid y Barcelona, con el fin de que Pablo reciba los mejores y m\u00e1s novedosos tratamientos. Dos a\u00f1os y medio despu\u00e9s, Pablo se encuentra en remisi\u00f3n completa y haciendo vida normal como cualquier otro ni\u00f1o aunque lidiando con los efectos secundarios provocados por el devastador tratamiento que ha recibido en revisiones trimestrales. Tras finalizar el tratamiento, los padres de Pablo deciden emprender una lucha paralela con el fin de conseguir fondos para investigar el c\u00e1ncer infantil, creando la iniciativa privada El Reto de Pablo.<\/p>\n<p style=\"text-align: justify;\">Cabe destacar que El Reto de Pablo no dispone de n\u00famero de cuenta, todos los fondos se ingresan directamente en la Asociaci\u00f3n Nen (Ni\u00f1os Enfermos de Neuroblastoma), declarada de utilidad p\u00fablica y cuya \u00fanica funci\u00f3n es financiar proyectos de investigaci\u00f3n del c\u00e1ncer infantil en distintos hospitales Espa\u00f1oles. Actualmente, El Reto de Pablo ha donado m\u00e1s de 70.000 euros.<\/p>\n<p style=\"text-align: justify;\">El epicentro de esta iniciativa solidaria, es un reto deportivo que en 2017 llev\u00f3 a Jos\u00e9 Luis L\u00f3pez Cabezuelo, padre de Pablo y aficionado al Mountain Bike, a recorrer los 651 km que separan el hospital Sant Joan de Deu (Barcelona) de Albacete, ciudad donde reside la familia, en modalidad Non Stop en 51 horas (proyecto ganador de las Becas Gaes Persigue Tus Sue\u00f1os 2017). \u00a0Ahora, un a\u00f1o despu\u00e9s, el Reto de Pablo se enfrenta a una segunda edici\u00f3n creciendo en n\u00famero de kil\u00f3metros pero sobre todo, creciendo en ilusi\u00f3n.<\/p>\n<p style=\"text-align: justify;\">Ingeteam<\/p>\n<p style=\"text-align: justify;\">Ingeteam es un Grupo especializado en electr\u00f3nica de potencia y de control, (inversores, convertidores de frecuencia, controladores y protecciones), y proyectos de ingenier\u00eda el\u00e9ctrica y de automatizaci\u00f3n, que completa su oferta con servicios de operaci\u00f3n y mantenimiento. Adem\u00e1s, bajo la marca Indar fabrica generadores, motores y bombas sumergibles.<\/p>\n<p style=\"text-align: justify;\">Desarrolla sus productos para los siguientes sectores: generaci\u00f3n e\u00f3lica, fotovoltaica, hidr\u00e1ulica y f\u00f3sil, industria de la transformaci\u00f3n de metales y minerales, naval, tracci\u00f3n ferroviaria, red de energ\u00eda el\u00e9ctrica, incluidas las subestaciones, buscando siempre una generaci\u00f3n, transporte, distribuci\u00f3n y consumo energ\u00e9tico m\u00e1s eficientes.<\/p>\n<p style=\"text-align: justify;\">La empresa opera en todo el mundo, empleando a 3.800 personas, y su actividad est\u00e1 estructurada sobre la base de I+D, invirtiendo anualmente el 5% de su facturaci\u00f3n.<\/p>\n<p><!--publicidad-voz03--><a href=\"https:\/\/www.facebook.com\/profile.php?id=100063593791305&amp;locale=es_ES\"><img decoding=\"async\" class=\"alignnone size-medium\" src=\"https:\/\/blogger.googleusercontent.com\/img\/b\/R29vZ2xl\/AVvXsEi8_n_ll8UOcGxCqzFvb_9Io4ICczlGC990BPtPj2w9Px-u7B3oqWUW5vtjZUqPNJ-nyjiUIorE0ATsib_l5tV8BVN-UJ03RTnU__IHJF_4DgDBtY4LIqXNG-FomrO-7ywes20CBCRM2Hcm7EJSh3UUw1dO-c_uTflUrtgY1i7uBRezj_DpympmEFkfbQY\/s1600\/logo-principal2.jpg\" width=\"100%\" height=\"100\" \/><\/a><!--bestpublic-voz03--><!--desk-in-out-voz03--><br \/>\n<!--publicidad-voz04--><a href=\"https:\/\/www.facebook.com\/profile.php?id=61557370768692&amp;locale=es_ES\"><img decoding=\"async\" class=\"alignnone size-medium\" src=\"https:\/\/blogger.googleusercontent.com\/img\/b\/R29vZ2xl\/AVvXsEgy5RdcfffrnrItnYTcV9bCJjgJwldsQLWssfVfrLbyfXeBNTFKgBf0rMIvhrUaGUhiXzVr9_eQgCbi-j63ZDpfTvLIty9w7s140y-m1yHe7eKmEK7v2NAHUJDVYGdfeiQFeRCqUjdwWmN1MX_AUxxz4IVdJ4WIM0APxit8bjWkXzrnEFGqBvW_1F13H1g\/s1600\/logo-principal5.jpg\" width=\"100%\" height=\"100\" \/><\/a><!--bestpublic-voz04--><!--desk-in-out-voz04--><br \/>\n<!--publicidad-voz05--><a href=\"https:\/\/www.facebook.com\/asociaciontamborileroshellin?locale=es_ES\"><img decoding=\"async\" class=\"alignnone size-medium\" src=\"https:\/\/blogger.googleusercontent.com\/img\/b\/R29vZ2xl\/AVvXsEhHEEpZsKK1VpwiYMrS7aE2ujtqIDZoLd4B5wtbiseSU9s2HdTdQfhF84So2XwEB1fv0BLw95GADm6hUl1bkKtzh-eIgVigXONuu_5RxeIMPhjk8q6uNX4EaEHbooKkbu7pCADWPpVJjhKIH5NQSJpWqedC-YBez4QAQeJYokkLot9bhrIaUAeztsGis6M\/s1600\/logo-principal3.jpg\" width=\"100%\" height=\"100\" \/><\/a><!--bestpublic-voz05--><!--desk-in-out-voz05--><br \/>\n<!--publicidad-voz06--><!--bestpublic-voz06--><!--desk-in-out-voz06--><br \/>\n<!--publicidad-voz07--><!--bestpublic-voz07--><!--desk-in-out-voz07--><br \/>\n<!--publicidad-voz08--><!--bestpublic-voz08--><!--desk-in-out-voz08--><br \/>\n<!--publicidad-voz09--><!--bestpublic-voz09--><!--desk-in-out-voz09--><br \/>\n<!--publicidad-voz10--><!--bestpublic-voz10--><!--desk-in-out-voz10--><br \/>\n<!--publicidad-voz11--><!--bestpublic-voz11--><!--desk-in-out-voz11--><br \/>\n<!--publicidad-voz12--><!--bestpublic-voz12--><!--desk-in-out-voz12--><br \/>\n<!--publicidad-voz13--><!--bestpublic-voz13--><!--desk-in-out-voz13--><br \/>\n<!--publicidad-voz14--><!--bestpublic-voz14--><!--desk-in-out-voz14--><br \/>\n<!--publicidad-voz15--><!--bestpublic-voz15--><!--desk-in-out-voz15--><br \/>\n<!--publicidad-voz16--><!--bestpublic-voz16--><!--desk-in-out-voz16--><\/p>\n","protected":false},"excerpt":{"rendered":"<p>INGETEAM APOYA POR SEGUNDO A\u00d1O EL RETO DE PABLO PARA LUCHAR POR LA INVESTIGACI\u00d3N DEL C\u00c1NCER INFANTIL<\/p>\n","protected":false},"author":2,"featured_media":90587,"comment_status":"closed","ping_status":"closed","sticky":false,"template":"","format":"standard","meta":{"footnotes":""},"categories":[723,718,715,716,717],"tags":[],"class_list":["post-102452","post","type-post","status-publish","format-standard","has-post-thumbnail","hentry","category-blog-lv005","category-blogger","category-la-voz-de-hellin","category-la-voz-de-hellin-la-voz-de-hellin","category-noticias"],"_links":{"self":[{"href":"https:\/\/lavozdehellin.com\/noticias\/wp-json\/wp\/v2\/posts\/102452","targetHints":{"allow":["GET"]}}],"collection":[{"href":"https:\/\/lavozdehellin.com\/noticias\/wp-json\/wp\/v2\/posts"}],"about":[{"href":"https:\/\/lavozdehellin.com\/noticias\/wp-json\/wp\/v2\/types\/post"}],"author":[{"embeddable":true,"href":"https:\/\/lavozdehellin.com\/noticias\/wp-json\/wp\/v2\/users\/2"}],"replies":[{"embeddable":true,"href":"https:\/\/lavozdehellin.com\/noticias\/wp-json\/wp\/v2\/comments?post=102452"}],"version-history":[{"count":0,"href":"https:\/\/lavozdehellin.com\/noticias\/wp-json\/wp\/v2\/posts\/102452\/revisions"}],"wp:featuredmedia":[{"embeddable":true,"href":"https:\/\/lavozdehellin.com\/noticias\/wp-json\/wp\/v2\/media\/90587"}],"wp:attachment":[{"href":"https:\/\/lavozdehellin.com\/noticias\/wp-json\/wp\/v2\/media?parent=102452"}],"wp:term":[{"taxonomy":"category","embeddable":true,"href":"https:\/\/lavozdehellin.com\/noticias\/wp-json\/wp\/v2\/categories?post=102452"},{"taxonomy":"post_tag","embeddable":true,"href":"https:\/\/lavozdehellin.com\/noticias\/wp-json\/wp\/v2\/tags?post=102452"}],"curies":[{"name":"wp","href":"https:\/\/api.w.org\/{rel}","templated":true}]}}