{"id":102454,"date":"2020-04-07T17:42:55","date_gmt":"2020-04-07T17:42:55","guid":{"rendered":"https:\/\/lavozdehellin.com\/noticias\/v01-033-las-denuncias-por-saltarse-el-confinamiento-en-hellin-aumentan-a-189\/"},"modified":"2024-01-04T14:03:52","modified_gmt":"2024-01-04T14:03:52","slug":"v01-033-las-denuncias-por-saltarse-el-confinamiento-en-hellin-aumentan-a-189","status":"publish","type":"post","link":"https:\/\/lavozdehellin.com\/noticias\/v01-033-las-denuncias-por-saltarse-el-confinamiento-en-hellin-aumentan-a-189\/","title":{"rendered":"LVH NOTICIAS | LAS DENUNCIAS POR SALTARSE EL CONFINAMIENTO EN HELL\u00cdN AUMENTAN A 189"},"content":{"rendered":"<p style=\"text-align: justify;\">189 denuncias realizadas por la Polic\u00eda Local y la Polic\u00eda Nacional, entre ellas un establecimiento de hosteler\u00eda que permanec\u00eda abierto a puerta cerrada, y tres detenidos. Ese es el nuevo balance que se ha presentado hoy en la tercera reuni\u00f3n del Centro de Coordinaci\u00f3n de Hell\u00edn (CECOR), el instrumento de coordinaci\u00f3n de seguridad creado para velar que se cumplan las normas del estado de alarma en Hell\u00edn.<\/p>\n<p><!--more--><br \/>\n<!--publicidad-voz01--><a href=\"https:\/\/www.facebook.com\/SoloRadioHellin\/?locale=es_ES\"><img decoding=\"async\" class=\"alignnone size-medium\" src=\"https:\/\/blogger.googleusercontent.com\/img\/b\/R29vZ2xl\/AVvXsEiNncirNnyGedv00mhjZjh5Wl4_YPdJGanoAl8tL8zH-HwqE8uHqjEfSt340RHdx-9tuCSIkZ8rFamZiGyYlgDGxCsmXjCH_1xk5eYM3ntFZRvJP_jndOKR7w1UAo9Tu0vrZyOLfqRpHIxYI5SymJJ-pfGCQw6QVpggBH-UgfjiFQ2JOxqxG0Jx94kW83c\/s1600\/logo-principal.jpg\" width=\"100%\" height=\"100\" \/><\/a><!--bestpublic-voz01--><!--desk-in-out-voz01--><br \/>\n<!--publicidad-voz02--><a href=\"https:\/\/www.hellincf.com\/\"><img decoding=\"async\" class=\"alignnone size-medium\" src=\"https:\/\/blogger.googleusercontent.com\/img\/b\/R29vZ2xl\/AVvXsEhuZ4-XfBVj3UtdP8-RZugy3WVrg-Zv28c53m4oV47qYCxL1rX_dqWX_YddsGSnpH5SRDqZ7bZeKPIfDVCDncpjVlhy3aQs2vojcJBn7Gdv9hC2_Nzct_pRFrnFE1a7KTCdY1bT_kAgnY3-iadRZrGeJf1fR2P5fu11bokx0pWjaypoy-ctwCjklldpEbA\/s1600\/logo-principal7.jpg\" width=\"100%\" height=\"100\" \/><\/a><!--bestpublic-voz02--><!--desk-in-out-voz02--><\/p>\n<p style=\"text-align: justify;\">Ram\u00f3n Garc\u00eda, alcalde de Hell\u00edn, ha remarcado a la conclusi\u00f3n que \u00aben solo una semana se ha sancionado a casi 90 personas, hasta llegar a 189, por lo que debemos insistir en la seriedad del confinamiento y la dureza contra el que se lo salte de manera injustificada. La moderaci\u00f3n en los casos de contagios no pueden hacer que nos relajemos en una cuarentena que debe ser f\u00e9rrea\u00bb.<\/p>\n<p style=\"text-align: justify;\">El alcalde presidi\u00f3 la sesi\u00f3n a la que asistieron, al igual que en las anteriores, representantes del Cuerpo Nacional de Polic\u00eda, Polic\u00eda Local, Guardia Civil, Bomberos del SEPEI, Protecci\u00f3n Civil y Cruz Roja.<\/p>\n<p style=\"text-align: justify;\">En esta reuni\u00f3n del CECOR tambi\u00e9n se dio cuenta de las desinfecciones realizadas por SEPEI y GEACAM, Brigadilla y empresa de limpieza; de los repartos de Cruz Roja para confecci\u00f3n de mascarillas; de la entrega de comida por parte de Protecci\u00f3n Civil adem\u00e1s de labores de megafon\u00eda y vigilancia; y de la nueva presencia del ej\u00e9rcito el pasado domingo para patrullar en Hell\u00edn y pedan\u00edas y visitar residencias donde se encuentran ingresados mayores.<\/p>\n<p style=\"text-align: justify;\">Refuerzo en Semana Santa<\/p>\n<p style=\"text-align: justify;\">Los cuerpos y fuerzas de seguridad han establecido los dispositivos esta Semana Santa para evitar que nadie se desplace a segundas residencias ni realice actos festivos en pe\u00f1as o sedes. Por la noche se reforzar\u00e1 la seguridad ciudadana para asegurar que la poblaci\u00f3n permanece confinada en casa.<\/p>\n<p style=\"text-align: justify;\">En cuanto al comercio, el alcalde ha recordado que el mercado municipal abrir\u00e1 el Jueves Santo para evitar aglomeraciones los otros d\u00edas laborables, y que los comercios minoristas de menos de 300 metros tienen libertad de apertura para ese d\u00eda y para el Lunes de Pascua.<\/p>\n<p><!--publicidad-voz03--><a href=\"https:\/\/www.facebook.com\/profile.php?id=100063593791305&amp;locale=es_ES\"><img decoding=\"async\" class=\"alignnone size-medium\" src=\"https:\/\/blogger.googleusercontent.com\/img\/b\/R29vZ2xl\/AVvXsEi8_n_ll8UOcGxCqzFvb_9Io4ICczlGC990BPtPj2w9Px-u7B3oqWUW5vtjZUqPNJ-nyjiUIorE0ATsib_l5tV8BVN-UJ03RTnU__IHJF_4DgDBtY4LIqXNG-FomrO-7ywes20CBCRM2Hcm7EJSh3UUw1dO-c_uTflUrtgY1i7uBRezj_DpympmEFkfbQY\/s1600\/logo-principal2.jpg\" width=\"100%\" height=\"100\" \/><\/a><!--bestpublic-voz03--><!--desk-in-out-voz03--><br \/>\n<!--publicidad-voz04--><a href=\"https:\/\/www.facebook.com\/profile.php?id=61557370768692&amp;locale=es_ES\"><img decoding=\"async\" class=\"alignnone size-medium\" src=\"https:\/\/blogger.googleusercontent.com\/img\/b\/R29vZ2xl\/AVvXsEgy5RdcfffrnrItnYTcV9bCJjgJwldsQLWssfVfrLbyfXeBNTFKgBf0rMIvhrUaGUhiXzVr9_eQgCbi-j63ZDpfTvLIty9w7s140y-m1yHe7eKmEK7v2NAHUJDVYGdfeiQFeRCqUjdwWmN1MX_AUxxz4IVdJ4WIM0APxit8bjWkXzrnEFGqBvW_1F13H1g\/s1600\/logo-principal5.jpg\" width=\"100%\" height=\"100\" \/><\/a><!--bestpublic-voz04--><!--desk-in-out-voz04--><br \/>\n<!--publicidad-voz05--><a href=\"https:\/\/www.facebook.com\/asociaciontamborileroshellin?locale=es_ES\"><img decoding=\"async\" class=\"alignnone size-medium\" src=\"https:\/\/blogger.googleusercontent.com\/img\/b\/R29vZ2xl\/AVvXsEhHEEpZsKK1VpwiYMrS7aE2ujtqIDZoLd4B5wtbiseSU9s2HdTdQfhF84So2XwEB1fv0BLw95GADm6hUl1bkKtzh-eIgVigXONuu_5RxeIMPhjk8q6uNX4EaEHbooKkbu7pCADWPpVJjhKIH5NQSJpWqedC-YBez4QAQeJYokkLot9bhrIaUAeztsGis6M\/s1600\/logo-principal3.jpg\" width=\"100%\" height=\"100\" \/><\/a><!--bestpublic-voz05--><!--desk-in-out-voz05--><br \/>\n<!--publicidad-voz06--><!--bestpublic-voz06--><!--desk-in-out-voz06--><br \/>\n<!--publicidad-voz07--><!--bestpublic-voz07--><!--desk-in-out-voz07--><br \/>\n<!--publicidad-voz08--><!--bestpublic-voz08--><!--desk-in-out-voz08--><br \/>\n<!--publicidad-voz09--><!--bestpublic-voz09--><!--desk-in-out-voz09--><br \/>\n<!--publicidad-voz10--><!--bestpublic-voz10--><!--desk-in-out-voz10--><br \/>\n<!--publicidad-voz11--><!--bestpublic-voz11--><!--desk-in-out-voz11--><br \/>\n<!--publicidad-voz12--><!--bestpublic-voz12--><!--desk-in-out-voz12--><br \/>\n<!--publicidad-voz13--><!--bestpublic-voz13--><!--desk-in-out-voz13--><br \/>\n<!--publicidad-voz14--><!--bestpublic-voz14--><!--desk-in-out-voz14--><br \/>\n<!--publicidad-voz15--><!--bestpublic-voz15--><!--desk-in-out-voz15--><br \/>\n<!--publicidad-voz16--><!--bestpublic-voz16--><!--desk-in-out-voz16--><\/p>\n","protected":false},"excerpt":{"rendered":"<p>LAS DENUNCIAS POR SALTARSE EL CONFINAMIENTO EN HELL\u00cdN AUMENTAN A 189<\/p>\n","protected":false},"author":2,"featured_media":90587,"comment_status":"closed","ping_status":"closed","sticky":false,"template":"","format":"standard","meta":{"footnotes":""},"categories":[723,718,715,716,717],"tags":[],"class_list":["post-102454","post","type-post","status-publish","format-standard","has-post-thumbnail","hentry","category-blog-lv005","category-blogger","category-la-voz-de-hellin","category-la-voz-de-hellin-la-voz-de-hellin","category-noticias"],"_links":{"self":[{"href":"https:\/\/lavozdehellin.com\/noticias\/wp-json\/wp\/v2\/posts\/102454","targetHints":{"allow":["GET"]}}],"collection":[{"href":"https:\/\/lavozdehellin.com\/noticias\/wp-json\/wp\/v2\/posts"}],"about":[{"href":"https:\/\/lavozdehellin.com\/noticias\/wp-json\/wp\/v2\/types\/post"}],"author":[{"embeddable":true,"href":"https:\/\/lavozdehellin.com\/noticias\/wp-json\/wp\/v2\/users\/2"}],"replies":[{"embeddable":true,"href":"https:\/\/lavozdehellin.com\/noticias\/wp-json\/wp\/v2\/comments?post=102454"}],"version-history":[{"count":0,"href":"https:\/\/lavozdehellin.com\/noticias\/wp-json\/wp\/v2\/posts\/102454\/revisions"}],"wp:featuredmedia":[{"embeddable":true,"href":"https:\/\/lavozdehellin.com\/noticias\/wp-json\/wp\/v2\/media\/90587"}],"wp:attachment":[{"href":"https:\/\/lavozdehellin.com\/noticias\/wp-json\/wp\/v2\/media?parent=102454"}],"wp:term":[{"taxonomy":"category","embeddable":true,"href":"https:\/\/lavozdehellin.com\/noticias\/wp-json\/wp\/v2\/categories?post=102454"},{"taxonomy":"post_tag","embeddable":true,"href":"https:\/\/lavozdehellin.com\/noticias\/wp-json\/wp\/v2\/tags?post=102454"}],"curies":[{"name":"wp","href":"https:\/\/api.w.org\/{rel}","templated":true}]}}