{"id":102459,"date":"2018-09-20T11:29:37","date_gmt":"2018-09-20T11:29:37","guid":{"rendered":"https:\/\/lavozdehellin.com\/noticias\/v01-038-el-circuito-de-diputacion-retorna-despues-de-dos-semanas-de-descanso\/"},"modified":"2024-01-04T14:08:47","modified_gmt":"2024-01-04T14:08:47","slug":"v01-038-el-circuito-de-diputacion-retorna-despues-de-dos-semanas-de-descanso","status":"publish","type":"post","link":"https:\/\/lavozdehellin.com\/noticias\/v01-038-el-circuito-de-diputacion-retorna-despues-de-dos-semanas-de-descanso\/","title":{"rendered":"LVH NOTICIAS | EL CIRCUITO DE DIPUTACI\u00d3N RETORNA DESPU\u00c9S DE DOS SEMANAS DE DESCANSO"},"content":{"rendered":"<p style=\"text-align: justify;\">La XIV Carrera Popular de Pozo Ca\u00f1ada ser\u00e1 el escenario elegido, con salida el pr\u00f3ximo s\u00e1bado a partir de 18:30 horas<\/p>\n<p><!--more--><br \/>\n<!--publicidad-voz01--><a href=\"https:\/\/www.facebook.com\/SoloRadioHellin\/?locale=es_ES\"><img decoding=\"async\" class=\"alignnone size-medium\" src=\"https:\/\/blogger.googleusercontent.com\/img\/b\/R29vZ2xl\/AVvXsEiNncirNnyGedv00mhjZjh5Wl4_YPdJGanoAl8tL8zH-HwqE8uHqjEfSt340RHdx-9tuCSIkZ8rFamZiGyYlgDGxCsmXjCH_1xk5eYM3ntFZRvJP_jndOKR7w1UAo9Tu0vrZyOLfqRpHIxYI5SymJJ-pfGCQw6QVpggBH-UgfjiFQ2JOxqxG0Jx94kW83c\/s1600\/logo-principal.jpg\" width=\"100%\" height=\"100\" \/><\/a><!--bestpublic-voz01--><!--desk-in-out-voz01--><br \/>\n<!--publicidad-voz02--><a href=\"https:\/\/www.hellincf.com\/\"><img decoding=\"async\" class=\"alignnone size-medium\" src=\"https:\/\/blogger.googleusercontent.com\/img\/b\/R29vZ2xl\/AVvXsEhuZ4-XfBVj3UtdP8-RZugy3WVrg-Zv28c53m4oV47qYCxL1rX_dqWX_YddsGSnpH5SRDqZ7bZeKPIfDVCDncpjVlhy3aQs2vojcJBn7Gdv9hC2_Nzct_pRFrnFE1a7KTCdY1bT_kAgnY3-iadRZrGeJf1fR2P5fu11bokx0pWjaypoy-ctwCjklldpEbA\/s1600\/logo-principal7.jpg\" width=\"100%\" height=\"100\" \/><\/a><!--bestpublic-voz02--><!--desk-in-out-voz02--><\/p>\n<p style=\"text-align: justify;\">El XVIII Circuito Provincial de Carreras Populares, organizado por la Diputaci\u00f3n de Albacete, vuelve a la competici\u00f3n despu\u00e9s de dos semanas de descanso coincidiendo con la Feria de la capital albacete\u00f1a. El escenario elegido ser\u00e1 Pozo Ca\u00f1ada, localidad que celebra su XIV Carrera Popular con una propuesta de 10.000 metros de recorrido, adem\u00e1s de la XIII Carrera de la Mujer que ofrece 5.000 metros de distancia.<\/p>\n<p style=\"text-align: justify;\">Despu\u00e9s de Pozo Ca\u00f1ada, y ya en la temporada de oto\u00f1o-invierno, al Circuito Provincial le quedar\u00e1n trece carreras por disputar: Chinchilla de Montearag\u00f3n (30 de septiembre), Hoya Gonzalo (7 de octubre), Nerpio (14 de octubre), Aguas Nuevas (20 de octubre), Media Marat\u00f3n de Hell\u00edn (28 de octubre), Villaverde de Guadalimar (1 de noviembre), Ossa de Montiel (4 de noviembre), Alcaraz (11 de noviembre), Li\u00e9tor (17 de noviembre), P\u00e9trola (24 de noviembre), Alcal\u00e1 del J\u00facar (1 de diciembre), Socovos (9 de diciembre) y Navas de Jorquera (15 de diciembre).<\/p>\n<p style=\"text-align: justify;\">La XIV Carrera Popular de Pozo Ca\u00f1ada comenzar\u00e1 a las 18:30 horas, con salida y meta en la Avenida de la Concordia, en los aleda\u00f1os del Parque de la Paz. Los atletas deber\u00e1n completar dos vueltas a un trazado de 5.000 metros totalmente urbano y por asfalto. Las participantes en la XIII Carrera de la Mujer, prueba dise\u00f1ada para incentivar la participaci\u00f3n femenina, s\u00f3lo tendr\u00e1n que agotar una vuelta antes de entrar al arco de meta.<\/p>\n<p style=\"text-align: justify;\">La prueba ofrece los servicios de aparcamiento en las cercan\u00edas de la zona de salida y meta, fisioterapia, y vestuarios, duchas y aseos en las instalaciones deportivas de Pozo Ca\u00f1ada: Pabell\u00f3n polideportivo, Campo de f\u00fatbol y Piscina municipal. En carrera, los puestos de avituallamiento estar\u00e1n ubicados en los kil\u00f3metros 3, 5, 8 y meta.<\/p>\n<p style=\"text-align: justify;\">Habr\u00e1 premios para los tres primeros clasificados, los cinco primeros locales y los tres primeros atletas con discapacidad igual o superior al 33%. Se asume como atleta local a los nacidos en este municipio o bien residentes empadronados, adem\u00e1s de los miembros del Club Atletas de Pozo Ca\u00f1ada. Tambi\u00e9n habr\u00e1 premio para las tres primeras corredoras de la prueba espec\u00edfica para las damas.<\/p>\n<p style=\"text-align: justify;\">Como es tradicional en esta carrera, los equipos con m\u00e1s de 65 corredores en meta ser\u00e1n obsequiados con un cordero y un jam\u00f3n; los que presenten a m\u00e1s de 30 atletas en meta recibir\u00e1n un jam\u00f3n y un estuche de vino; y los que aporten m\u00e1s de 15 finalizados se llevar\u00e1n una paletilla y un pan. Adem\u00e1s, el primer atleta en pasar por el kil\u00f3metro uno recibir\u00e1 un jam\u00f3n, siempre que acabe la carrera.<\/p>\n<p style=\"text-align: justify;\">Los r\u00e9cords del trazado se encuentran en posesi\u00f3n de los marroqu\u00edes Abdelaziz Dahaoui (30:47) y Wafiya Benal\u00ed (36:17). El resto de vencedores en las trece ediciones precedentes fueron Rachid Nadji, Ahmed El Mansouri, Miguel \u00c1ngel Torrecilla, Dahaoui en tres ocasiones m\u00e1s, Patricio Garc\u00eda, Paco N\u00fa\u00f1ez Chumillas, Eugenio Oliver, Jes\u00fas \u201cLucho\u201d Mu\u00f1oz (2) y Jes\u00fas Ponce (2). Las vencedoras anteriores han sido Inmaculada P\u00e9rez, Pilar Igarza (5), otra vez Wafiya Benal\u00ed, Mar\u00eda Jos\u00e9 de Toro, M\u00aa \u00c1ngeles Mag\u00e1n, Mar\u00eda Elena Ruiz Nieva (2) y Eva Moreno.<\/p>\n<p><!--publicidad-voz03--><a href=\"https:\/\/www.facebook.com\/profile.php?id=100063593791305&amp;locale=es_ES\"><img decoding=\"async\" class=\"alignnone size-medium\" src=\"https:\/\/blogger.googleusercontent.com\/img\/b\/R29vZ2xl\/AVvXsEi8_n_ll8UOcGxCqzFvb_9Io4ICczlGC990BPtPj2w9Px-u7B3oqWUW5vtjZUqPNJ-nyjiUIorE0ATsib_l5tV8BVN-UJ03RTnU__IHJF_4DgDBtY4LIqXNG-FomrO-7ywes20CBCRM2Hcm7EJSh3UUw1dO-c_uTflUrtgY1i7uBRezj_DpympmEFkfbQY\/s1600\/logo-principal2.jpg\" width=\"100%\" height=\"100\" \/><\/a><!--bestpublic-voz03--><!--desk-in-out-voz03--><br \/>\n<!--publicidad-voz04--><a href=\"https:\/\/www.facebook.com\/profile.php?id=61557370768692&amp;locale=es_ES\"><img decoding=\"async\" class=\"alignnone size-medium\" src=\"https:\/\/blogger.googleusercontent.com\/img\/b\/R29vZ2xl\/AVvXsEgy5RdcfffrnrItnYTcV9bCJjgJwldsQLWssfVfrLbyfXeBNTFKgBf0rMIvhrUaGUhiXzVr9_eQgCbi-j63ZDpfTvLIty9w7s140y-m1yHe7eKmEK7v2NAHUJDVYGdfeiQFeRCqUjdwWmN1MX_AUxxz4IVdJ4WIM0APxit8bjWkXzrnEFGqBvW_1F13H1g\/s1600\/logo-principal5.jpg\" width=\"100%\" height=\"100\" \/><\/a><!--bestpublic-voz04--><!--desk-in-out-voz04--><br \/>\n<!--publicidad-voz05--><a href=\"https:\/\/www.facebook.com\/asociaciontamborileroshellin?locale=es_ES\"><img decoding=\"async\" class=\"alignnone size-medium\" src=\"https:\/\/blogger.googleusercontent.com\/img\/b\/R29vZ2xl\/AVvXsEhHEEpZsKK1VpwiYMrS7aE2ujtqIDZoLd4B5wtbiseSU9s2HdTdQfhF84So2XwEB1fv0BLw95GADm6hUl1bkKtzh-eIgVigXONuu_5RxeIMPhjk8q6uNX4EaEHbooKkbu7pCADWPpVJjhKIH5NQSJpWqedC-YBez4QAQeJYokkLot9bhrIaUAeztsGis6M\/s1600\/logo-principal3.jpg\" width=\"100%\" height=\"100\" \/><\/a><!--bestpublic-voz05--><!--desk-in-out-voz05--><br \/>\n<!--publicidad-voz06--><!--bestpublic-voz06--><!--desk-in-out-voz06--><br \/>\n<!--publicidad-voz07--><!--bestpublic-voz07--><!--desk-in-out-voz07--><br \/>\n<!--publicidad-voz08--><!--bestpublic-voz08--><!--desk-in-out-voz08--><br \/>\n<!--publicidad-voz09--><!--bestpublic-voz09--><!--desk-in-out-voz09--><br \/>\n<!--publicidad-voz10--><!--bestpublic-voz10--><!--desk-in-out-voz10--><br \/>\n<!--publicidad-voz11--><!--bestpublic-voz11--><!--desk-in-out-voz11--><br \/>\n<!--publicidad-voz12--><!--bestpublic-voz12--><!--desk-in-out-voz12--><br \/>\n<!--publicidad-voz13--><!--bestpublic-voz13--><!--desk-in-out-voz13--><br \/>\n<!--publicidad-voz14--><!--bestpublic-voz14--><!--desk-in-out-voz14--><br \/>\n<!--publicidad-voz15--><!--bestpublic-voz15--><!--desk-in-out-voz15--><br \/>\n<!--publicidad-voz16--><!--bestpublic-voz16--><!--desk-in-out-voz16--><\/p>\n","protected":false},"excerpt":{"rendered":"<p>EL CIRCUITO DE DIPUTACI\u00d3N RETORNA DESPU\u00c9S DE DOS SEMANAS DE DESCANSO<\/p>\n","protected":false},"author":2,"featured_media":90580,"comment_status":"closed","ping_status":"closed","sticky":false,"template":"","format":"standard","meta":{"footnotes":""},"categories":[723,718,715,716,717],"tags":[],"class_list":["post-102459","post","type-post","status-publish","format-standard","has-post-thumbnail","hentry","category-blog-lv005","category-blogger","category-la-voz-de-hellin","category-la-voz-de-hellin-la-voz-de-hellin","category-noticias"],"_links":{"self":[{"href":"https:\/\/lavozdehellin.com\/noticias\/wp-json\/wp\/v2\/posts\/102459","targetHints":{"allow":["GET"]}}],"collection":[{"href":"https:\/\/lavozdehellin.com\/noticias\/wp-json\/wp\/v2\/posts"}],"about":[{"href":"https:\/\/lavozdehellin.com\/noticias\/wp-json\/wp\/v2\/types\/post"}],"author":[{"embeddable":true,"href":"https:\/\/lavozdehellin.com\/noticias\/wp-json\/wp\/v2\/users\/2"}],"replies":[{"embeddable":true,"href":"https:\/\/lavozdehellin.com\/noticias\/wp-json\/wp\/v2\/comments?post=102459"}],"version-history":[{"count":0,"href":"https:\/\/lavozdehellin.com\/noticias\/wp-json\/wp\/v2\/posts\/102459\/revisions"}],"wp:featuredmedia":[{"embeddable":true,"href":"https:\/\/lavozdehellin.com\/noticias\/wp-json\/wp\/v2\/media\/90580"}],"wp:attachment":[{"href":"https:\/\/lavozdehellin.com\/noticias\/wp-json\/wp\/v2\/media?parent=102459"}],"wp:term":[{"taxonomy":"category","embeddable":true,"href":"https:\/\/lavozdehellin.com\/noticias\/wp-json\/wp\/v2\/categories?post=102459"},{"taxonomy":"post_tag","embeddable":true,"href":"https:\/\/lavozdehellin.com\/noticias\/wp-json\/wp\/v2\/tags?post=102459"}],"curies":[{"name":"wp","href":"https:\/\/api.w.org\/{rel}","templated":true}]}}