{"id":102460,"date":"2018-09-17T15:35:42","date_gmt":"2018-09-17T15:35:42","guid":{"rendered":"https:\/\/lavozdehellin.com\/noticias\/v01-039-alberto-lopez-se-enfunda-el-maillot-de-lider-del-circuito-provincial-btt\/"},"modified":"2024-01-04T14:08:47","modified_gmt":"2024-01-04T14:08:47","slug":"v01-039-alberto-lopez-se-enfunda-el-maillot-de-lider-del-circuito-provincial-btt","status":"publish","type":"post","link":"https:\/\/lavozdehellin.com\/noticias\/v01-039-alberto-lopez-se-enfunda-el-maillot-de-lider-del-circuito-provincial-btt\/","title":{"rendered":"LVH NOTICIAS | ALBERTO L\u00d3PEZ SE ENFUNDA EL MAILLOT DE L\u00cdDER DEL CIRCUITO PROVINCIAL BTT"},"content":{"rendered":"<p style=\"text-align: justify;\">El pasado domingo Fuente\u2013\u00c1lamo vivi\u00f3 una nueva y apasionante prueba del Circuito Provincial BTT, la vig\u00e9simo novena del 2018. Trescientos cuarenta fueron los corredores que se dieron cita en el arco de salida para volver a disfrutar de otra prueba BTT m\u00e1s. Alberto L\u00f3pez (BICIS EL HELLINERO\u2013ACECHO) y Desir\u00e9e Moya (MANZANARES\u2013BERRIA RACING TEAM) se alzar\u00edan con respectivas victorias en esta localidad.<\/p>\n<p><!--more--><br \/>\n<!--publicidad-voz01--><a href=\"https:\/\/www.facebook.com\/SoloRadioHellin\/?locale=es_ES\"><img decoding=\"async\" class=\"alignnone size-medium\" src=\"https:\/\/blogger.googleusercontent.com\/img\/b\/R29vZ2xl\/AVvXsEiNncirNnyGedv00mhjZjh5Wl4_YPdJGanoAl8tL8zH-HwqE8uHqjEfSt340RHdx-9tuCSIkZ8rFamZiGyYlgDGxCsmXjCH_1xk5eYM3ntFZRvJP_jndOKR7w1UAo9Tu0vrZyOLfqRpHIxYI5SymJJ-pfGCQw6QVpggBH-UgfjiFQ2JOxqxG0Jx94kW83c\/s1600\/logo-principal.jpg\" width=\"100%\" height=\"100\" \/><\/a><!--bestpublic-voz01--><!--desk-in-out-voz01--><br \/>\n<!--publicidad-voz02--><a href=\"https:\/\/www.hellincf.com\/\"><img decoding=\"async\" class=\"alignnone size-medium\" src=\"https:\/\/blogger.googleusercontent.com\/img\/b\/R29vZ2xl\/AVvXsEhuZ4-XfBVj3UtdP8-RZugy3WVrg-Zv28c53m4oV47qYCxL1rX_dqWX_YddsGSnpH5SRDqZ7bZeKPIfDVCDncpjVlhy3aQs2vojcJBn7Gdv9hC2_Nzct_pRFrnFE1a7KTCdY1bT_kAgnY3-iadRZrGeJf1fR2P5fu11bokx0pWjaypoy-ctwCjklldpEbA\/s1600\/logo-principal7.jpg\" width=\"100%\" height=\"100\" \/><\/a><!--bestpublic-voz02--><!--desk-in-out-voz02--><\/p>\n<p style=\"text-align: justify;\">Pese al protagonismo de la niebla en las primeras horas del d\u00eda, a las 09:30 horas y con temperaturas muy buenas para la pr\u00e1ctica del ciclismo, se produjo el protocolario pistoletazo de salida para esta esperada prueba.<\/p>\n<p style=\"text-align: justify;\">Los primeros kil\u00f3metros se rodar\u00edan en pelot\u00f3n y no ser\u00eda hasta la primera subida cuando se crear\u00edan los grupos de corredores, eso s\u00ed, con pocas diferencias entre ellos. En el kil\u00f3metro 5, en una subida muy exigente, la cabeza del pelot\u00f3n conseguir\u00eda rodar agrupada, donde Alberto L\u00f3pez, Yago Sardina (MANZANARES\u2013BERRIA RAZING TEAM) y Aitor Escobar ya con una ligera ventaja delante de todos. En el paso por el kil\u00f3metro 15, las diferencias ya ser\u00edan mayores entre estos tres corredores y el grupo perseguidor formado por Santiago Madrona y Jos\u00e9 Luis Pastor (IGM\u2013EUROCICLO), Rafael Jordan (C.C. BICISTORE VALENCIA), Pedro Jes\u00fas Rodr\u00edguez (INGETEAM RUMBO BTT) y Juan Moreno (GOBIK LOS BRONCES RACING TEAM). Por detr\u00e1s, ir\u00edan muy seguidos Enrique Tendero (BICIS EL HELLINERO\u2013ACECHO), V\u00edctor Garc\u00eda (MTB MADRIGUERAS) y Juan Moya (MANZANARES\u2013BERRIA RACING TEAM). El paso por el kil\u00f3metro 25 no hizo grandes variaciones y no ser\u00eda hasta la m\u00e1s exigente de todas las subidas donde, Aitor Escobar sufrir\u00eda problemas mec\u00e1nicos que le har\u00edan perder muchas posiciones, as\u00ed como toda posibilidad de lucha por la victoria. Por lo tanto todo se decidir\u00eda entre los campeones de las dos \u00faltimas ediciones del circuito, Alberto L\u00f3pez sufrir\u00eda una ca\u00edda pero se recuperar\u00eda r\u00e1pidamente para volver a alcanzar a Yago, en un sprint final en la l\u00ednea de meta, Alberto se impondr\u00eda al vigente campe\u00f3n del circuito. Finalmente, ser\u00eda Pedro Jes\u00fas Rodr\u00edguez qui\u00e9n ocupar\u00eda el tercer caj\u00f3n del p\u00f3dium masculino imponi\u00e9ndose a Santiago Madrona en la l\u00ednea de meta. Algunos corredores tambi\u00e9n sufrir\u00edan problemas mec\u00e1nicos que afectaron a sus clasificaciones, como son el caso de Enrique Tendero, Juan Moya y Jos\u00e9 Luis Pastor. Tras estos resultados, Alberto L\u00f3pez es el nuevo l\u00edder del Circuito Provincial BTT Diputaci\u00f3n de Albacete.<\/p>\n<p style=\"text-align: justify;\">En la categor\u00eda femenina las diferencias aparecieron tras los primeros 15 kil\u00f3metros donde Desir\u00e9e Moya logr\u00f3 distanciarse de su perseguidora A\u00edda Mil\u00e1n (INGETEAM RUMBO BTT), quien rod\u00f3 c\u00f3modamente en segunda plaza durante el resto del recorrido. Por detr\u00e1s, Almudena Jim\u00e9nez (ARTE BICIS C.C.) se har\u00eda con el tercer puesto, mientras que Alfonsi Villar (FERRO ICE\u2013CONTRALLANO BTT) ser\u00eda cuarta. A\u00edda Mil\u00e1n sigue manteniendo en su poder el maillot de l\u00edder del circuito femenino.<\/p>\n<p style=\"text-align: justify;\">En el recorrido alternativo, imponentes victorias para Francisco Mancebo en la categor\u00eda S\u00e9nior, Pedro L\u00f3pez (MANZANARES\u2013BERRIA RACING TEAM) y Mar\u00eda Cuesta para las Categor\u00edas Junior masculina y femenina respectivamente.<\/p>\n<p style=\"text-align: justify;\">La semana que viene le tocar\u00e1 el turno a Casas Ib\u00e1\u00f1ez, todo una veterana dentro del Circuito Provincial, que ofrecer\u00e1 un recorrido atractivo y que volver\u00e1 a hacer las delicias de los bikers de la provincia de Albacete.<\/p>\n<p><!--publicidad-voz03--><a href=\"https:\/\/www.facebook.com\/profile.php?id=100063593791305&amp;locale=es_ES\"><img decoding=\"async\" class=\"alignnone size-medium\" src=\"https:\/\/blogger.googleusercontent.com\/img\/b\/R29vZ2xl\/AVvXsEi8_n_ll8UOcGxCqzFvb_9Io4ICczlGC990BPtPj2w9Px-u7B3oqWUW5vtjZUqPNJ-nyjiUIorE0ATsib_l5tV8BVN-UJ03RTnU__IHJF_4DgDBtY4LIqXNG-FomrO-7ywes20CBCRM2Hcm7EJSh3UUw1dO-c_uTflUrtgY1i7uBRezj_DpympmEFkfbQY\/s1600\/logo-principal2.jpg\" width=\"100%\" height=\"100\" \/><\/a><!--bestpublic-voz03--><!--desk-in-out-voz03--><br \/>\n<!--publicidad-voz04--><a href=\"https:\/\/www.facebook.com\/profile.php?id=61557370768692&amp;locale=es_ES\"><img decoding=\"async\" class=\"alignnone size-medium\" src=\"https:\/\/blogger.googleusercontent.com\/img\/b\/R29vZ2xl\/AVvXsEgy5RdcfffrnrItnYTcV9bCJjgJwldsQLWssfVfrLbyfXeBNTFKgBf0rMIvhrUaGUhiXzVr9_eQgCbi-j63ZDpfTvLIty9w7s140y-m1yHe7eKmEK7v2NAHUJDVYGdfeiQFeRCqUjdwWmN1MX_AUxxz4IVdJ4WIM0APxit8bjWkXzrnEFGqBvW_1F13H1g\/s1600\/logo-principal5.jpg\" width=\"100%\" height=\"100\" \/><\/a><!--bestpublic-voz04--><!--desk-in-out-voz04--><br \/>\n<!--publicidad-voz05--><a href=\"https:\/\/www.facebook.com\/asociaciontamborileroshellin?locale=es_ES\"><img decoding=\"async\" class=\"alignnone size-medium\" src=\"https:\/\/blogger.googleusercontent.com\/img\/b\/R29vZ2xl\/AVvXsEhHEEpZsKK1VpwiYMrS7aE2ujtqIDZoLd4B5wtbiseSU9s2HdTdQfhF84So2XwEB1fv0BLw95GADm6hUl1bkKtzh-eIgVigXONuu_5RxeIMPhjk8q6uNX4EaEHbooKkbu7pCADWPpVJjhKIH5NQSJpWqedC-YBez4QAQeJYokkLot9bhrIaUAeztsGis6M\/s1600\/logo-principal3.jpg\" width=\"100%\" height=\"100\" \/><\/a><!--bestpublic-voz05--><!--desk-in-out-voz05--><br \/>\n<!--publicidad-voz06--><!--bestpublic-voz06--><!--desk-in-out-voz06--><br \/>\n<!--publicidad-voz07--><!--bestpublic-voz07--><!--desk-in-out-voz07--><br \/>\n<!--publicidad-voz08--><!--bestpublic-voz08--><!--desk-in-out-voz08--><br \/>\n<!--publicidad-voz09--><!--bestpublic-voz09--><!--desk-in-out-voz09--><br \/>\n<!--publicidad-voz10--><!--bestpublic-voz10--><!--desk-in-out-voz10--><br \/>\n<!--publicidad-voz11--><!--bestpublic-voz11--><!--desk-in-out-voz11--><br \/>\n<!--publicidad-voz12--><!--bestpublic-voz12--><!--desk-in-out-voz12--><br \/>\n<!--publicidad-voz13--><!--bestpublic-voz13--><!--desk-in-out-voz13--><br \/>\n<!--publicidad-voz14--><!--bestpublic-voz14--><!--desk-in-out-voz14--><br \/>\n<!--publicidad-voz15--><!--bestpublic-voz15--><!--desk-in-out-voz15--><br \/>\n<!--publicidad-voz16--><!--bestpublic-voz16--><!--desk-in-out-voz16--><\/p>\n","protected":false},"excerpt":{"rendered":"<p>ALBERTO L\u00d3PEZ SE ENFUNDA EL MAILLOT DE L\u00cdDER DEL CIRCUITO PROVINCIAL BTT<\/p>\n","protected":false},"author":2,"featured_media":90588,"comment_status":"closed","ping_status":"closed","sticky":false,"template":"","format":"standard","meta":{"footnotes":""},"categories":[723,718,715,716,717],"tags":[],"class_list":["post-102460","post","type-post","status-publish","format-standard","has-post-thumbnail","hentry","category-blog-lv005","category-blogger","category-la-voz-de-hellin","category-la-voz-de-hellin-la-voz-de-hellin","category-noticias"],"_links":{"self":[{"href":"https:\/\/lavozdehellin.com\/noticias\/wp-json\/wp\/v2\/posts\/102460","targetHints":{"allow":["GET"]}}],"collection":[{"href":"https:\/\/lavozdehellin.com\/noticias\/wp-json\/wp\/v2\/posts"}],"about":[{"href":"https:\/\/lavozdehellin.com\/noticias\/wp-json\/wp\/v2\/types\/post"}],"author":[{"embeddable":true,"href":"https:\/\/lavozdehellin.com\/noticias\/wp-json\/wp\/v2\/users\/2"}],"replies":[{"embeddable":true,"href":"https:\/\/lavozdehellin.com\/noticias\/wp-json\/wp\/v2\/comments?post=102460"}],"version-history":[{"count":0,"href":"https:\/\/lavozdehellin.com\/noticias\/wp-json\/wp\/v2\/posts\/102460\/revisions"}],"wp:featuredmedia":[{"embeddable":true,"href":"https:\/\/lavozdehellin.com\/noticias\/wp-json\/wp\/v2\/media\/90588"}],"wp:attachment":[{"href":"https:\/\/lavozdehellin.com\/noticias\/wp-json\/wp\/v2\/media?parent=102460"}],"wp:term":[{"taxonomy":"category","embeddable":true,"href":"https:\/\/lavozdehellin.com\/noticias\/wp-json\/wp\/v2\/categories?post=102460"},{"taxonomy":"post_tag","embeddable":true,"href":"https:\/\/lavozdehellin.com\/noticias\/wp-json\/wp\/v2\/tags?post=102460"}],"curies":[{"name":"wp","href":"https:\/\/api.w.org\/{rel}","templated":true}]}}