{"id":102462,"date":"2018-09-15T00:41:21","date_gmt":"2018-09-15T00:41:21","guid":{"rendered":"https:\/\/lavozdehellin.com\/noticias\/v01-041-fuente-alamo-nueva-parada-del-circuito-provincial-btt-diputacion-de-albacete\/"},"modified":"2024-01-04T14:08:47","modified_gmt":"2024-01-04T14:08:47","slug":"v01-041-fuente-alamo-nueva-parada-del-circuito-provincial-btt-diputacion-de-albacete","status":"publish","type":"post","link":"https:\/\/lavozdehellin.com\/noticias\/v01-041-fuente-alamo-nueva-parada-del-circuito-provincial-btt-diputacion-de-albacete\/","title":{"rendered":"LVH NOTICIAS | FUENTE \u00c1LAMO, NUEVA PARADA DEL CIRCUITO PROVINCIAL BTT DIPUTACI\u00d3N DE ALBACETE"},"content":{"rendered":"<p style=\"text-align: justify;\">El Circuito Provincial continua otro fin de semana rodando por los diferentes municipios, en esta ocasi\u00f3n y coincidiendo con la feria de la capital, es el turno de Fuente \u00c1lamo. Desde este momento y hasta el pr\u00f3ximo 25 de noviembre, fecha que se disputar\u00e1 en Albacete la \u00faltima prueba de esta decimosegunda edici\u00f3n, el circuito no dar\u00e1 tregua, y las bicicletas todo terreno rodar\u00e1n cada domingo a lo largo y ancho de nuestra geograf\u00eda provincial.<\/p>\n<p><!--more--><br \/>\n<!--publicidad-voz01--><a href=\"https:\/\/www.facebook.com\/SoloRadioHellin\/?locale=es_ES\"><img decoding=\"async\" class=\"alignnone size-medium\" src=\"https:\/\/blogger.googleusercontent.com\/img\/b\/R29vZ2xl\/AVvXsEiNncirNnyGedv00mhjZjh5Wl4_YPdJGanoAl8tL8zH-HwqE8uHqjEfSt340RHdx-9tuCSIkZ8rFamZiGyYlgDGxCsmXjCH_1xk5eYM3ntFZRvJP_jndOKR7w1UAo9Tu0vrZyOLfqRpHIxYI5SymJJ-pfGCQw6QVpggBH-UgfjiFQ2JOxqxG0Jx94kW83c\/s1600\/logo-principal.jpg\" width=\"100%\" height=\"100\" \/><\/a><!--bestpublic-voz01--><!--desk-in-out-voz01--><br \/>\n<!--publicidad-voz02--><a href=\"https:\/\/www.hellincf.com\/\"><img decoding=\"async\" class=\"alignnone size-medium\" src=\"https:\/\/blogger.googleusercontent.com\/img\/b\/R29vZ2xl\/AVvXsEhuZ4-XfBVj3UtdP8-RZugy3WVrg-Zv28c53m4oV47qYCxL1rX_dqWX_YddsGSnpH5SRDqZ7bZeKPIfDVCDncpjVlhy3aQs2vojcJBn7Gdv9hC2_Nzct_pRFrnFE1a7KTCdY1bT_kAgnY3-iadRZrGeJf1fR2P5fu11bokx0pWjaypoy-ctwCjklldpEbA\/s1600\/logo-principal7.jpg\" width=\"100%\" height=\"100\" \/><\/a><!--bestpublic-voz02--><!--desk-in-out-voz02--><\/p>\n<p style=\"text-align: justify;\">Nos adentramos por tanto, en el tramo m\u00e1s emocionante del a\u00f1o, con Jos\u00e9 Luis Pastor (IGM\u2013EUROCICLO) y A\u00edda Mil\u00e1n (INGETEAM RUMBO BTT) en lo m\u00e1s alto de sus respectivas clasificaciones. Quedando a\u00fan muchas pruebas y muchos kil\u00f3metros por recorrer antes de que descubramos a los ganadores finales del XII Circuito Provincial BTT Diputaci\u00f3n de Albacete.<\/p>\n<p style=\"text-align: justify;\">Sin ir m\u00e1s lejos, este domingo, tienen por delante una prueba compuesta por 40,4 kil\u00f3metros, y bajo un perfil rompepiernas con continuas subidas y bajadas, que dar\u00e1n poco respiro a los 336 participantes que se dar\u00e1n cita a las 9:30 horas para tomar parte en esta multitudinaria jornada de BTT. La participaci\u00f3n femenina llega a 20 participantes. En el caso del recorrido alternativo (corto) ser\u00e1n 36 los participantes de esta modalidad.<\/p>\n<p style=\"text-align: justify;\">Respecto a la prueba de este domingo, adem\u00e1s de cantidad, contaremos con calidad, ya que en la l\u00ednea de salida no solo encontraremos, a los anteriormente mencionados, y \u00a0actuales l\u00edderes del circuito, sino que\u00a0 estar\u00e1n presentes otros grandes corredores como son, en categor\u00eda masculina, Alberto L\u00f3pez y Enrique Tendero (BICIS EL HELLINERO\u2013ACECHO), Pedro Jes\u00fas Rodr\u00edguez (INGETEAM RUMBO BTT), Juan Moreno (GOBIK LOS BRONCES RACING TEAM); adem\u00e1s vuelve a participar una prueba del Circuito Provincial de Albacete el ganador del circuito el a\u00f1o pasado, Yago Sardina (MANZANARES\u2013BERRIA RACING TEAM)<\/p>\n<p style=\"text-align: justify;\">En categor\u00eda femenina, parte como favorita la actual l\u00edder, quien viene demostrando su gran estado de forma prueba tras pruebas con sus muy buenos resultados. No obstante, se encontrar\u00e1 con la competencia en las piernas de otras grandes corredoras del circuito como son Alfonsi Villar (FERRO ICE\u2013CONTRALLANO BTT), Almudena Jim\u00e9nez (ARTE BICIS C.C.), Mar\u00eda \u00c1ngeles Alegre y Maxi T\u00e1rraga (DEPOR BIKE SPORTECNIC CLUB CICLISTA), etc.<\/p>\n<p style=\"text-align: justify;\">Del mismo modo y como viene siendo habitual, se podr\u00e1 participar en el recorrido corto para aquellos que est\u00e9n empezando en este deporte, y que estar\u00e1 compuesta en esta ocasi\u00f3n de 23,1 kil\u00f3metros.<br \/>\nUna vez finalizada la prueba, los ciclistas m\u00e1s r\u00e1pidos en cada una de sus categor\u00edas recibir\u00e1n su merecido trofeo, as\u00ed como los primeros clasificados en el recorrido alternativo.<\/p>\n<p style=\"text-align: justify;\">Toda la informaci\u00f3n referente a esta prueba y al Circuito Provincial la pueden encontrar en www.circuitobtt.com.<\/p>\n<p><!--publicidad-voz03--><a href=\"https:\/\/www.facebook.com\/profile.php?id=100063593791305&amp;locale=es_ES\"><img decoding=\"async\" class=\"alignnone size-medium\" src=\"https:\/\/blogger.googleusercontent.com\/img\/b\/R29vZ2xl\/AVvXsEi8_n_ll8UOcGxCqzFvb_9Io4ICczlGC990BPtPj2w9Px-u7B3oqWUW5vtjZUqPNJ-nyjiUIorE0ATsib_l5tV8BVN-UJ03RTnU__IHJF_4DgDBtY4LIqXNG-FomrO-7ywes20CBCRM2Hcm7EJSh3UUw1dO-c_uTflUrtgY1i7uBRezj_DpympmEFkfbQY\/s1600\/logo-principal2.jpg\" width=\"100%\" height=\"100\" \/><\/a><!--bestpublic-voz03--><!--desk-in-out-voz03--><br \/>\n<!--publicidad-voz04--><a href=\"https:\/\/www.facebook.com\/profile.php?id=61557370768692&amp;locale=es_ES\"><img decoding=\"async\" class=\"alignnone size-medium\" src=\"https:\/\/blogger.googleusercontent.com\/img\/b\/R29vZ2xl\/AVvXsEgy5RdcfffrnrItnYTcV9bCJjgJwldsQLWssfVfrLbyfXeBNTFKgBf0rMIvhrUaGUhiXzVr9_eQgCbi-j63ZDpfTvLIty9w7s140y-m1yHe7eKmEK7v2NAHUJDVYGdfeiQFeRCqUjdwWmN1MX_AUxxz4IVdJ4WIM0APxit8bjWkXzrnEFGqBvW_1F13H1g\/s1600\/logo-principal5.jpg\" width=\"100%\" height=\"100\" \/><\/a><!--bestpublic-voz04--><!--desk-in-out-voz04--><br \/>\n<!--publicidad-voz05--><a href=\"https:\/\/www.facebook.com\/asociaciontamborileroshellin?locale=es_ES\"><img decoding=\"async\" class=\"alignnone size-medium\" src=\"https:\/\/blogger.googleusercontent.com\/img\/b\/R29vZ2xl\/AVvXsEhHEEpZsKK1VpwiYMrS7aE2ujtqIDZoLd4B5wtbiseSU9s2HdTdQfhF84So2XwEB1fv0BLw95GADm6hUl1bkKtzh-eIgVigXONuu_5RxeIMPhjk8q6uNX4EaEHbooKkbu7pCADWPpVJjhKIH5NQSJpWqedC-YBez4QAQeJYokkLot9bhrIaUAeztsGis6M\/s1600\/logo-principal3.jpg\" width=\"100%\" height=\"100\" \/><\/a><!--bestpublic-voz05--><!--desk-in-out-voz05--><br \/>\n<!--publicidad-voz06--><!--bestpublic-voz06--><!--desk-in-out-voz06--><br \/>\n<!--publicidad-voz07--><!--bestpublic-voz07--><!--desk-in-out-voz07--><br \/>\n<!--publicidad-voz08--><!--bestpublic-voz08--><!--desk-in-out-voz08--><br \/>\n<!--publicidad-voz09--><!--bestpublic-voz09--><!--desk-in-out-voz09--><br \/>\n<!--publicidad-voz10--><!--bestpublic-voz10--><!--desk-in-out-voz10--><br \/>\n<!--publicidad-voz11--><!--bestpublic-voz11--><!--desk-in-out-voz11--><br \/>\n<!--publicidad-voz12--><!--bestpublic-voz12--><!--desk-in-out-voz12--><br \/>\n<!--publicidad-voz13--><!--bestpublic-voz13--><!--desk-in-out-voz13--><br \/>\n<!--publicidad-voz14--><!--bestpublic-voz14--><!--desk-in-out-voz14--><br \/>\n<!--publicidad-voz15--><!--bestpublic-voz15--><!--desk-in-out-voz15--><br \/>\n<!--publicidad-voz16--><!--bestpublic-voz16--><!--desk-in-out-voz16--><\/p>\n","protected":false},"excerpt":{"rendered":"<p>FUENTE \u00c1LAMO, NUEVA PARADA DEL CIRCUITO PROVINCIAL BTT DIPUTACI\u00d3N DE ALBACETE<\/p>\n","protected":false},"author":2,"featured_media":90583,"comment_status":"closed","ping_status":"closed","sticky":false,"template":"","format":"standard","meta":{"footnotes":""},"categories":[723,718,715,716,717],"tags":[],"class_list":["post-102462","post","type-post","status-publish","format-standard","has-post-thumbnail","hentry","category-blog-lv005","category-blogger","category-la-voz-de-hellin","category-la-voz-de-hellin-la-voz-de-hellin","category-noticias"],"_links":{"self":[{"href":"https:\/\/lavozdehellin.com\/noticias\/wp-json\/wp\/v2\/posts\/102462","targetHints":{"allow":["GET"]}}],"collection":[{"href":"https:\/\/lavozdehellin.com\/noticias\/wp-json\/wp\/v2\/posts"}],"about":[{"href":"https:\/\/lavozdehellin.com\/noticias\/wp-json\/wp\/v2\/types\/post"}],"author":[{"embeddable":true,"href":"https:\/\/lavozdehellin.com\/noticias\/wp-json\/wp\/v2\/users\/2"}],"replies":[{"embeddable":true,"href":"https:\/\/lavozdehellin.com\/noticias\/wp-json\/wp\/v2\/comments?post=102462"}],"version-history":[{"count":0,"href":"https:\/\/lavozdehellin.com\/noticias\/wp-json\/wp\/v2\/posts\/102462\/revisions"}],"wp:featuredmedia":[{"embeddable":true,"href":"https:\/\/lavozdehellin.com\/noticias\/wp-json\/wp\/v2\/media\/90583"}],"wp:attachment":[{"href":"https:\/\/lavozdehellin.com\/noticias\/wp-json\/wp\/v2\/media?parent=102462"}],"wp:term":[{"taxonomy":"category","embeddable":true,"href":"https:\/\/lavozdehellin.com\/noticias\/wp-json\/wp\/v2\/categories?post=102462"},{"taxonomy":"post_tag","embeddable":true,"href":"https:\/\/lavozdehellin.com\/noticias\/wp-json\/wp\/v2\/tags?post=102462"}],"curies":[{"name":"wp","href":"https:\/\/api.w.org\/{rel}","templated":true}]}}