{"id":102463,"date":"2018-09-14T12:37:06","date_gmt":"2018-09-14T12:37:06","guid":{"rendered":"https:\/\/lavozdehellin.com\/noticias\/v01-042-ciudadanos-pide-al-ministro-de-fomento-que-todos-los-trenes-de-la-linea-madrid-murcia-paren-en-hellin\/"},"modified":"2024-01-04T14:08:47","modified_gmt":"2024-01-04T14:08:47","slug":"v01-042-ciudadanos-pide-al-ministro-de-fomento-que-todos-los-trenes-de-la-linea-madrid-murcia-paren-en-hellin","status":"publish","type":"post","link":"https:\/\/lavozdehellin.com\/noticias\/v01-042-ciudadanos-pide-al-ministro-de-fomento-que-todos-los-trenes-de-la-linea-madrid-murcia-paren-en-hellin\/","title":{"rendered":"LVH NOTICIAS | CIUDADANOS PIDE AL MINISTRO DE FOMENTO QUE TODOS LOS TRENES DE LA LINEA MADRID-MURCIA PAREN EN HELL\u00cdN."},"content":{"rendered":"<p style=\"text-align: justify;\">La portavoz municipal del partido naranja considera que esta localidad necesita para su desarrollo un ferrocarril en igualdad de condiciones con ciudades de su entorno.<\/p>\n<p><!--more--><br \/>\n<!--publicidad-voz01--><a href=\"https:\/\/www.facebook.com\/SoloRadioHellin\/?locale=es_ES\"><img decoding=\"async\" class=\"alignnone size-medium\" src=\"https:\/\/blogger.googleusercontent.com\/img\/b\/R29vZ2xl\/AVvXsEiNncirNnyGedv00mhjZjh5Wl4_YPdJGanoAl8tL8zH-HwqE8uHqjEfSt340RHdx-9tuCSIkZ8rFamZiGyYlgDGxCsmXjCH_1xk5eYM3ntFZRvJP_jndOKR7w1UAo9Tu0vrZyOLfqRpHIxYI5SymJJ-pfGCQw6QVpggBH-UgfjiFQ2JOxqxG0Jx94kW83c\/s1600\/logo-principal.jpg\" width=\"100%\" height=\"100\" \/><\/a><!--bestpublic-voz01--><!--desk-in-out-voz01--><br \/>\n<!--publicidad-voz02--><a href=\"https:\/\/www.hellincf.com\/\"><img decoding=\"async\" class=\"alignnone size-medium\" src=\"https:\/\/blogger.googleusercontent.com\/img\/b\/R29vZ2xl\/AVvXsEhuZ4-XfBVj3UtdP8-RZugy3WVrg-Zv28c53m4oV47qYCxL1rX_dqWX_YddsGSnpH5SRDqZ7bZeKPIfDVCDncpjVlhy3aQs2vojcJBn7Gdv9hC2_Nzct_pRFrnFE1a7KTCdY1bT_kAgnY3-iadRZrGeJf1fR2P5fu11bokx0pWjaypoy-ctwCjklldpEbA\/s1600\/logo-principal7.jpg\" width=\"100%\" height=\"100\" \/><\/a><!--bestpublic-voz02--><!--desk-in-out-voz02--><\/p>\n<p style=\"text-align: justify;\">La portavoz de Ciudadanos en el Ayuntamiento de Hell\u00edn, Mar\u00eda Jes\u00fas L\u00f3pez Iniesta, ha reclamado al ministro de Fomento que todos los trenes de la pr\u00f3xima l\u00ednea Madrid-Murcia hagan parada en Hell\u00edn. La petici\u00f3n del partido naranja se ha producido como reacci\u00f3n al anuncio del Gobierno de la inminente puesta en marcha de este nuevo enlace, que utilizar\u00e1 parcialmente la v\u00eda de alta velocidad. Los lunes un Talgo realizar\u00e1 el trayecto Cartagena-Madrid por la ma\u00f1ana, retornando por la tarde y reduciendo el trayecto en una hora. Seg\u00fan ha detallado la portavoz de Ciudadanos, se har\u00e1 el trayecto entre Madrid y Murcia en 3 horas y 30 minutos pasando por las estaciones de Las Minas y Calasparra por el trazado convencional, bordeando el embalse de Camarillas sin usar la Variante de Camarillas. Cuando la variante est\u00e9 terminada el trayecto se realizar\u00e1 en 3 horas.<\/p>\n<p style=\"text-align: justify;\">La concejal ha remarcado que \u201ceste anuncio demuestra que la no existencia de la variante era una excusa y durante todo este tiempo se ha mantenido a Murcia y a Hell\u00edn una hora m\u00e1s lejos de Madrid con el \u00fanico objetivo de apostar por el AVE para Murcia por Alicante\u201d. El tren h\u00edbrido estaba previsto que entrase en funcionamiento en 2012 con la Variante de Camarillas terminada. \u201cNo existe ning\u00fan motivo t\u00e9cnico para que el Talgo S-730 no pare en Hell\u00edn. Si la decisi\u00f3n de realizar un nuevo enlace entre Murcia y Madrid se ha tomado en pocas semanas, reduciendo con ello el coste en tiempo del viaje a Madrid para la ciudadan\u00eda de Murcia, debe ser posible tomar la decisi\u00f3n de que todos los trenes que ya pasan por Hell\u00edn paren en Hell\u00edn\u201d, ha afirmado L\u00f3pez Iniesta, reclamando que \u201cHell\u00edn necesita para su desarrollo un tren en igualdad de condiciones con ciudades de su entorno. Hell\u00edn no debe ser discriminado\u201d.<\/p>\n<p><!--publicidad-voz03--><a href=\"https:\/\/www.facebook.com\/profile.php?id=100063593791305&amp;locale=es_ES\"><img decoding=\"async\" class=\"alignnone size-medium\" src=\"https:\/\/blogger.googleusercontent.com\/img\/b\/R29vZ2xl\/AVvXsEi8_n_ll8UOcGxCqzFvb_9Io4ICczlGC990BPtPj2w9Px-u7B3oqWUW5vtjZUqPNJ-nyjiUIorE0ATsib_l5tV8BVN-UJ03RTnU__IHJF_4DgDBtY4LIqXNG-FomrO-7ywes20CBCRM2Hcm7EJSh3UUw1dO-c_uTflUrtgY1i7uBRezj_DpympmEFkfbQY\/s1600\/logo-principal2.jpg\" width=\"100%\" height=\"100\" \/><\/a><!--bestpublic-voz03--><!--desk-in-out-voz03--><br \/>\n<!--publicidad-voz04--><a href=\"https:\/\/www.facebook.com\/profile.php?id=61557370768692&amp;locale=es_ES\"><img decoding=\"async\" class=\"alignnone size-medium\" src=\"https:\/\/blogger.googleusercontent.com\/img\/b\/R29vZ2xl\/AVvXsEgy5RdcfffrnrItnYTcV9bCJjgJwldsQLWssfVfrLbyfXeBNTFKgBf0rMIvhrUaGUhiXzVr9_eQgCbi-j63ZDpfTvLIty9w7s140y-m1yHe7eKmEK7v2NAHUJDVYGdfeiQFeRCqUjdwWmN1MX_AUxxz4IVdJ4WIM0APxit8bjWkXzrnEFGqBvW_1F13H1g\/s1600\/logo-principal5.jpg\" width=\"100%\" height=\"100\" \/><\/a><!--bestpublic-voz04--><!--desk-in-out-voz04--><br \/>\n<!--publicidad-voz05--><a href=\"https:\/\/www.facebook.com\/asociaciontamborileroshellin?locale=es_ES\"><img decoding=\"async\" class=\"alignnone size-medium\" src=\"https:\/\/blogger.googleusercontent.com\/img\/b\/R29vZ2xl\/AVvXsEhHEEpZsKK1VpwiYMrS7aE2ujtqIDZoLd4B5wtbiseSU9s2HdTdQfhF84So2XwEB1fv0BLw95GADm6hUl1bkKtzh-eIgVigXONuu_5RxeIMPhjk8q6uNX4EaEHbooKkbu7pCADWPpVJjhKIH5NQSJpWqedC-YBez4QAQeJYokkLot9bhrIaUAeztsGis6M\/s1600\/logo-principal3.jpg\" width=\"100%\" height=\"100\" \/><\/a><!--bestpublic-voz05--><!--desk-in-out-voz05--><br \/>\n<!--publicidad-voz06--><!--bestpublic-voz06--><!--desk-in-out-voz06--><br \/>\n<!--publicidad-voz07--><!--bestpublic-voz07--><!--desk-in-out-voz07--><br \/>\n<!--publicidad-voz08--><!--bestpublic-voz08--><!--desk-in-out-voz08--><br \/>\n<!--publicidad-voz09--><!--bestpublic-voz09--><!--desk-in-out-voz09--><br \/>\n<!--publicidad-voz10--><!--bestpublic-voz10--><!--desk-in-out-voz10--><br \/>\n<!--publicidad-voz11--><!--bestpublic-voz11--><!--desk-in-out-voz11--><br \/>\n<!--publicidad-voz12--><!--bestpublic-voz12--><!--desk-in-out-voz12--><br \/>\n<!--publicidad-voz13--><!--bestpublic-voz13--><!--desk-in-out-voz13--><br \/>\n<!--publicidad-voz14--><!--bestpublic-voz14--><!--desk-in-out-voz14--><br \/>\n<!--publicidad-voz15--><!--bestpublic-voz15--><!--desk-in-out-voz15--><br \/>\n<!--publicidad-voz16--><!--bestpublic-voz16--><!--desk-in-out-voz16--><\/p>\n","protected":false},"excerpt":{"rendered":"<p>CIUDADANOS PIDE AL MINISTRO DE FOMENTO QUE TODOS LOS TRENES DE LA LINEA MADRID-MURCIA PAREN EN HELL\u00cdN.<\/p>\n","protected":false},"author":2,"featured_media":90581,"comment_status":"closed","ping_status":"closed","sticky":false,"template":"","format":"standard","meta":{"footnotes":""},"categories":[723,718,715,716,717],"tags":[],"class_list":["post-102463","post","type-post","status-publish","format-standard","has-post-thumbnail","hentry","category-blog-lv005","category-blogger","category-la-voz-de-hellin","category-la-voz-de-hellin-la-voz-de-hellin","category-noticias"],"_links":{"self":[{"href":"https:\/\/lavozdehellin.com\/noticias\/wp-json\/wp\/v2\/posts\/102463","targetHints":{"allow":["GET"]}}],"collection":[{"href":"https:\/\/lavozdehellin.com\/noticias\/wp-json\/wp\/v2\/posts"}],"about":[{"href":"https:\/\/lavozdehellin.com\/noticias\/wp-json\/wp\/v2\/types\/post"}],"author":[{"embeddable":true,"href":"https:\/\/lavozdehellin.com\/noticias\/wp-json\/wp\/v2\/users\/2"}],"replies":[{"embeddable":true,"href":"https:\/\/lavozdehellin.com\/noticias\/wp-json\/wp\/v2\/comments?post=102463"}],"version-history":[{"count":0,"href":"https:\/\/lavozdehellin.com\/noticias\/wp-json\/wp\/v2\/posts\/102463\/revisions"}],"wp:featuredmedia":[{"embeddable":true,"href":"https:\/\/lavozdehellin.com\/noticias\/wp-json\/wp\/v2\/media\/90581"}],"wp:attachment":[{"href":"https:\/\/lavozdehellin.com\/noticias\/wp-json\/wp\/v2\/media?parent=102463"}],"wp:term":[{"taxonomy":"category","embeddable":true,"href":"https:\/\/lavozdehellin.com\/noticias\/wp-json\/wp\/v2\/categories?post=102463"},{"taxonomy":"post_tag","embeddable":true,"href":"https:\/\/lavozdehellin.com\/noticias\/wp-json\/wp\/v2\/tags?post=102463"}],"curies":[{"name":"wp","href":"https:\/\/api.w.org\/{rel}","templated":true}]}}