{"id":102464,"date":"2020-04-11T14:46:04","date_gmt":"2020-04-11T14:46:04","guid":{"rendered":"https:\/\/lavozdehellin.com\/noticias\/v01-043-la-ciudad-de-hellin-contabiliza-25-fallecidos-relacionados-con-el-covid-19-desde-el-inicio-del-brote\/"},"modified":"2024-01-04T14:03:52","modified_gmt":"2024-01-04T14:03:52","slug":"v01-043-la-ciudad-de-hellin-contabiliza-25-fallecidos-relacionados-con-el-covid-19-desde-el-inicio-del-brote","status":"publish","type":"post","link":"https:\/\/lavozdehellin.com\/noticias\/v01-043-la-ciudad-de-hellin-contabiliza-25-fallecidos-relacionados-con-el-covid-19-desde-el-inicio-del-brote\/","title":{"rendered":"LVH NOTICIAS | LA CIUDAD DE HELL\u00cdN CONTABILIZA 25 FALLECIDOS RELACIONADOS CON EL COVID-19 DESDE EL INICIO DEL BROTE"},"content":{"rendered":"<p style=\"text-align: justify;\">Ram\u00f3n Garc\u00eda, alcalde de Hell\u00edn, ha ofrecido los \u00faltimos datos de COVID-19 en comparecencia telem\u00e1tica que efect\u00faa semanalmente desde el ayuntamiento, desglosando datos intercomarcales del hospital y locales a trav\u00e9s de\u00a0 enterramientos.<\/p>\n<p><!--more--><br \/>\n<!--publicidad-voz01--><a href=\"https:\/\/www.facebook.com\/SoloRadioHellin\/?locale=es_ES\"><img decoding=\"async\" class=\"alignnone size-medium\" src=\"https:\/\/blogger.googleusercontent.com\/img\/b\/R29vZ2xl\/AVvXsEiNncirNnyGedv00mhjZjh5Wl4_YPdJGanoAl8tL8zH-HwqE8uHqjEfSt340RHdx-9tuCSIkZ8rFamZiGyYlgDGxCsmXjCH_1xk5eYM3ntFZRvJP_jndOKR7w1UAo9Tu0vrZyOLfqRpHIxYI5SymJJ-pfGCQw6QVpggBH-UgfjiFQ2JOxqxG0Jx94kW83c\/s1600\/logo-principal.jpg\" width=\"100%\" height=\"100\" \/><\/a><!--bestpublic-voz01--><!--desk-in-out-voz01--><br \/>\n<!--publicidad-voz02--><a href=\"https:\/\/www.hellincf.com\/\"><img decoding=\"async\" class=\"alignnone size-medium\" src=\"https:\/\/blogger.googleusercontent.com\/img\/b\/R29vZ2xl\/AVvXsEhuZ4-XfBVj3UtdP8-RZugy3WVrg-Zv28c53m4oV47qYCxL1rX_dqWX_YddsGSnpH5SRDqZ7bZeKPIfDVCDncpjVlhy3aQs2vojcJBn7Gdv9hC2_Nzct_pRFrnFE1a7KTCdY1bT_kAgnY3-iadRZrGeJf1fR2P5fu11bokx0pWjaypoy-ctwCjklldpEbA\/s1600\/logo-principal7.jpg\" width=\"100%\" height=\"100\" \/><\/a><!--bestpublic-voz02--><!--desk-in-out-voz02--><\/p>\n<p style=\"text-align: justify;\">El alcalde declaraba que \u00aba d\u00eda de hoy, y seg\u00fan datos de la Junta de Comunidades, ha habido en el \u00e1rea de influencia del hospital 204 casos positivos por COVID-19, de los que se han dado seis altas y se han contabilizado 15 fallecidos. En la actualidad, hay 145 en aislamiento (30 en residencias y 15 en sus domicilios), mientras que los 38 restantes est\u00e1n ingresados\u00bb. Tambi\u00e9n recordaba que son datos de los 70.000 habitantes que componen las comarcas de Campos de Hell\u00edn y Sierra del Segura y a los que da servicio el \u00c1rea Integrada de Hell\u00edn.<\/p>\n<p style=\"text-align: justify;\">Datos de fallecidos en Hell\u00edn<\/p>\n<p style=\"text-align: justify;\">Ram\u00f3n Garc\u00eda desvelaba ya a nivel local que \u00aben Hell\u00edn, y mientras pasamos esta Semana Santa tan at\u00edpica, desde el pasado 14 de marzo se han realizado 25 enterramientos de personas contagiadas o con un posible contagio. 20 est\u00e1n sin confirmar porque no se les pudo hacer la prueba, mientras que los otros cinco s\u00ed dieron positivo en COVID-19 y entran dentro de los quince fallecidos comarcales que se han confirmado con coronavirus\u00bb.<\/p>\n<p style=\"text-align: justify;\">El primer edil tambi\u00e9n a\u00f1ad\u00eda que 11 de estos fallecidos lo hicieron en el hospital de Hell\u00edn, 13 en residencias (seis provenientes de la residencia de Tobarra) y uno de ellos en su propio domicilio. Del total de los 25 fallecidos, 18 han sido enterrados en Hell\u00edn, tres en Isso y los otros cuatro han pasado por el crematorio.<\/p>\n<p style=\"text-align: justify;\">\u00abPor hacer una comparativa\u00bb, prosegu\u00eda Garc\u00eda, \u00aben lo que llevamos de a\u00f1o 2020, en enero fallecieron en Hell\u00edn 23 personas y en febrero 25. En marzo el n\u00famero ha subido a 29, de los que m\u00e1s o menos la mitad est\u00e1n relacionados posiblemente con el coronavirus\u00bb.<\/p>\n<p style=\"text-align: justify;\">\u00abTenemos una tendencia a la baja tanto en contagiados como en hospitalizados, un buen motivo para tener esperanza. El Hospital de Hell\u00edn, que cuenta actualmente con respiradores suficientes, ha sumado dos m\u00e1s que ha enviado el Gobierno regional de los que estuvieron retenidos en Turqu\u00eda. Todo el personal sanitario est\u00e1 haciendo un excelente trabajo as\u00ed como los voluntarios que est\u00e1n enviando material\u00bb remarcaba el alcalde.<\/p>\n<p style=\"text-align: justify;\">Tambi\u00e9n quiso transmitir el p\u00e9same a todos los que han perdido seres queridos por esta situaci\u00f3n. El luto oficial en Hell\u00edn, que terminaba ma\u00f1ana, se ampliar\u00e1 de forma paralela a la pr\u00f3rroga del estado de alarma a nivel nacional, seg\u00fan declaraba el propio Ram\u00f3n Garc\u00eda.<\/p>\n<p style=\"text-align: justify;\">Finalizaba la comparecencia haciendo menci\u00f3n al D\u00eda Mundial del P\u00e1rkinson, que se conmemora hoy, \u00aby que a pesar de que estamos pendientes del coronavirus pr\u00e1cticamente al cien por cien del tiempo, tenemos que hacer visible tambi\u00e9n estas otras enfermedades\u00bb.<\/p>\n<p><!--publicidad-voz03--><a href=\"https:\/\/www.facebook.com\/profile.php?id=100063593791305&amp;locale=es_ES\"><img decoding=\"async\" class=\"alignnone size-medium\" src=\"https:\/\/blogger.googleusercontent.com\/img\/b\/R29vZ2xl\/AVvXsEi8_n_ll8UOcGxCqzFvb_9Io4ICczlGC990BPtPj2w9Px-u7B3oqWUW5vtjZUqPNJ-nyjiUIorE0ATsib_l5tV8BVN-UJ03RTnU__IHJF_4DgDBtY4LIqXNG-FomrO-7ywes20CBCRM2Hcm7EJSh3UUw1dO-c_uTflUrtgY1i7uBRezj_DpympmEFkfbQY\/s1600\/logo-principal2.jpg\" width=\"100%\" height=\"100\" \/><\/a><!--bestpublic-voz03--><!--desk-in-out-voz03--><br \/>\n<!--publicidad-voz04--><a href=\"https:\/\/www.facebook.com\/profile.php?id=61557370768692&amp;locale=es_ES\"><img decoding=\"async\" class=\"alignnone size-medium\" src=\"https:\/\/blogger.googleusercontent.com\/img\/b\/R29vZ2xl\/AVvXsEgy5RdcfffrnrItnYTcV9bCJjgJwldsQLWssfVfrLbyfXeBNTFKgBf0rMIvhrUaGUhiXzVr9_eQgCbi-j63ZDpfTvLIty9w7s140y-m1yHe7eKmEK7v2NAHUJDVYGdfeiQFeRCqUjdwWmN1MX_AUxxz4IVdJ4WIM0APxit8bjWkXzrnEFGqBvW_1F13H1g\/s1600\/logo-principal5.jpg\" width=\"100%\" height=\"100\" \/><\/a><!--bestpublic-voz04--><!--desk-in-out-voz04--><br \/>\n<!--publicidad-voz05--><a href=\"https:\/\/www.facebook.com\/asociaciontamborileroshellin?locale=es_ES\"><img decoding=\"async\" class=\"alignnone size-medium\" src=\"https:\/\/blogger.googleusercontent.com\/img\/b\/R29vZ2xl\/AVvXsEhHEEpZsKK1VpwiYMrS7aE2ujtqIDZoLd4B5wtbiseSU9s2HdTdQfhF84So2XwEB1fv0BLw95GADm6hUl1bkKtzh-eIgVigXONuu_5RxeIMPhjk8q6uNX4EaEHbooKkbu7pCADWPpVJjhKIH5NQSJpWqedC-YBez4QAQeJYokkLot9bhrIaUAeztsGis6M\/s1600\/logo-principal3.jpg\" width=\"100%\" height=\"100\" \/><\/a><!--bestpublic-voz05--><!--desk-in-out-voz05--><br \/>\n<!--publicidad-voz06--><!--bestpublic-voz06--><!--desk-in-out-voz06--><br \/>\n<!--publicidad-voz07--><!--bestpublic-voz07--><!--desk-in-out-voz07--><br \/>\n<!--publicidad-voz08--><!--bestpublic-voz08--><!--desk-in-out-voz08--><br \/>\n<!--publicidad-voz09--><!--bestpublic-voz09--><!--desk-in-out-voz09--><br \/>\n<!--publicidad-voz10--><!--bestpublic-voz10--><!--desk-in-out-voz10--><br \/>\n<!--publicidad-voz11--><!--bestpublic-voz11--><!--desk-in-out-voz11--><br \/>\n<!--publicidad-voz12--><!--bestpublic-voz12--><!--desk-in-out-voz12--><br \/>\n<!--publicidad-voz13--><!--bestpublic-voz13--><!--desk-in-out-voz13--><br \/>\n<!--publicidad-voz14--><!--bestpublic-voz14--><!--desk-in-out-voz14--><br \/>\n<!--publicidad-voz15--><!--bestpublic-voz15--><!--desk-in-out-voz15--><br \/>\n<!--publicidad-voz16--><!--bestpublic-voz16--><!--desk-in-out-voz16--><\/p>\n","protected":false},"excerpt":{"rendered":"<p>LA CIUDAD DE HELL\u00cdN CONTABILIZA 25 FALLECIDOS RELACIONADOS CON EL COVID-19 DESDE EL INICIO DEL BROTE<\/p>\n","protected":false},"author":2,"featured_media":90581,"comment_status":"closed","ping_status":"closed","sticky":false,"template":"","format":"standard","meta":{"footnotes":""},"categories":[723,718,715,716,717],"tags":[],"class_list":["post-102464","post","type-post","status-publish","format-standard","has-post-thumbnail","hentry","category-blog-lv005","category-blogger","category-la-voz-de-hellin","category-la-voz-de-hellin-la-voz-de-hellin","category-noticias"],"_links":{"self":[{"href":"https:\/\/lavozdehellin.com\/noticias\/wp-json\/wp\/v2\/posts\/102464","targetHints":{"allow":["GET"]}}],"collection":[{"href":"https:\/\/lavozdehellin.com\/noticias\/wp-json\/wp\/v2\/posts"}],"about":[{"href":"https:\/\/lavozdehellin.com\/noticias\/wp-json\/wp\/v2\/types\/post"}],"author":[{"embeddable":true,"href":"https:\/\/lavozdehellin.com\/noticias\/wp-json\/wp\/v2\/users\/2"}],"replies":[{"embeddable":true,"href":"https:\/\/lavozdehellin.com\/noticias\/wp-json\/wp\/v2\/comments?post=102464"}],"version-history":[{"count":0,"href":"https:\/\/lavozdehellin.com\/noticias\/wp-json\/wp\/v2\/posts\/102464\/revisions"}],"wp:featuredmedia":[{"embeddable":true,"href":"https:\/\/lavozdehellin.com\/noticias\/wp-json\/wp\/v2\/media\/90581"}],"wp:attachment":[{"href":"https:\/\/lavozdehellin.com\/noticias\/wp-json\/wp\/v2\/media?parent=102464"}],"wp:term":[{"taxonomy":"category","embeddable":true,"href":"https:\/\/lavozdehellin.com\/noticias\/wp-json\/wp\/v2\/categories?post=102464"},{"taxonomy":"post_tag","embeddable":true,"href":"https:\/\/lavozdehellin.com\/noticias\/wp-json\/wp\/v2\/tags?post=102464"}],"curies":[{"name":"wp","href":"https:\/\/api.w.org\/{rel}","templated":true}]}}