{"id":102465,"date":"2020-04-08T13:18:38","date_gmt":"2020-04-08T13:18:38","guid":{"rendered":"https:\/\/lavozdehellin.com\/noticias\/v01-044-cancelada-la-septima-edicion-de-la-copa-btt-desafio-albacete\/"},"modified":"2024-01-04T14:03:52","modified_gmt":"2024-01-04T14:03:52","slug":"v01-044-cancelada-la-septima-edicion-de-la-copa-btt-desafio-albacete","status":"publish","type":"post","link":"https:\/\/lavozdehellin.com\/noticias\/v01-044-cancelada-la-septima-edicion-de-la-copa-btt-desafio-albacete\/","title":{"rendered":"LVH NOTICIAS | CANCELADA LA S\u00c9PTIMA EDICI\u00d3N DE LA COPA BTT \u2018DESAF\u00cdO ALBACETE\u2019"},"content":{"rendered":"<p style=\"text-align: justify;\">La Organizaci\u00f3n trabaja ya para que pueda celebrarse de forma virtual, dentro de un amplio programa de actividades que se est\u00e1n confeccionando<\/p>\n<p><!--more--><br \/>\n<!--publicidad-voz01--><a href=\"https:\/\/www.facebook.com\/SoloRadioHellin\/?locale=es_ES\"><img decoding=\"async\" class=\"alignnone size-medium\" src=\"https:\/\/blogger.googleusercontent.com\/img\/b\/R29vZ2xl\/AVvXsEiNncirNnyGedv00mhjZjh5Wl4_YPdJGanoAl8tL8zH-HwqE8uHqjEfSt340RHdx-9tuCSIkZ8rFamZiGyYlgDGxCsmXjCH_1xk5eYM3ntFZRvJP_jndOKR7w1UAo9Tu0vrZyOLfqRpHIxYI5SymJJ-pfGCQw6QVpggBH-UgfjiFQ2JOxqxG0Jx94kW83c\/s1600\/logo-principal.jpg\" width=\"100%\" height=\"100\" \/><\/a><!--bestpublic-voz01--><!--desk-in-out-voz01--><br \/>\n<!--publicidad-voz02--><a href=\"https:\/\/www.hellincf.com\/\"><img decoding=\"async\" class=\"alignnone size-medium\" src=\"https:\/\/blogger.googleusercontent.com\/img\/b\/R29vZ2xl\/AVvXsEhuZ4-XfBVj3UtdP8-RZugy3WVrg-Zv28c53m4oV47qYCxL1rX_dqWX_YddsGSnpH5SRDqZ7bZeKPIfDVCDncpjVlhy3aQs2vojcJBn7Gdv9hC2_Nzct_pRFrnFE1a7KTCdY1bT_kAgnY3-iadRZrGeJf1fR2P5fu11bokx0pWjaypoy-ctwCjklldpEbA\/s1600\/logo-principal7.jpg\" width=\"100%\" height=\"100\" \/><\/a><!--bestpublic-voz02--><!--desk-in-out-voz02--><\/p>\n<p style=\"text-align: justify;\">La s\u00e9ptima edici\u00f3n de la Copa BTT \u2018Desaf\u00edo Albacete\u2019 ha sido cancelada de forma definitiva. La Organizaci\u00f3n se ha visto obligada a tomar esta dif\u00edcil decisi\u00f3n, pero siendo conscientes de que hoy en d\u00eda es mucho m\u00e1s importante contribuir a frenar la pandemia que organizar cualquier evento deportivo.<\/p>\n<p style=\"text-align: justify;\">La Copa estaba prevista que se celebrase los d\u00edas 23 y 24 de mayo, recorriendo las localidades de Alcal\u00e1 del J\u00facar, Fuentealbilla, Valdeganga, Jorquera, Abengibre y La Recueja.<\/p>\n<p style=\"text-align: justify;\">Tras esta cancelaci\u00f3n, desde la Organizaci\u00f3n se intenta que estos d\u00edas los amantes de la BTT tengan alg\u00fan reto deportivo que les permita encontrar una motivaci\u00f3n para entrenar sin salir de casa. Hasta el pr\u00f3ximo 23 de mayo se va a intentar que los corredores entrenen teniendo como reto participar en una Copa BTT virtual.<\/p>\n<p style=\"text-align: justify;\">Entrenamiento-charla en directo con H\u00e9ctor Carretero<\/p>\n<p style=\"text-align: justify;\">El XIV Circuito Provincial de BTT se reinventa en estos d\u00edas antes de que se pueda volver a retomar la competici\u00f3n. Para ello se est\u00e1 confeccionando un amplio programa de actividades que se ofrecer\u00e1n a trav\u00e9s de las redes sociales del propio Circuito.<\/p>\n<p style=\"text-align: justify;\">H\u00e9ctor Carretero, ciclista profesional del equipo Movistar y natural de Madrigueras, se une a las actividades y ma\u00f1ana jueves d\u00eda 9, a partir de las 18:30 horas, ofrecer\u00e1 un entrenamiento-charla en directo, desde su propio perfil de Facebook y que tambi\u00e9n podr\u00e1 seguirse desde la p\u00e1gina de Facebook del Circuito BTT.<\/p>\n<p style=\"text-align: justify;\">V\u00eddeos, entrevistas, charlas en directo, consejos de entrenamiento\u2026 diferentes acciones destinadas a pasar un poco mejor esta cuarentena.<\/p>\n<p><!--publicidad-voz03--><a href=\"https:\/\/www.facebook.com\/profile.php?id=100063593791305&amp;locale=es_ES\"><img decoding=\"async\" class=\"alignnone size-medium\" src=\"https:\/\/blogger.googleusercontent.com\/img\/b\/R29vZ2xl\/AVvXsEi8_n_ll8UOcGxCqzFvb_9Io4ICczlGC990BPtPj2w9Px-u7B3oqWUW5vtjZUqPNJ-nyjiUIorE0ATsib_l5tV8BVN-UJ03RTnU__IHJF_4DgDBtY4LIqXNG-FomrO-7ywes20CBCRM2Hcm7EJSh3UUw1dO-c_uTflUrtgY1i7uBRezj_DpympmEFkfbQY\/s1600\/logo-principal2.jpg\" width=\"100%\" height=\"100\" \/><\/a><!--bestpublic-voz03--><!--desk-in-out-voz03--><br \/>\n<!--publicidad-voz04--><a href=\"https:\/\/www.facebook.com\/profile.php?id=61557370768692&amp;locale=es_ES\"><img decoding=\"async\" class=\"alignnone size-medium\" src=\"https:\/\/blogger.googleusercontent.com\/img\/b\/R29vZ2xl\/AVvXsEgy5RdcfffrnrItnYTcV9bCJjgJwldsQLWssfVfrLbyfXeBNTFKgBf0rMIvhrUaGUhiXzVr9_eQgCbi-j63ZDpfTvLIty9w7s140y-m1yHe7eKmEK7v2NAHUJDVYGdfeiQFeRCqUjdwWmN1MX_AUxxz4IVdJ4WIM0APxit8bjWkXzrnEFGqBvW_1F13H1g\/s1600\/logo-principal5.jpg\" width=\"100%\" height=\"100\" \/><\/a><!--bestpublic-voz04--><!--desk-in-out-voz04--><br \/>\n<!--publicidad-voz05--><a href=\"https:\/\/www.facebook.com\/asociaciontamborileroshellin?locale=es_ES\"><img decoding=\"async\" class=\"alignnone size-medium\" src=\"https:\/\/blogger.googleusercontent.com\/img\/b\/R29vZ2xl\/AVvXsEhHEEpZsKK1VpwiYMrS7aE2ujtqIDZoLd4B5wtbiseSU9s2HdTdQfhF84So2XwEB1fv0BLw95GADm6hUl1bkKtzh-eIgVigXONuu_5RxeIMPhjk8q6uNX4EaEHbooKkbu7pCADWPpVJjhKIH5NQSJpWqedC-YBez4QAQeJYokkLot9bhrIaUAeztsGis6M\/s1600\/logo-principal3.jpg\" width=\"100%\" height=\"100\" \/><\/a><!--bestpublic-voz05--><!--desk-in-out-voz05--><br \/>\n<!--publicidad-voz06--><!--bestpublic-voz06--><!--desk-in-out-voz06--><br \/>\n<!--publicidad-voz07--><!--bestpublic-voz07--><!--desk-in-out-voz07--><br \/>\n<!--publicidad-voz08--><!--bestpublic-voz08--><!--desk-in-out-voz08--><br \/>\n<!--publicidad-voz09--><!--bestpublic-voz09--><!--desk-in-out-voz09--><br \/>\n<!--publicidad-voz10--><!--bestpublic-voz10--><!--desk-in-out-voz10--><br \/>\n<!--publicidad-voz11--><!--bestpublic-voz11--><!--desk-in-out-voz11--><br \/>\n<!--publicidad-voz12--><!--bestpublic-voz12--><!--desk-in-out-voz12--><br \/>\n<!--publicidad-voz13--><!--bestpublic-voz13--><!--desk-in-out-voz13--><br \/>\n<!--publicidad-voz14--><!--bestpublic-voz14--><!--desk-in-out-voz14--><br \/>\n<!--publicidad-voz15--><!--bestpublic-voz15--><!--desk-in-out-voz15--><br \/>\n<!--publicidad-voz16--><!--bestpublic-voz16--><!--desk-in-out-voz16--><\/p>\n","protected":false},"excerpt":{"rendered":"<p>CANCELADA LA S\u00c9PTIMA EDICI\u00d3N DE LA COPA BTT \u2018DESAF\u00cdO ALBACETE\u2019<\/p>\n","protected":false},"author":2,"featured_media":90584,"comment_status":"closed","ping_status":"closed","sticky":false,"template":"","format":"standard","meta":{"footnotes":""},"categories":[723,718,715,716,717],"tags":[],"class_list":["post-102465","post","type-post","status-publish","format-standard","has-post-thumbnail","hentry","category-blog-lv005","category-blogger","category-la-voz-de-hellin","category-la-voz-de-hellin-la-voz-de-hellin","category-noticias"],"_links":{"self":[{"href":"https:\/\/lavozdehellin.com\/noticias\/wp-json\/wp\/v2\/posts\/102465","targetHints":{"allow":["GET"]}}],"collection":[{"href":"https:\/\/lavozdehellin.com\/noticias\/wp-json\/wp\/v2\/posts"}],"about":[{"href":"https:\/\/lavozdehellin.com\/noticias\/wp-json\/wp\/v2\/types\/post"}],"author":[{"embeddable":true,"href":"https:\/\/lavozdehellin.com\/noticias\/wp-json\/wp\/v2\/users\/2"}],"replies":[{"embeddable":true,"href":"https:\/\/lavozdehellin.com\/noticias\/wp-json\/wp\/v2\/comments?post=102465"}],"version-history":[{"count":0,"href":"https:\/\/lavozdehellin.com\/noticias\/wp-json\/wp\/v2\/posts\/102465\/revisions"}],"wp:featuredmedia":[{"embeddable":true,"href":"https:\/\/lavozdehellin.com\/noticias\/wp-json\/wp\/v2\/media\/90584"}],"wp:attachment":[{"href":"https:\/\/lavozdehellin.com\/noticias\/wp-json\/wp\/v2\/media?parent=102465"}],"wp:term":[{"taxonomy":"category","embeddable":true,"href":"https:\/\/lavozdehellin.com\/noticias\/wp-json\/wp\/v2\/categories?post=102465"},{"taxonomy":"post_tag","embeddable":true,"href":"https:\/\/lavozdehellin.com\/noticias\/wp-json\/wp\/v2\/tags?post=102465"}],"curies":[{"name":"wp","href":"https:\/\/api.w.org\/{rel}","templated":true}]}}