{"id":102469,"date":"2018-09-07T12:19:38","date_gmt":"2018-09-07T12:19:38","guid":{"rendered":"https:\/\/lavozdehellin.com\/noticias\/v01-048-la-nueva-resonancia-magnetica-del-hospital-de-hellin-entrara-en-funcionamiento-a-finales-de-este-mes\/"},"modified":"2024-01-04T14:08:48","modified_gmt":"2024-01-04T14:08:48","slug":"v01-048-la-nueva-resonancia-magnetica-del-hospital-de-hellin-entrara-en-funcionamiento-a-finales-de-este-mes","status":"publish","type":"post","link":"https:\/\/lavozdehellin.com\/noticias\/v01-048-la-nueva-resonancia-magnetica-del-hospital-de-hellin-entrara-en-funcionamiento-a-finales-de-este-mes\/","title":{"rendered":"LVH NOTICIAS | LA NUEVA RESONANCIA MAGN\u00c9TICA DEL HOSPITAL DE HELL\u00cdN ENTRAR\u00c1 EN FUNCIONAMIENTO A FINALES DE ESTE MES"},"content":{"rendered":"<p style=\"text-align: justify;\">La nueva resonancia magn\u00e9tica que el Gobierno de Emiliano Garc\u00eda-Page ha adquirido para la Gerencia Integrada de Hell\u00edn, estar\u00e1 operativa a final de mes, tras su instalaci\u00f3n este pasado martes.<\/p>\n<p><!--more--><br \/>\n<!--publicidad-voz01--><a href=\"https:\/\/www.facebook.com\/SoloRadioHellin\/?locale=es_ES\"><img decoding=\"async\" class=\"alignnone size-medium\" src=\"https:\/\/blogger.googleusercontent.com\/img\/b\/R29vZ2xl\/AVvXsEiNncirNnyGedv00mhjZjh5Wl4_YPdJGanoAl8tL8zH-HwqE8uHqjEfSt340RHdx-9tuCSIkZ8rFamZiGyYlgDGxCsmXjCH_1xk5eYM3ntFZRvJP_jndOKR7w1UAo9Tu0vrZyOLfqRpHIxYI5SymJJ-pfGCQw6QVpggBH-UgfjiFQ2JOxqxG0Jx94kW83c\/s1600\/logo-principal.jpg\" width=\"100%\" height=\"100\" \/><\/a><!--bestpublic-voz01--><!--desk-in-out-voz01--><br \/>\n<!--publicidad-voz02--><a href=\"https:\/\/www.hellincf.com\/\"><img decoding=\"async\" class=\"alignnone size-medium\" src=\"https:\/\/blogger.googleusercontent.com\/img\/b\/R29vZ2xl\/AVvXsEhuZ4-XfBVj3UtdP8-RZugy3WVrg-Zv28c53m4oV47qYCxL1rX_dqWX_YddsGSnpH5SRDqZ7bZeKPIfDVCDncpjVlhy3aQs2vojcJBn7Gdv9hC2_Nzct_pRFrnFE1a7KTCdY1bT_kAgnY3-iadRZrGeJf1fR2P5fu11bokx0pWjaypoy-ctwCjklldpEbA\/s1600\/logo-principal7.jpg\" width=\"100%\" height=\"100\" \/><\/a><!--bestpublic-voz02--><!--desk-in-out-voz02--><\/p>\n<p style=\"text-align: justify;\">As\u00ed lo ha afirmado el consejero de Sanidad, Jes\u00fas Fern\u00e1ndez Sanz, durante una visita al Hospital de Hell\u00edn, donde ha estado acompa\u00f1ado por la directora provincial de Sanidad, Blanca Hern\u00e1ndez y por el alcalde de la localidad, Ram\u00f3n Garc\u00eda.<\/p>\n<p style=\"text-align: justify;\">El responsable de las pol\u00edticas sanitarias de la Comunidad ha destacado que con el Gobierno de Emiliano Garc\u00eda-Page se ha invertido en la GAI de Hell\u00edn m\u00e1s de 6,5 millones de euros, muy lejos de los 321.000 euros invertidos en la legislatura del PP.<\/p>\n<p style=\"text-align: justify;\">As\u00ed, ha destacado la adquisici\u00f3n de un Tc helicoidal multicorte, un arco en C y un equipo de rayos port\u00e1til, la adquisici\u00f3n de dos ec\u00f3grafos ginecol\u00f3gicos y las reformas en los centros de salud y consultorios llevadas a cabo, as\u00ed como el inicio de las obras en el Centro de Salud de Elche de la Sierra y en el Hell\u00edn 1.<\/p>\n<p style=\"text-align: justify;\">Fern\u00e1ndez Sanz ha explicado que hasta la fecha, la realizaci\u00f3n de Resonancias Magn\u00e9ticas, que ha pasado a ser una t\u00e9cnica fundamental de diagn\u00f3stico en la pr\u00e1ctica m\u00e9dica asistencial en los hospitales, se ha estado derivando a centros concertados. Concretamente, en lo que llevamos de 2018 se han externalizado en torno a 1.500 pruebas, suponiendo un gasto acumulado de m\u00e1s de 140.000 euros.<\/p>\n<p style=\"text-align: justify;\">Con el nuevo equipamiento se har\u00e1 frente a las resonancias solicitadas desde la Gerencia de \u00c1rea de Almansa.<\/p>\n<p style=\"text-align: justify;\">Plan de Renovaci\u00f3n Tecnol\u00f3gica<\/p>\n<p style=\"text-align: justify;\">Esta nueva inversi\u00f3n, que asciende a m\u00e1s de un mill\u00f3n de euros, se enmarca dentro del Plan de Renovaci\u00f3n de Alta Tecnolog\u00eda Sanitaria dise\u00f1ado por el SESCAM para proveer de una mayor vida \u00fatil y a\u00f1adir nuevas funcionalidades o actualizar las disponibles en los equipos instalados en los centros del sistema sanitario p\u00fablico regional.<\/p>\n<p style=\"text-align: justify;\">En los dos primeros a\u00f1os de vigencia de este Plan, el Gobierno de Castilla-La Mancha ha llevado cabo inversiones en equipos de alta tecnolog\u00eda por un importe cercano a los 8,8 millones de euros y durante este a\u00f1o mantendr\u00e1 este compromiso con nuevas acciones que superar\u00e1n los 13,4 millones de euros.<\/p>\n<p style=\"text-align: justify;\">En el caso de los equipos de resonancia magn\u00e9tica, desde el inicio de la legislatura, el Gobierno regional ha acometido la renovaci\u00f3n de siete equipos, con una inversi\u00f3n superior a los tres millones de euros. As\u00ed, se han actualizado los equipos existentes en los hospitales de Albacete, Alc\u00e1zar de San Juan, Ciudad Real, Cuenca, Guadalajara, Talavera de la Reina y Toledo.<\/p>\n<p style=\"text-align: justify;\">Al margen de esta actuaci\u00f3n, dentro del Plan de Renovaci\u00f3n Tecnol\u00f3gica se ha considerado prioritario ampliar el n\u00famero de equipos de resonancia magn\u00e9tica dotando a m\u00e1s hospitales de esta potente herramienta diagn\u00f3stica, como es el caso del centro sanitario hellinero.<\/p>\n<p style=\"text-align: justify;\">Y es que, actualmente, en la provincia de Albacete existe una sola resonancia magn\u00e9tica en el Complejo Hospitalario Universitario de Albacete que atiende a todas las \u00e1reas asistenciales, una dotaci\u00f3n claramente insuficiente para dar respuesta a toda la demanda y que est\u00e1 obligando a recurrir a cl\u00ednicas externas para satisfacer las indicaciones que realizan los profesionales sanitarios.<\/p>\n<p style=\"text-align: justify;\">As\u00ed, Fern\u00e1ndez Sanz ha recordado que ya se han iniciado los tr\u00e1mites para dotar a Villarrobledo de una nueva resonancia magn\u00e9tica.<\/p>\n<p style=\"text-align: justify;\">El equipo que se ha adquirido es una resonancia magn\u00e9tica de 1,5 teslas de campo, en la que se puedan realizar todas las prestaciones requeridas a nivel fundamental. En la \u00faltima ampliaci\u00f3n del Hospital de Hell\u00edn se dej\u00f3 el espacio preparado para este equipo, con lo que solo ha sido preciso realizar obras de adaptaci\u00f3n e instalaciones auxiliares para su implantaci\u00f3n.<\/p>\n<p style=\"text-align: justify;\">La nueva resonancia magn\u00e9tica del hospital hell\u00ednero estar\u00e1 conectada mediante el programa Ykonos a la Red de Imagen M\u00e9dica regional, dotando as\u00ed a este equipamiento de la m\u00e1xima funcionalidad, operatividad y eficiencia, al poder visualizar las im\u00e1genes que se realicen en este centro desde cualquier otro centro del sistema sanitario p\u00fablico de nuestra comunidad aut\u00f3noma.<\/p>\n<p><!--publicidad-voz03--><a href=\"https:\/\/www.facebook.com\/profile.php?id=100063593791305&amp;locale=es_ES\"><img decoding=\"async\" class=\"alignnone size-medium\" src=\"https:\/\/blogger.googleusercontent.com\/img\/b\/R29vZ2xl\/AVvXsEi8_n_ll8UOcGxCqzFvb_9Io4ICczlGC990BPtPj2w9Px-u7B3oqWUW5vtjZUqPNJ-nyjiUIorE0ATsib_l5tV8BVN-UJ03RTnU__IHJF_4DgDBtY4LIqXNG-FomrO-7ywes20CBCRM2Hcm7EJSh3UUw1dO-c_uTflUrtgY1i7uBRezj_DpympmEFkfbQY\/s1600\/logo-principal2.jpg\" width=\"100%\" height=\"100\" \/><\/a><!--bestpublic-voz03--><!--desk-in-out-voz03--><br \/>\n<!--publicidad-voz04--><a href=\"https:\/\/www.facebook.com\/profile.php?id=61557370768692&amp;locale=es_ES\"><img decoding=\"async\" class=\"alignnone size-medium\" src=\"https:\/\/blogger.googleusercontent.com\/img\/b\/R29vZ2xl\/AVvXsEgy5RdcfffrnrItnYTcV9bCJjgJwldsQLWssfVfrLbyfXeBNTFKgBf0rMIvhrUaGUhiXzVr9_eQgCbi-j63ZDpfTvLIty9w7s140y-m1yHe7eKmEK7v2NAHUJDVYGdfeiQFeRCqUjdwWmN1MX_AUxxz4IVdJ4WIM0APxit8bjWkXzrnEFGqBvW_1F13H1g\/s1600\/logo-principal5.jpg\" width=\"100%\" height=\"100\" \/><\/a><!--bestpublic-voz04--><!--desk-in-out-voz04--><br \/>\n<!--publicidad-voz05--><a href=\"https:\/\/www.facebook.com\/asociaciontamborileroshellin?locale=es_ES\"><img decoding=\"async\" class=\"alignnone size-medium\" src=\"https:\/\/blogger.googleusercontent.com\/img\/b\/R29vZ2xl\/AVvXsEhHEEpZsKK1VpwiYMrS7aE2ujtqIDZoLd4B5wtbiseSU9s2HdTdQfhF84So2XwEB1fv0BLw95GADm6hUl1bkKtzh-eIgVigXONuu_5RxeIMPhjk8q6uNX4EaEHbooKkbu7pCADWPpVJjhKIH5NQSJpWqedC-YBez4QAQeJYokkLot9bhrIaUAeztsGis6M\/s1600\/logo-principal3.jpg\" width=\"100%\" height=\"100\" \/><\/a><!--bestpublic-voz05--><!--desk-in-out-voz05--><br \/>\n<!--publicidad-voz06--><!--bestpublic-voz06--><!--desk-in-out-voz06--><br \/>\n<!--publicidad-voz07--><!--bestpublic-voz07--><!--desk-in-out-voz07--><br \/>\n<!--publicidad-voz08--><!--bestpublic-voz08--><!--desk-in-out-voz08--><br \/>\n<!--publicidad-voz09--><!--bestpublic-voz09--><!--desk-in-out-voz09--><br \/>\n<!--publicidad-voz10--><!--bestpublic-voz10--><!--desk-in-out-voz10--><br \/>\n<!--publicidad-voz11--><!--bestpublic-voz11--><!--desk-in-out-voz11--><br \/>\n<!--publicidad-voz12--><!--bestpublic-voz12--><!--desk-in-out-voz12--><br \/>\n<!--publicidad-voz13--><!--bestpublic-voz13--><!--desk-in-out-voz13--><br \/>\n<!--publicidad-voz14--><!--bestpublic-voz14--><!--desk-in-out-voz14--><br \/>\n<!--publicidad-voz15--><!--bestpublic-voz15--><!--desk-in-out-voz15--><br \/>\n<!--publicidad-voz16--><!--bestpublic-voz16--><!--desk-in-out-voz16--><\/p>\n","protected":false},"excerpt":{"rendered":"<p>LA NUEVA RESONANCIA MAGN\u00c9TICA DEL HOSPITAL DE HELL\u00cdN ENTRAR\u00c1 EN FUNCIONAMIENTO A FINALES DE ESTE MES<\/p>\n","protected":false},"author":2,"featured_media":90585,"comment_status":"closed","ping_status":"closed","sticky":false,"template":"","format":"standard","meta":{"footnotes":""},"categories":[723,718,715,716,717],"tags":[],"class_list":["post-102469","post","type-post","status-publish","format-standard","has-post-thumbnail","hentry","category-blog-lv005","category-blogger","category-la-voz-de-hellin","category-la-voz-de-hellin-la-voz-de-hellin","category-noticias"],"_links":{"self":[{"href":"https:\/\/lavozdehellin.com\/noticias\/wp-json\/wp\/v2\/posts\/102469","targetHints":{"allow":["GET"]}}],"collection":[{"href":"https:\/\/lavozdehellin.com\/noticias\/wp-json\/wp\/v2\/posts"}],"about":[{"href":"https:\/\/lavozdehellin.com\/noticias\/wp-json\/wp\/v2\/types\/post"}],"author":[{"embeddable":true,"href":"https:\/\/lavozdehellin.com\/noticias\/wp-json\/wp\/v2\/users\/2"}],"replies":[{"embeddable":true,"href":"https:\/\/lavozdehellin.com\/noticias\/wp-json\/wp\/v2\/comments?post=102469"}],"version-history":[{"count":0,"href":"https:\/\/lavozdehellin.com\/noticias\/wp-json\/wp\/v2\/posts\/102469\/revisions"}],"wp:featuredmedia":[{"embeddable":true,"href":"https:\/\/lavozdehellin.com\/noticias\/wp-json\/wp\/v2\/media\/90585"}],"wp:attachment":[{"href":"https:\/\/lavozdehellin.com\/noticias\/wp-json\/wp\/v2\/media?parent=102469"}],"wp:term":[{"taxonomy":"category","embeddable":true,"href":"https:\/\/lavozdehellin.com\/noticias\/wp-json\/wp\/v2\/categories?post=102469"},{"taxonomy":"post_tag","embeddable":true,"href":"https:\/\/lavozdehellin.com\/noticias\/wp-json\/wp\/v2\/tags?post=102469"}],"curies":[{"name":"wp","href":"https:\/\/api.w.org\/{rel}","templated":true}]}}