{"id":102470,"date":"2018-09-07T12:05:43","date_gmt":"2018-09-07T12:05:43","guid":{"rendered":"https:\/\/lavozdehellin.com\/noticias\/v01-049-hellin-se-convierte-en-referente-a-nivel-regional-en-la-atencion-a-personas-con-problemas-de-salud-mental\/"},"modified":"2024-01-04T14:08:48","modified_gmt":"2024-01-04T14:08:48","slug":"v01-049-hellin-se-convierte-en-referente-a-nivel-regional-en-la-atencion-a-personas-con-problemas-de-salud-mental","status":"publish","type":"post","link":"https:\/\/lavozdehellin.com\/noticias\/v01-049-hellin-se-convierte-en-referente-a-nivel-regional-en-la-atencion-a-personas-con-problemas-de-salud-mental\/","title":{"rendered":"LVH NOTICIAS | HELL\u00cdN SE CONVIERTE EN REFERENTE A NIVEL REGIONAL EN LA ATENCI\u00d3N A PERSONAS CON PROBLEMAS DE SALUD MENTAL"},"content":{"rendered":"<p style=\"text-align: justify;\">El Consejero de Sanidad, Jes\u00fas Fern\u00e1ndez Sanz, ha inaugurado las instalaciones de la nueva vivienda para personas con enfermedad mental que gestiona la Asociaci\u00f3n Gonzalez Herzog en Hell\u00edn.<\/p>\n<p><!--more--><br \/>\n<!--publicidad-voz01--><a href=\"https:\/\/www.facebook.com\/SoloRadioHellin\/?locale=es_ES\"><img decoding=\"async\" class=\"alignnone size-medium\" src=\"https:\/\/blogger.googleusercontent.com\/img\/b\/R29vZ2xl\/AVvXsEiNncirNnyGedv00mhjZjh5Wl4_YPdJGanoAl8tL8zH-HwqE8uHqjEfSt340RHdx-9tuCSIkZ8rFamZiGyYlgDGxCsmXjCH_1xk5eYM3ntFZRvJP_jndOKR7w1UAo9Tu0vrZyOLfqRpHIxYI5SymJJ-pfGCQw6QVpggBH-UgfjiFQ2JOxqxG0Jx94kW83c\/s1600\/logo-principal.jpg\" width=\"100%\" height=\"100\" \/><\/a><!--bestpublic-voz01--><!--desk-in-out-voz01--><br \/>\n<!--publicidad-voz02--><a href=\"https:\/\/www.hellincf.com\/\"><img decoding=\"async\" class=\"alignnone size-medium\" src=\"https:\/\/blogger.googleusercontent.com\/img\/b\/R29vZ2xl\/AVvXsEhuZ4-XfBVj3UtdP8-RZugy3WVrg-Zv28c53m4oV47qYCxL1rX_dqWX_YddsGSnpH5SRDqZ7bZeKPIfDVCDncpjVlhy3aQs2vojcJBn7Gdv9hC2_Nzct_pRFrnFE1a7KTCdY1bT_kAgnY3-iadRZrGeJf1fR2P5fu11bokx0pWjaypoy-ctwCjklldpEbA\/s1600\/logo-principal7.jpg\" width=\"100%\" height=\"100\" \/><\/a><!--bestpublic-voz02--><!--desk-in-out-voz02--><\/p>\n<p style=\"text-align: justify;\">Fern\u00e1ndez Sanz ha explicado que \u201cesta disciplina de la Salud Mental se puede abordar de dos maneras, como la abord\u00f3 el PP, sin ning\u00fan plan o se puede abordar como nos lo orden\u00f3 nuestro presidente Emiliano Garc\u00eda-Page que es a trav\u00e9s de un Plan de Salud Mental que diera cobertura a las necesidades y con unos objetivos totalmente marcados\u201d.<\/p>\n<p style=\"text-align: justify;\">As\u00ed, ha afirmado que \u201cel Gobierno regional, est\u00e1 cumpliendo con los compromisos asumidos en el Plan de Salud Mental y su plan operativo para 2018, ya que en este primer a\u00f1o de vigencia, se pondr\u00e1n en marcha un total de 85 plazas residenciales en diferentes dispositivos, ya sean viviendas como esta en Hell\u00edn, o en la residencia comunitaria en Ciudad Real y las residencias sociosanitarias en las provincias de Guadalajara, Ciudad Real y Albacete\u201d.<\/p>\n<p style=\"text-align: justify;\">Con ello, ha manifestado \u201cla Red de recursos de Salud Mental de la Regi\u00f3n crece y se acerca m\u00e1s a los usuarios que precisan un dispositivo de estas caracter\u00edsticas\u201d.<\/p>\n<p style=\"text-align: justify;\">El consejero ha explicado que la colaboraci\u00f3n y financiaci\u00f3n de recursos residenciales para personas con trastorno mental grave en Hell\u00edn a trav\u00e9s de la Fundaci\u00f3n Sociosanitaria se remonta al a\u00f1o 2005 en que se abre la primera vivienda.<\/p>\n<p style=\"text-align: justify;\">As\u00ed, Fern\u00e1ndez Sanz ha destacado que actualmente existen cuatro viviendas y un total de 25 plazas en este municipio, que por la calidad de las instalaciones, la integraci\u00f3n de los dispositivos y los usuarios en la comunidad y la coordinaci\u00f3n entre los dispositivos sanitarios y sociosanitarios, es un referente regional en la atenci\u00f3n a este colectivo.<\/p>\n<p style=\"text-align: justify;\">La nueva vivienda de supervisi\u00f3n diurna, est\u00e1 ubicada un lugar c\u00e9ntrico de la poblaci\u00f3n de Hell\u00edn de naturaleza tranquila. Cuenta con zonas verdes pr\u00f3ximas a la misma as\u00ed como con un pabell\u00f3n deportivo, piscina cubierta, campo de futbol, centro de salud n\u00ba 1 y hospital comarcal. La vivienda es amplia y cuenta y cumple con todas las normativas vigentes y los permisos necesarios para su puesta en marcha.<\/p>\n<p style=\"text-align: justify;\">Dispositivos como el que se inaugura, son recursos normalizados para personas con enfermedad mental mayores de 18 a\u00f1os que tienen dificultades para cubrir de modo independiente sus necesidades de alojamiento y soporte social y que cuentan con una supervisi\u00f3n ajustada a las necesidades de los residentes. En este caso los profesionales realizan una supervisi\u00f3n diurna.<\/p>\n<p style=\"text-align: justify;\">Este dispositivo que se orienta hacia el modelo de atenci\u00f3n comunitaria, facilita la atenci\u00f3n integral de las personas en su propio entorno social, haciendo especial hincapi\u00e9 en su propia implicaci\u00f3n y participaci\u00f3n de la persona en su proceso y en las organizaciones.<\/p>\n<p style=\"text-align: justify;\">Adem\u00e1s de los profesionales propios de la vivienda, cuentan con el apoyo de un equipo de profesionales de car\u00e1cter multidisciplinar perteneciente al Centro de Rehabilitaci\u00f3n Psicosocial y Laboral (CRPSL) que existe en la localidad.<\/p>\n<p style=\"text-align: justify;\">El consejero ha explicado que \u201cesta vivienda es tambi\u00e9n un ejemplo de la excelente colaboraci\u00f3n existente en el \u00e1mbito de la atenci\u00f3n a las personas con trastorno mental entre la administraci\u00f3n p\u00fablica y la iniciativa social, en este caso con la Asociaci\u00f3n Ben\u00e9fico Asistencial Gonz\u00e1lez- Herzog, una asociaci\u00f3n sin \u00e1nimo de lucro con amplia experiencia en la atenci\u00f3n a personas con enfermedad mental y que actualmente gestiona el funcionamiento de otra vivienda m\u00e1s de supervisi\u00f3n nocturna Hell\u00edn 2 en el Paraje de las Hazas de Hell\u00edn desde el a\u00f1o 2009.<\/p>\n<p style=\"text-align: justify;\">Esta colaboraci\u00f3n permite disponer de una tupida red que se extiende a numerosas localidades de la Regi\u00f3n, contribuyendo de esta forma a mitigar las dificultades de accesibilidad que entra\u00f1a la asistencia sanitaria y sociosanitaria en una Regi\u00f3n tan extensa como la nuestra.<\/p>\n<p style=\"text-align: justify;\">En la inauguraci\u00f3n de la nueva vivienda de Hell\u00edn han acompa\u00f1ado al consejero de Sanidad el Alcalde de Hell\u00edn, Ram\u00f3n Garc\u00eda, as\u00ed como la directora general de Planificaci\u00f3n, Ordenaci\u00f3n e Inspecci\u00f3n Sanitaria, Maite Mar\u00edn y el director general de Acci\u00f3n Social y Cooperaci\u00f3n de la consejer\u00eda de Bienestar Social, Ram\u00f3n Lara.<\/p>\n<p><!--publicidad-voz03--><a href=\"https:\/\/www.facebook.com\/profile.php?id=100063593791305&amp;locale=es_ES\"><img decoding=\"async\" class=\"alignnone size-medium\" src=\"https:\/\/blogger.googleusercontent.com\/img\/b\/R29vZ2xl\/AVvXsEi8_n_ll8UOcGxCqzFvb_9Io4ICczlGC990BPtPj2w9Px-u7B3oqWUW5vtjZUqPNJ-nyjiUIorE0ATsib_l5tV8BVN-UJ03RTnU__IHJF_4DgDBtY4LIqXNG-FomrO-7ywes20CBCRM2Hcm7EJSh3UUw1dO-c_uTflUrtgY1i7uBRezj_DpympmEFkfbQY\/s1600\/logo-principal2.jpg\" width=\"100%\" height=\"100\" \/><\/a><!--bestpublic-voz03--><!--desk-in-out-voz03--><br \/>\n<!--publicidad-voz04--><a href=\"https:\/\/www.facebook.com\/profile.php?id=61557370768692&amp;locale=es_ES\"><img decoding=\"async\" class=\"alignnone size-medium\" src=\"https:\/\/blogger.googleusercontent.com\/img\/b\/R29vZ2xl\/AVvXsEgy5RdcfffrnrItnYTcV9bCJjgJwldsQLWssfVfrLbyfXeBNTFKgBf0rMIvhrUaGUhiXzVr9_eQgCbi-j63ZDpfTvLIty9w7s140y-m1yHe7eKmEK7v2NAHUJDVYGdfeiQFeRCqUjdwWmN1MX_AUxxz4IVdJ4WIM0APxit8bjWkXzrnEFGqBvW_1F13H1g\/s1600\/logo-principal5.jpg\" width=\"100%\" height=\"100\" \/><\/a><!--bestpublic-voz04--><!--desk-in-out-voz04--><br \/>\n<!--publicidad-voz05--><a href=\"https:\/\/www.facebook.com\/asociaciontamborileroshellin?locale=es_ES\"><img decoding=\"async\" class=\"alignnone size-medium\" src=\"https:\/\/blogger.googleusercontent.com\/img\/b\/R29vZ2xl\/AVvXsEhHEEpZsKK1VpwiYMrS7aE2ujtqIDZoLd4B5wtbiseSU9s2HdTdQfhF84So2XwEB1fv0BLw95GADm6hUl1bkKtzh-eIgVigXONuu_5RxeIMPhjk8q6uNX4EaEHbooKkbu7pCADWPpVJjhKIH5NQSJpWqedC-YBez4QAQeJYokkLot9bhrIaUAeztsGis6M\/s1600\/logo-principal3.jpg\" width=\"100%\" height=\"100\" \/><\/a><!--bestpublic-voz05--><!--desk-in-out-voz05--><br \/>\n<!--publicidad-voz06--><!--bestpublic-voz06--><!--desk-in-out-voz06--><br \/>\n<!--publicidad-voz07--><!--bestpublic-voz07--><!--desk-in-out-voz07--><br \/>\n<!--publicidad-voz08--><!--bestpublic-voz08--><!--desk-in-out-voz08--><br \/>\n<!--publicidad-voz09--><!--bestpublic-voz09--><!--desk-in-out-voz09--><br \/>\n<!--publicidad-voz10--><!--bestpublic-voz10--><!--desk-in-out-voz10--><br \/>\n<!--publicidad-voz11--><!--bestpublic-voz11--><!--desk-in-out-voz11--><br \/>\n<!--publicidad-voz12--><!--bestpublic-voz12--><!--desk-in-out-voz12--><br \/>\n<!--publicidad-voz13--><!--bestpublic-voz13--><!--desk-in-out-voz13--><br \/>\n<!--publicidad-voz14--><!--bestpublic-voz14--><!--desk-in-out-voz14--><br \/>\n<!--publicidad-voz15--><!--bestpublic-voz15--><!--desk-in-out-voz15--><br \/>\n<!--publicidad-voz16--><!--bestpublic-voz16--><!--desk-in-out-voz16--><\/p>\n","protected":false},"excerpt":{"rendered":"<p>HELL\u00cdN SE CONVIERTE EN REFERENTE A NIVEL REGIONAL EN LA ATENCI\u00d3N A PERSONAS CON PROBLEMAS DE SALUD MENTAL<\/p>\n","protected":false},"author":2,"featured_media":90583,"comment_status":"closed","ping_status":"closed","sticky":false,"template":"","format":"standard","meta":{"footnotes":""},"categories":[723,718,715,716,717],"tags":[],"class_list":["post-102470","post","type-post","status-publish","format-standard","has-post-thumbnail","hentry","category-blog-lv005","category-blogger","category-la-voz-de-hellin","category-la-voz-de-hellin-la-voz-de-hellin","category-noticias"],"_links":{"self":[{"href":"https:\/\/lavozdehellin.com\/noticias\/wp-json\/wp\/v2\/posts\/102470","targetHints":{"allow":["GET"]}}],"collection":[{"href":"https:\/\/lavozdehellin.com\/noticias\/wp-json\/wp\/v2\/posts"}],"about":[{"href":"https:\/\/lavozdehellin.com\/noticias\/wp-json\/wp\/v2\/types\/post"}],"author":[{"embeddable":true,"href":"https:\/\/lavozdehellin.com\/noticias\/wp-json\/wp\/v2\/users\/2"}],"replies":[{"embeddable":true,"href":"https:\/\/lavozdehellin.com\/noticias\/wp-json\/wp\/v2\/comments?post=102470"}],"version-history":[{"count":0,"href":"https:\/\/lavozdehellin.com\/noticias\/wp-json\/wp\/v2\/posts\/102470\/revisions"}],"wp:featuredmedia":[{"embeddable":true,"href":"https:\/\/lavozdehellin.com\/noticias\/wp-json\/wp\/v2\/media\/90583"}],"wp:attachment":[{"href":"https:\/\/lavozdehellin.com\/noticias\/wp-json\/wp\/v2\/media?parent=102470"}],"wp:term":[{"taxonomy":"category","embeddable":true,"href":"https:\/\/lavozdehellin.com\/noticias\/wp-json\/wp\/v2\/categories?post=102470"},{"taxonomy":"post_tag","embeddable":true,"href":"https:\/\/lavozdehellin.com\/noticias\/wp-json\/wp\/v2\/tags?post=102470"}],"curies":[{"name":"wp","href":"https:\/\/api.w.org\/{rel}","templated":true}]}}