{"id":102480,"date":"2018-09-03T22:14:45","date_gmt":"2018-09-03T22:14:45","guid":{"rendered":"https:\/\/lavozdehellin.com\/noticias\/v01-059-severo-dominguez-campeon-de-espana-de-triatlon-en-distancia-olimpica-en-el-ggee-18-19\/"},"modified":"2024-01-04T14:08:49","modified_gmt":"2024-01-04T14:08:49","slug":"v01-059-severo-dominguez-campeon-de-espana-de-triatlon-en-distancia-olimpica-en-el-ggee-18-19","status":"publish","type":"post","link":"https:\/\/lavozdehellin.com\/noticias\/v01-059-severo-dominguez-campeon-de-espana-de-triatlon-en-distancia-olimpica-en-el-ggee-18-19\/","title":{"rendered":"LVH NOTICIAS | SEVERO DOM\u00cdNGUEZ, CAMPE\u00d3N DE ESPA\u00d1A DE TRIATL\u00d3N EN DISTANCIA OLIMPICA EN EL GGEE 18-19"},"content":{"rendered":"<p style=\"text-align: justify;\">Severo Dom\u00ednguez, Campe\u00f3n de Espa\u00f1a de triatl\u00f3n distancia olimpica en el grupo de edad. El atleta conocido como el Zar de Agram\u00f3n, se postula como uno de los mejores triatletas del panorama nacional en su categor\u00eda.<\/p>\n<p><!--more--><br \/>\n<!--publicidad-voz01--><a href=\"https:\/\/www.facebook.com\/SoloRadioHellin\/?locale=es_ES\"><img decoding=\"async\" class=\"alignnone size-medium\" src=\"https:\/\/blogger.googleusercontent.com\/img\/b\/R29vZ2xl\/AVvXsEiNncirNnyGedv00mhjZjh5Wl4_YPdJGanoAl8tL8zH-HwqE8uHqjEfSt340RHdx-9tuCSIkZ8rFamZiGyYlgDGxCsmXjCH_1xk5eYM3ntFZRvJP_jndOKR7w1UAo9Tu0vrZyOLfqRpHIxYI5SymJJ-pfGCQw6QVpggBH-UgfjiFQ2JOxqxG0Jx94kW83c\/s1600\/logo-principal.jpg\" width=\"100%\" height=\"100\" \/><\/a><!--bestpublic-voz01--><!--desk-in-out-voz01--><br \/>\n<!--publicidad-voz02--><a href=\"https:\/\/www.hellincf.com\/\"><img decoding=\"async\" class=\"alignnone size-medium\" src=\"https:\/\/blogger.googleusercontent.com\/img\/b\/R29vZ2xl\/AVvXsEhuZ4-XfBVj3UtdP8-RZugy3WVrg-Zv28c53m4oV47qYCxL1rX_dqWX_YddsGSnpH5SRDqZ7bZeKPIfDVCDncpjVlhy3aQs2vojcJBn7Gdv9hC2_Nzct_pRFrnFE1a7KTCdY1bT_kAgnY3-iadRZrGeJf1fR2P5fu11bokx0pWjaypoy-ctwCjklldpEbA\/s1600\/logo-principal7.jpg\" width=\"100%\" height=\"100\" \/><\/a><!--bestpublic-voz02--><!--desk-in-out-voz02--><\/p>\n<p style=\"text-align: justify;\">El Campeonato de Espa\u00f1a de Triatl\u00f3n en la Distancia Ol\u00edmpica de A Coru\u00f1a se cerr\u00f3 el domingo 2 de septiembre con la celebraci\u00f3n de las pruebas de grupos de edad y del Campeonato de Espa\u00f1a de Paratriatl\u00f3n en otra jornada de much\u00edsimo calor, que hizo la prueba mucho m\u00e1s exigente para las y los participantes, pero que propici\u00f3 de nuevo un gran espect\u00e1culo desde primeras horas de la ma\u00f1ana en la ciudad gallega. Tras este campeonato nacional, s\u00f3lo queda uno en la programaci\u00f3n de la Federaci\u00f3n Espa\u00f1ola de Triatl\u00f3n en 2018, el de Triatl\u00f3n por Clubes que tendr\u00e1 lugar en Sevilla el pr\u00f3ximo mes de octubre.<\/p>\n<p style=\"text-align: justify;\">A las nueve de la ma\u00f1ana comenzaron en el Parrote las salidas de los grupos de edad del Campeonato de Espa\u00f1a de Distancia Ol\u00edmpica, en las que participaron casi 500 triatletas. Fueron cuatro salidas masculinas y una femenina, con un intervalo de 25 minutos, y comenz\u00f3 as\u00ed el espect\u00e1culo del triatl\u00f3n nuevamente por la ciudad herculina, despu\u00e9s de la intensa jornada del s\u00e1bado en la que se decidieron los campeones de Espa\u00f1a \u00e9lite masculino y femenino.<\/p>\n<p style=\"text-align: justify;\">Despu\u00e9s de hacer 1.500 metros de nataci\u00f3n, 40 kil\u00f3metros de ciclismo y 10 de carrera a pie, el primer deportista en cruzar la l\u00ednea de meta en la Plaza de Mar\u00eda Pita fue \u00c1lvaro Mart\u00ednez (Club Nataci\u00f3n Melilla), que se proclam\u00f3 campe\u00f3n de Espa\u00f1a en el grupo de edad de 20 a 24 a\u00f1os en el que participaron 36 deportistas. En la siguiente categor\u00eda (25-29) logr\u00f3 el t\u00edtulo Alvaro Garc\u00eda ( Isbilya \u2013 Sloppy Joe\u00b4 S), con 55 deportistas inscritos.<\/p>\n<p style=\"text-align: justify;\">La primera mujer en cruzar la l\u00ednea de meta fue Dacil Hern\u00e1ndez, que se proclam\u00f3 ganadora general de la prueba femenina y de su grupo de edad (40-44). Las siguientes campeonas fueron Natalia Berm\u00fadez de Castro (grupo 25-29); Txell Jarque (grupo 20-24) y Claudia Mart\u00ednez (grupo 18-19).<\/p>\n<p style=\"text-align: justify;\">Paratr\u00edatlon. Y mientras segu\u00edan llegando triatletas a la l\u00ednea de meta se dio la salida al Campeonato de Espa\u00f1a de Paratriatl\u00f3n, en el que participaban casi todos los integrantes de la selecci\u00f3n espa\u00f1ola\u00a0 en un \u00faltimo test antes del Mundial de Australia dentro de dos semanas en Gold Coast.<\/p>\n<p style=\"text-align: justify;\">El Campeonato de Espa\u00f1a de Paratr\u00edatlon se celebr\u00f3 sobre la distancia sprint (750 metros de nataci\u00f3n, 19 kil\u00f3metros de bicicleta y 5 de carrera a pe) y el primer paratriatleta que logr\u00f3 el t\u00edtulo de campe\u00f3n de Espa\u00f1a fue el andaluz Jairo Ru\u00edz, con un tiempo de 59:09, en la categor\u00eda PTS5. Jairo se mostr\u00f3 encantado con el intenso calor, \u201ccomo andaluz que soy, me sent\u00ed como pez en el agua\u201d. Por su parte, la gallega Susana Rodr\u00edguez Gacio (Mario de Vigo) consigui\u00f3 el t\u00edtulo de campeona de Espa\u00f1a para deportistas con deficiencias visuales, junto a su gu\u00eda Paula Garc\u00eda Godino, con un tiempo de 01:04:43. Susana explic\u00f3 su llegada que \u201cno me encontr\u00e9 demasiado bien en la carrera a pe, pero encantada de disputar el Campeonato de Espa\u00f1a y m\u00e1s si es en Galicia\u201d.<\/p>\n<p style=\"text-align: justify;\">Estos son los campeones en las diferentes categor\u00edas de paratr\u00edatlon:<\/p>\n<p style=\"text-align: justify;\">PTWC H1 Masculino: Jos\u00e9 Manuel Quintero<\/p>\n<p style=\"text-align: justify;\">PTWC H1 Feminino: Eva Mar\u00eda Moral<\/p>\n<p style=\"text-align: justify;\">PTSVII Masculino: Jorge Otalecu<\/p>\n<p style=\"text-align: justify;\">PTWC H2 Masculino: \u00c1lvaro Illobre<\/p>\n<p style=\"text-align: justify;\">PTS2 Masculino: Lionel Morales<\/p>\n<p style=\"text-align: justify;\">PTS2 Feminino: Rakel Mateo<\/p>\n<p style=\"text-align: justify;\">PTS3 Masculino: Daniel Molina<\/p>\n<p style=\"text-align: justify;\">PTS4 Masculino: Jes\u00fas Miguel S\u00e1nchez<\/p>\n<p style=\"text-align: justify;\">PTS4 Feminino: Raquel Dom\u00ednguez<\/p>\n<p style=\"text-align: justify;\">PTS5 Masculino: Jairo Ru\u00edz<\/p>\n<p style=\"text-align: justify;\">PTS5 Feminino: Josefina Guimarey<\/p>\n<p style=\"text-align: justify;\">PTSVI B1 Masculino: Jos\u00e9 Luis Garc\u00eda Serrano<\/p>\n<p style=\"text-align: justify;\">PTSVI B2 Masculino: H\u00e9ctor Catal\u00e1<\/p>\n<p style=\"text-align: justify;\">PTVSVI B2 Feminino: Susana Rodr\u00edguez Gacio<\/p>\n<p style=\"text-align: justify;\">PTSVI B3 Masculino: Roberto Suero.<\/p>\n<p><!--publicidad-voz03--><a href=\"https:\/\/www.facebook.com\/profile.php?id=100063593791305&amp;locale=es_ES\"><img decoding=\"async\" class=\"alignnone size-medium\" src=\"https:\/\/blogger.googleusercontent.com\/img\/b\/R29vZ2xl\/AVvXsEi8_n_ll8UOcGxCqzFvb_9Io4ICczlGC990BPtPj2w9Px-u7B3oqWUW5vtjZUqPNJ-nyjiUIorE0ATsib_l5tV8BVN-UJ03RTnU__IHJF_4DgDBtY4LIqXNG-FomrO-7ywes20CBCRM2Hcm7EJSh3UUw1dO-c_uTflUrtgY1i7uBRezj_DpympmEFkfbQY\/s1600\/logo-principal2.jpg\" width=\"100%\" height=\"100\" \/><\/a><!--bestpublic-voz03--><!--desk-in-out-voz03--><br \/>\n<!--publicidad-voz04--><a href=\"https:\/\/www.facebook.com\/profile.php?id=61557370768692&amp;locale=es_ES\"><img decoding=\"async\" class=\"alignnone size-medium\" src=\"https:\/\/blogger.googleusercontent.com\/img\/b\/R29vZ2xl\/AVvXsEgy5RdcfffrnrItnYTcV9bCJjgJwldsQLWssfVfrLbyfXeBNTFKgBf0rMIvhrUaGUhiXzVr9_eQgCbi-j63ZDpfTvLIty9w7s140y-m1yHe7eKmEK7v2NAHUJDVYGdfeiQFeRCqUjdwWmN1MX_AUxxz4IVdJ4WIM0APxit8bjWkXzrnEFGqBvW_1F13H1g\/s1600\/logo-principal5.jpg\" width=\"100%\" height=\"100\" \/><\/a><!--bestpublic-voz04--><!--desk-in-out-voz04--><br \/>\n<!--publicidad-voz05--><a href=\"https:\/\/www.facebook.com\/asociaciontamborileroshellin?locale=es_ES\"><img decoding=\"async\" class=\"alignnone size-medium\" src=\"https:\/\/blogger.googleusercontent.com\/img\/b\/R29vZ2xl\/AVvXsEhHEEpZsKK1VpwiYMrS7aE2ujtqIDZoLd4B5wtbiseSU9s2HdTdQfhF84So2XwEB1fv0BLw95GADm6hUl1bkKtzh-eIgVigXONuu_5RxeIMPhjk8q6uNX4EaEHbooKkbu7pCADWPpVJjhKIH5NQSJpWqedC-YBez4QAQeJYokkLot9bhrIaUAeztsGis6M\/s1600\/logo-principal3.jpg\" width=\"100%\" height=\"100\" \/><\/a><!--bestpublic-voz05--><!--desk-in-out-voz05--><br \/>\n<!--publicidad-voz06--><!--bestpublic-voz06--><!--desk-in-out-voz06--><br \/>\n<!--publicidad-voz07--><!--bestpublic-voz07--><!--desk-in-out-voz07--><br \/>\n<!--publicidad-voz08--><!--bestpublic-voz08--><!--desk-in-out-voz08--><br \/>\n<!--publicidad-voz09--><!--bestpublic-voz09--><!--desk-in-out-voz09--><br \/>\n<!--publicidad-voz10--><!--bestpublic-voz10--><!--desk-in-out-voz10--><br \/>\n<!--publicidad-voz11--><!--bestpublic-voz11--><!--desk-in-out-voz11--><br \/>\n<!--publicidad-voz12--><!--bestpublic-voz12--><!--desk-in-out-voz12--><br \/>\n<!--publicidad-voz13--><!--bestpublic-voz13--><!--desk-in-out-voz13--><br \/>\n<!--publicidad-voz14--><!--bestpublic-voz14--><!--desk-in-out-voz14--><br \/>\n<!--publicidad-voz15--><!--bestpublic-voz15--><!--desk-in-out-voz15--><br \/>\n<!--publicidad-voz16--><!--bestpublic-voz16--><!--desk-in-out-voz16--><\/p>\n","protected":false},"excerpt":{"rendered":"<p>SEVERO DOM\u00cdNGUEZ, CAMPE\u00d3N DE ESPA\u00d1A DE TRIATL\u00d3N EN DISTANCIA OLIMPICA EN EL GGEE 18-19<\/p>\n","protected":false},"author":2,"featured_media":90581,"comment_status":"closed","ping_status":"closed","sticky":false,"template":"","format":"standard","meta":{"footnotes":""},"categories":[723,718,715,716,717],"tags":[],"class_list":["post-102480","post","type-post","status-publish","format-standard","has-post-thumbnail","hentry","category-blog-lv005","category-blogger","category-la-voz-de-hellin","category-la-voz-de-hellin-la-voz-de-hellin","category-noticias"],"_links":{"self":[{"href":"https:\/\/lavozdehellin.com\/noticias\/wp-json\/wp\/v2\/posts\/102480","targetHints":{"allow":["GET"]}}],"collection":[{"href":"https:\/\/lavozdehellin.com\/noticias\/wp-json\/wp\/v2\/posts"}],"about":[{"href":"https:\/\/lavozdehellin.com\/noticias\/wp-json\/wp\/v2\/types\/post"}],"author":[{"embeddable":true,"href":"https:\/\/lavozdehellin.com\/noticias\/wp-json\/wp\/v2\/users\/2"}],"replies":[{"embeddable":true,"href":"https:\/\/lavozdehellin.com\/noticias\/wp-json\/wp\/v2\/comments?post=102480"}],"version-history":[{"count":0,"href":"https:\/\/lavozdehellin.com\/noticias\/wp-json\/wp\/v2\/posts\/102480\/revisions"}],"wp:featuredmedia":[{"embeddable":true,"href":"https:\/\/lavozdehellin.com\/noticias\/wp-json\/wp\/v2\/media\/90581"}],"wp:attachment":[{"href":"https:\/\/lavozdehellin.com\/noticias\/wp-json\/wp\/v2\/media?parent=102480"}],"wp:term":[{"taxonomy":"category","embeddable":true,"href":"https:\/\/lavozdehellin.com\/noticias\/wp-json\/wp\/v2\/categories?post=102480"},{"taxonomy":"post_tag","embeddable":true,"href":"https:\/\/lavozdehellin.com\/noticias\/wp-json\/wp\/v2\/tags?post=102480"}],"curies":[{"name":"wp","href":"https:\/\/api.w.org\/{rel}","templated":true}]}}