{"id":102481,"date":"2018-09-03T21:20:33","date_gmt":"2018-09-03T21:20:33","guid":{"rendered":"https:\/\/lavozdehellin.com\/noticias\/v01-060-caluroso-recibimiento-en-mahora-con-las-rutas-senderistas-de-la-diputacion\/"},"modified":"2024-01-04T14:08:49","modified_gmt":"2024-01-04T14:08:49","slug":"v01-060-caluroso-recibimiento-en-mahora-con-las-rutas-senderistas-de-la-diputacion","status":"publish","type":"post","link":"https:\/\/lavozdehellin.com\/noticias\/v01-060-caluroso-recibimiento-en-mahora-con-las-rutas-senderistas-de-la-diputacion\/","title":{"rendered":"LVH NOTICIAS | CALUROSO RECIBIMIENTO EN MAHORA CON LAS RUTAS SENDERISTAS DE LA DIPUTACI\u00d3N"},"content":{"rendered":"<p style=\"text-align: justify;\">Este domingo, 2 de septiembre, tuvo lugar otra nueva ruta de senderismo, dentro de la actividad que organiza la Diputaci\u00f3n Provincial de Albacete para promocionar el turismo, el deporte y la cultura de nuestros pueblos.<\/p>\n<p><!--more--><br \/>\n<!--publicidad-voz01--><a href=\"https:\/\/www.facebook.com\/SoloRadioHellin\/?locale=es_ES\"><img decoding=\"async\" class=\"alignnone size-medium\" src=\"https:\/\/blogger.googleusercontent.com\/img\/b\/R29vZ2xl\/AVvXsEiNncirNnyGedv00mhjZjh5Wl4_YPdJGanoAl8tL8zH-HwqE8uHqjEfSt340RHdx-9tuCSIkZ8rFamZiGyYlgDGxCsmXjCH_1xk5eYM3ntFZRvJP_jndOKR7w1UAo9Tu0vrZyOLfqRpHIxYI5SymJJ-pfGCQw6QVpggBH-UgfjiFQ2JOxqxG0Jx94kW83c\/s1600\/logo-principal.jpg\" width=\"100%\" height=\"100\" \/><\/a><!--bestpublic-voz01--><!--desk-in-out-voz01--><br \/>\n<!--publicidad-voz02--><a href=\"https:\/\/www.hellincf.com\/\"><img decoding=\"async\" class=\"alignnone size-medium\" src=\"https:\/\/blogger.googleusercontent.com\/img\/b\/R29vZ2xl\/AVvXsEhuZ4-XfBVj3UtdP8-RZugy3WVrg-Zv28c53m4oV47qYCxL1rX_dqWX_YddsGSnpH5SRDqZ7bZeKPIfDVCDncpjVlhy3aQs2vojcJBn7Gdv9hC2_Nzct_pRFrnFE1a7KTCdY1bT_kAgnY3-iadRZrGeJf1fR2P5fu11bokx0pWjaypoy-ctwCjklldpEbA\/s1600\/logo-principal7.jpg\" width=\"100%\" height=\"100\" \/><\/a><!--bestpublic-voz02--><!--desk-in-out-voz02--><\/p>\n<p style=\"text-align: justify;\">Los participantes pudieron disfrutar de una bonita ruta de senderismo por las Hoces del r\u00edo Valdemembra y r\u00edo J\u00facar, en Mahora. Una ruta circular, con 16 kil\u00f3metros de distancia,\u00a0de dificultad media y de cinco horas de duraci\u00f3n.<\/p>\n<p style=\"text-align: justify;\">Tras la bienvenida de Antonio Mart\u00ednez, alcalde de Mahora, alrededor de las nueve de la ma\u00f1ana, comenz\u00f3 la marcha con un sol espl\u00e9ndido y tras haberse desplazado con el autob\u00fas hasta la cuesta de la Balaguilla, con una espectacular vista de la Hoz del r\u00edo Valdemembra, donde aprovecharon para realizar la tradicional foto de grupo.<\/p>\n<p style=\"text-align: justify;\">Comenzaron la marcha, dirigi\u00e9ndose en bajada hasta la Cueva del Valdeanguilla, m\u00e1s conocida como la Cueva del Drag\u00f3n, curiosa cueva en la roca, con varias figuras hechas sobre la propia piedra, como la de un gran drag\u00f3n entre otras.<\/p>\n<p style=\"text-align: justify;\">Comenzaron a subir por una senda entre pinos en direcci\u00f3n al Corral de Bolinches, para bajar en direcci\u00f3n al r\u00edo J\u00facar. De ah\u00ed subieron al Barranco del B\u00faho Real, rodeados de pinos y r\u00edos secos, de piedra, donde es habitual ver b\u00fahos y \u00e1guilas. Tomaron un camino que les llevar\u00eda a lo m\u00e1s alto de Bolinches. El sol comenzaba a apretar, entre un pinar joven comenzaron el descenso hasta empezar a encontrarse un camino rodeado de densa vegetaci\u00f3n con el sonido del agua de fondo que les llevar\u00eda al precioso Paraje de la Fuente de la Teja, bonito lugar con sombra y agua fresca, donde aprovecharon para almorzar. El Ayuntamiento aport\u00f3 un agradable aperitivo y bebida \u2018fresquita\u2019.<\/p>\n<p style=\"text-align: justify;\">Al lado se encuentra la central el\u00e9ctrica de Bolinches, que por una pasarela de madera les llevar\u00eda hasta un precioso rinc\u00f3n \u201cMirador del r\u00edo J\u00facar\u201d precioso lugar de r\u00edo J\u00facar, con profundidad suficiente para darse un buen chapuz\u00f3n, cosa que s\u00ed hac\u00edan a\u00f1os anteriores ya que a d\u00eda de hoy esta prohibido el hacerlo.<\/p>\n<p style=\"text-align: justify;\">Tras el agradecido descanso se dirigieron a la otra parte del r\u00edo para visitar otro bello rinc\u00f3n de este, el Charco Azul, un lugar bien se\u00f1alizado y con una plataforma mirador para poder observar el remanso de agua que se crea en esta zona, pudieron ver y probar las moras ya que hab\u00eda gran cantidad de zarzas.<\/p>\n<p style=\"text-align: justify;\">Desde all\u00ed se dirigieron, subiendo una cuesta, hacia la antigua v\u00eda del tren Baeza-Utiel, con unos puentes iguales a otros de municipios vecinos ya visitados.<\/p>\n<p style=\"text-align: justify;\">Pasaron por una curiosa zona de descanso de pastores, donde con materiales naturales como el esparto, la madera, la paja, etc\u2026 hab\u00edan construido una tumbona con apariencia de ser bastante c\u00f3moda, un columpio y una litera, bajo una fant\u00e1stica sombra claro.<\/p>\n<p style=\"text-align: justify;\">Ya s\u00f3lo les quedaba entre \u00e1rboles el \u00faltimo trayecto, hasta llegar a la primera cuesta que bajaron y tomarla en subida hasta llegar al autob\u00fas y volver de nuevo al municipio y degustar una bien merecida comida.<\/p>\n<p style=\"text-align: justify;\">Bonita ruta aunque con un poco de calor, que hizo disfrutar a los cincuenta participantes de esta actividad, que tanto \u00e9xito ha tenido en anteriores ediciones, organizado por la Diputaci\u00f3n Provincial de Albacete.<\/p>\n<p style=\"text-align: justify;\">La siguiente salida ser\u00e1 el s\u00e1bado d\u00eda 22 de septiembre, en Nerpio, denominada \u201cRuta el Zarzalar\u201d de 10,5 kil\u00f3metros de distancia, dificultad media y unas cinco horas de duraci\u00f3n.<\/p>\n<p><!--publicidad-voz03--><a href=\"https:\/\/www.facebook.com\/profile.php?id=100063593791305&amp;locale=es_ES\"><img decoding=\"async\" class=\"alignnone size-medium\" src=\"https:\/\/blogger.googleusercontent.com\/img\/b\/R29vZ2xl\/AVvXsEi8_n_ll8UOcGxCqzFvb_9Io4ICczlGC990BPtPj2w9Px-u7B3oqWUW5vtjZUqPNJ-nyjiUIorE0ATsib_l5tV8BVN-UJ03RTnU__IHJF_4DgDBtY4LIqXNG-FomrO-7ywes20CBCRM2Hcm7EJSh3UUw1dO-c_uTflUrtgY1i7uBRezj_DpympmEFkfbQY\/s1600\/logo-principal2.jpg\" width=\"100%\" height=\"100\" \/><\/a><!--bestpublic-voz03--><!--desk-in-out-voz03--><br \/>\n<!--publicidad-voz04--><a href=\"https:\/\/www.facebook.com\/profile.php?id=61557370768692&amp;locale=es_ES\"><img decoding=\"async\" class=\"alignnone size-medium\" src=\"https:\/\/blogger.googleusercontent.com\/img\/b\/R29vZ2xl\/AVvXsEgy5RdcfffrnrItnYTcV9bCJjgJwldsQLWssfVfrLbyfXeBNTFKgBf0rMIvhrUaGUhiXzVr9_eQgCbi-j63ZDpfTvLIty9w7s140y-m1yHe7eKmEK7v2NAHUJDVYGdfeiQFeRCqUjdwWmN1MX_AUxxz4IVdJ4WIM0APxit8bjWkXzrnEFGqBvW_1F13H1g\/s1600\/logo-principal5.jpg\" width=\"100%\" height=\"100\" \/><\/a><!--bestpublic-voz04--><!--desk-in-out-voz04--><br \/>\n<!--publicidad-voz05--><a href=\"https:\/\/www.facebook.com\/asociaciontamborileroshellin?locale=es_ES\"><img decoding=\"async\" class=\"alignnone size-medium\" src=\"https:\/\/blogger.googleusercontent.com\/img\/b\/R29vZ2xl\/AVvXsEhHEEpZsKK1VpwiYMrS7aE2ujtqIDZoLd4B5wtbiseSU9s2HdTdQfhF84So2XwEB1fv0BLw95GADm6hUl1bkKtzh-eIgVigXONuu_5RxeIMPhjk8q6uNX4EaEHbooKkbu7pCADWPpVJjhKIH5NQSJpWqedC-YBez4QAQeJYokkLot9bhrIaUAeztsGis6M\/s1600\/logo-principal3.jpg\" width=\"100%\" height=\"100\" \/><\/a><!--bestpublic-voz05--><!--desk-in-out-voz05--><br \/>\n<!--publicidad-voz06--><!--bestpublic-voz06--><!--desk-in-out-voz06--><br \/>\n<!--publicidad-voz07--><!--bestpublic-voz07--><!--desk-in-out-voz07--><br \/>\n<!--publicidad-voz08--><!--bestpublic-voz08--><!--desk-in-out-voz08--><br \/>\n<!--publicidad-voz09--><!--bestpublic-voz09--><!--desk-in-out-voz09--><br \/>\n<!--publicidad-voz10--><!--bestpublic-voz10--><!--desk-in-out-voz10--><br \/>\n<!--publicidad-voz11--><!--bestpublic-voz11--><!--desk-in-out-voz11--><br \/>\n<!--publicidad-voz12--><!--bestpublic-voz12--><!--desk-in-out-voz12--><br \/>\n<!--publicidad-voz13--><!--bestpublic-voz13--><!--desk-in-out-voz13--><br \/>\n<!--publicidad-voz14--><!--bestpublic-voz14--><!--desk-in-out-voz14--><br \/>\n<!--publicidad-voz15--><!--bestpublic-voz15--><!--desk-in-out-voz15--><br \/>\n<!--publicidad-voz16--><!--bestpublic-voz16--><!--desk-in-out-voz16--><\/p>\n","protected":false},"excerpt":{"rendered":"<p>CALUROSO RECIBIMIENTO EN MAHORA CON LAS RUTAS SENDERISTAS DE LA DIPUTACI\u00d3N<\/p>\n","protected":false},"author":2,"featured_media":90585,"comment_status":"closed","ping_status":"closed","sticky":false,"template":"","format":"standard","meta":{"footnotes":""},"categories":[723,718,715,716,717],"tags":[],"class_list":["post-102481","post","type-post","status-publish","format-standard","has-post-thumbnail","hentry","category-blog-lv005","category-blogger","category-la-voz-de-hellin","category-la-voz-de-hellin-la-voz-de-hellin","category-noticias"],"_links":{"self":[{"href":"https:\/\/lavozdehellin.com\/noticias\/wp-json\/wp\/v2\/posts\/102481","targetHints":{"allow":["GET"]}}],"collection":[{"href":"https:\/\/lavozdehellin.com\/noticias\/wp-json\/wp\/v2\/posts"}],"about":[{"href":"https:\/\/lavozdehellin.com\/noticias\/wp-json\/wp\/v2\/types\/post"}],"author":[{"embeddable":true,"href":"https:\/\/lavozdehellin.com\/noticias\/wp-json\/wp\/v2\/users\/2"}],"replies":[{"embeddable":true,"href":"https:\/\/lavozdehellin.com\/noticias\/wp-json\/wp\/v2\/comments?post=102481"}],"version-history":[{"count":0,"href":"https:\/\/lavozdehellin.com\/noticias\/wp-json\/wp\/v2\/posts\/102481\/revisions"}],"wp:featuredmedia":[{"embeddable":true,"href":"https:\/\/lavozdehellin.com\/noticias\/wp-json\/wp\/v2\/media\/90585"}],"wp:attachment":[{"href":"https:\/\/lavozdehellin.com\/noticias\/wp-json\/wp\/v2\/media?parent=102481"}],"wp:term":[{"taxonomy":"category","embeddable":true,"href":"https:\/\/lavozdehellin.com\/noticias\/wp-json\/wp\/v2\/categories?post=102481"},{"taxonomy":"post_tag","embeddable":true,"href":"https:\/\/lavozdehellin.com\/noticias\/wp-json\/wp\/v2\/tags?post=102481"}],"curies":[{"name":"wp","href":"https:\/\/api.w.org\/{rel}","templated":true}]}}