{"id":102484,"date":"2018-09-03T07:29:13","date_gmt":"2018-09-03T07:29:13","guid":{"rendered":"https:\/\/lavozdehellin.com\/noticias\/v01-063-jesus-angel-rodriguez-y-maria-angeles-magan-vencieron-en-la-gineta\/"},"modified":"2024-01-04T14:08:50","modified_gmt":"2024-01-04T14:08:50","slug":"v01-063-jesus-angel-rodriguez-y-maria-angeles-magan-vencieron-en-la-gineta","status":"publish","type":"post","link":"https:\/\/lavozdehellin.com\/noticias\/v01-063-jesus-angel-rodriguez-y-maria-angeles-magan-vencieron-en-la-gineta\/","title":{"rendered":"LVH NOTICIAS | JES\u00daS \u00c1NGEL RODR\u00cdGUEZ Y MAR\u00cdA \u00c1NGELES MAG\u00c1N VENCIERON EN LA GINETA"},"content":{"rendered":"<p style=\"text-align: justify;\">Mientras que Mag\u00e1n tiene sentenciado el Circuito a su favor, Miguel \u00c1ngel Torrecilla y Jes\u00fas \u00c1ngel Rodr\u00edguez, compa\u00f1eros de equipo en El Pinar-Ekuon-El Conchel, \u00a0mantienen un bonita lucha por el liderato.<\/p>\n<p><!--more--><br \/>\n<!--publicidad-voz01--><a href=\"https:\/\/www.facebook.com\/SoloRadioHellin\/?locale=es_ES\"><img decoding=\"async\" class=\"alignnone size-medium\" src=\"https:\/\/blogger.googleusercontent.com\/img\/b\/R29vZ2xl\/AVvXsEiNncirNnyGedv00mhjZjh5Wl4_YPdJGanoAl8tL8zH-HwqE8uHqjEfSt340RHdx-9tuCSIkZ8rFamZiGyYlgDGxCsmXjCH_1xk5eYM3ntFZRvJP_jndOKR7w1UAo9Tu0vrZyOLfqRpHIxYI5SymJJ-pfGCQw6QVpggBH-UgfjiFQ2JOxqxG0Jx94kW83c\/s1600\/logo-principal.jpg\" width=\"100%\" height=\"100\" \/><\/a><!--bestpublic-voz01--><!--desk-in-out-voz01--><br \/>\n<!--publicidad-voz02--><a href=\"https:\/\/www.hellincf.com\/\"><img decoding=\"async\" class=\"alignnone size-medium\" src=\"https:\/\/blogger.googleusercontent.com\/img\/b\/R29vZ2xl\/AVvXsEhuZ4-XfBVj3UtdP8-RZugy3WVrg-Zv28c53m4oV47qYCxL1rX_dqWX_YddsGSnpH5SRDqZ7bZeKPIfDVCDncpjVlhy3aQs2vojcJBn7Gdv9hC2_Nzct_pRFrnFE1a7KTCdY1bT_kAgnY3-iadRZrGeJf1fR2P5fu11bokx0pWjaypoy-ctwCjklldpEbA\/s1600\/logo-principal7.jpg\" width=\"100%\" height=\"100\" \/><\/a><!--bestpublic-voz02--><!--desk-in-out-voz02--><\/p>\n<p style=\"text-align: justify;\">La trig\u00e9simo tercera prueba del XVIII Circuito Provincial de Carreras Populares, organizado por la Diputaci\u00f3n de Albacete, fue para Mar\u00eda \u00c1ngeles Mag\u00e1n Talavera (Club de Atletismo Albacete-Diputaci\u00f3n) y Jes\u00fas \u00c1ngel Rodr\u00edguez S\u00e1nchez (El Pinar-Ekuon-El Conchel). En una ma\u00f1ana m\u00e1s fresca de lo esperado, al menos a primera hora, 659 corredores llegaron a meta, superando de este modo en casi un centenar la cifra del a\u00f1o anterior.<\/p>\n<p style=\"text-align: justify;\">Al margen de los n\u00fameros, la carrera de La Gineta dej\u00f3 la sensaci\u00f3n de que todo est\u00e1 por decidir en la clasificaci\u00f3n general masculina, donde dos compa\u00f1eros del Club El Pinar-Ekuon El Conchel se encuentran peleando en buena lid por hacerse con el t\u00edtulo de Campe\u00f3n Provincial. Jes\u00fas \u00c1ngel ha ganado en diez pruebas (Valdeganga, Villalgordo del J\u00facar, Mahora, La Roda, San Pedro, Ri\u00f3par, Molinicos, Villarrobledo, F\u00e9rez y La Gineta), mientras que Miguel \u00c1ngel Torrecilla ha vencido en seis (Abengibre, El Salobral, Higueruela, Tobarra, Paterna del Madera, Fuente \u00c1lamo).<\/p>\n<p style=\"text-align: justify;\">Si bien es cierto que Torrecilla acumula un gran n\u00famero de segundos puestos que le mantienen como l\u00edder, si Jes\u00fas \u00c1ngel es capaz de ganar en ocho de las catorce carreras que restan sumar\u00e1 18 victorias sobre las 18 carreras necesarias para entrar en la clasificaci\u00f3n general, alcanzando as\u00ed la primera plaza. El oto\u00f1o se espera muy emocionante despu\u00e9s del par\u00f3n de dos semanas que sufrir\u00e1 el Circuito con motivo de la Feria de Albacete.<\/p>\n<p style=\"text-align: justify;\">En categor\u00eda femenina se volvi\u00f3 a cumplir la barrera de los 4:00 minutos el kil\u00f3metro. Mag\u00e1n corri\u00f3 a 3:49 y super\u00f3 con una diferencia de dos minutos y medio a la triatleta Ana L\u00f3pez Moreno, que rod\u00f3 a 4:04 por kil\u00f3metro. Quien corra por debajo de 4:00 el kil\u00f3metro ganar\u00e1 o, al menos, se asegura una plaza en el podium, as\u00ed lo marca el cron\u00f3metro, ese juez supremo que no deja opci\u00f3n a las opiniones.<\/p>\n<p style=\"text-align: justify;\">Mar\u00eda \u00c1ngeles Mag\u00e1n ha vencido en 19 carreras (Fuentealbilla, Valdeganga, Madrigueras, Abengibre, Mahora, Casas Ib\u00e1\u00f1ez, Villamalea, Minaya, El Salobral, Cenizate, Alpera, Montealegre del Castillo, Higueruela, El Bonillo, Villarrobledo, Tobarra, Casas de L\u00e1zaro, F\u00e9rez y La Gineta) y se ha proclamado ya, al menos de manera virtual, Campeona Provincial.<\/p>\n<p style=\"text-align: justify;\">En una prueba muy bien organizada, la mala suerte se ceb\u00f3 en Juan Jos\u00e9 Rubio (Club de Atletismo La Gineta). Rubio hab\u00eda finalizado todas las carreras hasta el momento, siendo uno de los ocho valientes que hab\u00eda alcanzado tal gesta, pero el azar y el infortunio decidieron que, curiosamente, se lesionase en su casa y que no pueda seguir optando al Premio a la Fidelidad \u201cSamuel And\u00fajar\u201d, que premia a los atletas que han acabado todas las carreras del Circuito. As\u00ed las cosas, quedan siete corredores con todas las pruebas finalizadas: Anastasio P\u00e9rez (Villamalea), Emilio Leal (Madrigueras), Luis Jim\u00e9nez (Tarazona), Manuel Garc\u00eda Poveda (Don Quijote), Francisco S\u00e1nchez Cabrera (Hell\u00edn), Jos\u00e9 Llorens (Caudete) y Mar\u00eda Picazo (Tarazona).<\/p>\n<p style=\"text-align: justify;\">Los clubes m\u00e1s numerosos fueron La Ca\u00f1ada de La Roda (39), Hell\u00edn (32), Tarazona (27), Don Quijote Albacete (27), Atletas de Pozo Ca\u00f1ada (26), 27 de Agosto de Madrigueras (22) y DSC Running Albacete (21). Los primeros atletas locales en llegar a meta fueron Carlos Garc\u00eda Villodre (32:21) e Isabel Reolid (50:46).<\/p>\n<p style=\"text-align: justify;\">Dos semanas de descanso<\/p>\n<p style=\"text-align: justify;\">El XVIII Circuito Provincial de Carreras Populares descansar\u00e1 durante las dos pr\u00f3ximas semanas, coincidiendo con la Feria de Albacete. La pr\u00f3xima cita tendr\u00e1 lugar en Pozo Ca\u00f1ada el s\u00e1bado 22 de septiembre. En cualquier caso, los atletas que as\u00ed lo deseen podr\u00e1n competir en la II Carrera de Trail de Jorquera, prueba que se celebrar\u00e1 en esta localidad el pr\u00f3ximo s\u00e1bado 8 de septiembre, prueba puntuable para el IV Circuito Provincial de Trail que organiza la Diputaci\u00f3n de Albacete.<\/p>\n<p><!--publicidad-voz03--><a href=\"https:\/\/www.facebook.com\/profile.php?id=100063593791305&amp;locale=es_ES\"><img decoding=\"async\" class=\"alignnone size-medium\" src=\"https:\/\/blogger.googleusercontent.com\/img\/b\/R29vZ2xl\/AVvXsEi8_n_ll8UOcGxCqzFvb_9Io4ICczlGC990BPtPj2w9Px-u7B3oqWUW5vtjZUqPNJ-nyjiUIorE0ATsib_l5tV8BVN-UJ03RTnU__IHJF_4DgDBtY4LIqXNG-FomrO-7ywes20CBCRM2Hcm7EJSh3UUw1dO-c_uTflUrtgY1i7uBRezj_DpympmEFkfbQY\/s1600\/logo-principal2.jpg\" width=\"100%\" height=\"100\" \/><\/a><!--bestpublic-voz03--><!--desk-in-out-voz03--><br \/>\n<!--publicidad-voz04--><a href=\"https:\/\/www.facebook.com\/profile.php?id=61557370768692&amp;locale=es_ES\"><img decoding=\"async\" class=\"alignnone size-medium\" src=\"https:\/\/blogger.googleusercontent.com\/img\/b\/R29vZ2xl\/AVvXsEgy5RdcfffrnrItnYTcV9bCJjgJwldsQLWssfVfrLbyfXeBNTFKgBf0rMIvhrUaGUhiXzVr9_eQgCbi-j63ZDpfTvLIty9w7s140y-m1yHe7eKmEK7v2NAHUJDVYGdfeiQFeRCqUjdwWmN1MX_AUxxz4IVdJ4WIM0APxit8bjWkXzrnEFGqBvW_1F13H1g\/s1600\/logo-principal5.jpg\" width=\"100%\" height=\"100\" \/><\/a><!--bestpublic-voz04--><!--desk-in-out-voz04--><br \/>\n<!--publicidad-voz05--><a href=\"https:\/\/www.facebook.com\/asociaciontamborileroshellin?locale=es_ES\"><img decoding=\"async\" class=\"alignnone size-medium\" src=\"https:\/\/blogger.googleusercontent.com\/img\/b\/R29vZ2xl\/AVvXsEhHEEpZsKK1VpwiYMrS7aE2ujtqIDZoLd4B5wtbiseSU9s2HdTdQfhF84So2XwEB1fv0BLw95GADm6hUl1bkKtzh-eIgVigXONuu_5RxeIMPhjk8q6uNX4EaEHbooKkbu7pCADWPpVJjhKIH5NQSJpWqedC-YBez4QAQeJYokkLot9bhrIaUAeztsGis6M\/s1600\/logo-principal3.jpg\" width=\"100%\" height=\"100\" \/><\/a><!--bestpublic-voz05--><!--desk-in-out-voz05--><br \/>\n<!--publicidad-voz06--><!--bestpublic-voz06--><!--desk-in-out-voz06--><br \/>\n<!--publicidad-voz07--><!--bestpublic-voz07--><!--desk-in-out-voz07--><br \/>\n<!--publicidad-voz08--><!--bestpublic-voz08--><!--desk-in-out-voz08--><br \/>\n<!--publicidad-voz09--><!--bestpublic-voz09--><!--desk-in-out-voz09--><br \/>\n<!--publicidad-voz10--><!--bestpublic-voz10--><!--desk-in-out-voz10--><br \/>\n<!--publicidad-voz11--><!--bestpublic-voz11--><!--desk-in-out-voz11--><br \/>\n<!--publicidad-voz12--><!--bestpublic-voz12--><!--desk-in-out-voz12--><br \/>\n<!--publicidad-voz13--><!--bestpublic-voz13--><!--desk-in-out-voz13--><br \/>\n<!--publicidad-voz14--><!--bestpublic-voz14--><!--desk-in-out-voz14--><br \/>\n<!--publicidad-voz15--><!--bestpublic-voz15--><!--desk-in-out-voz15--><br \/>\n<!--publicidad-voz16--><!--bestpublic-voz16--><!--desk-in-out-voz16--><\/p>\n","protected":false},"excerpt":{"rendered":"<p>JES\u00daS \u00c1NGEL RODR\u00cdGUEZ Y MAR\u00cdA \u00c1NGELES MAG\u00c1N VENCIERON EN LA GINETA<\/p>\n","protected":false},"author":2,"featured_media":90587,"comment_status":"closed","ping_status":"closed","sticky":false,"template":"","format":"standard","meta":{"footnotes":""},"categories":[723,718,715,716,717],"tags":[],"class_list":["post-102484","post","type-post","status-publish","format-standard","has-post-thumbnail","hentry","category-blog-lv005","category-blogger","category-la-voz-de-hellin","category-la-voz-de-hellin-la-voz-de-hellin","category-noticias"],"_links":{"self":[{"href":"https:\/\/lavozdehellin.com\/noticias\/wp-json\/wp\/v2\/posts\/102484","targetHints":{"allow":["GET"]}}],"collection":[{"href":"https:\/\/lavozdehellin.com\/noticias\/wp-json\/wp\/v2\/posts"}],"about":[{"href":"https:\/\/lavozdehellin.com\/noticias\/wp-json\/wp\/v2\/types\/post"}],"author":[{"embeddable":true,"href":"https:\/\/lavozdehellin.com\/noticias\/wp-json\/wp\/v2\/users\/2"}],"replies":[{"embeddable":true,"href":"https:\/\/lavozdehellin.com\/noticias\/wp-json\/wp\/v2\/comments?post=102484"}],"version-history":[{"count":0,"href":"https:\/\/lavozdehellin.com\/noticias\/wp-json\/wp\/v2\/posts\/102484\/revisions"}],"wp:featuredmedia":[{"embeddable":true,"href":"https:\/\/lavozdehellin.com\/noticias\/wp-json\/wp\/v2\/media\/90587"}],"wp:attachment":[{"href":"https:\/\/lavozdehellin.com\/noticias\/wp-json\/wp\/v2\/media?parent=102484"}],"wp:term":[{"taxonomy":"category","embeddable":true,"href":"https:\/\/lavozdehellin.com\/noticias\/wp-json\/wp\/v2\/categories?post=102484"},{"taxonomy":"post_tag","embeddable":true,"href":"https:\/\/lavozdehellin.com\/noticias\/wp-json\/wp\/v2\/tags?post=102484"}],"curies":[{"name":"wp","href":"https:\/\/api.w.org\/{rel}","templated":true}]}}