{"id":102486,"date":"2018-08-31T17:56:38","date_gmt":"2018-08-31T17:56:38","guid":{"rendered":"https:\/\/lavozdehellin.com\/noticias\/v01-065-el-gobierno-regional-destina-350-000-euros-para-cerrar-y-acondicionar-las-pistas-polideportivas-de-la-localidad-de-riopar\/"},"modified":"2024-01-04T14:08:50","modified_gmt":"2024-01-04T14:08:50","slug":"v01-065-el-gobierno-regional-destina-350-000-euros-para-cerrar-y-acondicionar-las-pistas-polideportivas-de-la-localidad-de-riopar","status":"publish","type":"post","link":"https:\/\/lavozdehellin.com\/noticias\/v01-065-el-gobierno-regional-destina-350-000-euros-para-cerrar-y-acondicionar-las-pistas-polideportivas-de-la-localidad-de-riopar\/","title":{"rendered":"LVH NOTICIAS | EL GOBIERNO REGIONAL DESTINA 350.000 EUROS PARA CERRAR Y ACONDICIONAR LAS PISTAS POLIDEPORTIVAS DE LA LOCALIDAD DE RI\u00d3PAR"},"content":{"rendered":"<p style=\"text-align: justify;\">El Gobierno de Castilla-La Mancha destinar\u00e1 350.000 euros en las pistas polideportivas municipales de la localidad de Ri\u00f3par con el objeto de cerrar con cubiertas y acondicionar esta infraestructura deportiva, expuesta a las inclemencias meteorol\u00f3gicas, y facilitar que esta zona de la comarca de Sierra del Segura disponga de unas instalaciones \u201cdignas, accesibles y abiertas a la pr\u00e1ctica deportiva durante todo el a\u00f1o\u201d.<\/p>\n<p><!--more--><br \/>\n<!--publicidad-voz01--><a href=\"https:\/\/www.facebook.com\/SoloRadioHellin\/?locale=es_ES\"><img decoding=\"async\" class=\"alignnone size-medium\" src=\"https:\/\/blogger.googleusercontent.com\/img\/b\/R29vZ2xl\/AVvXsEiNncirNnyGedv00mhjZjh5Wl4_YPdJGanoAl8tL8zH-HwqE8uHqjEfSt340RHdx-9tuCSIkZ8rFamZiGyYlgDGxCsmXjCH_1xk5eYM3ntFZRvJP_jndOKR7w1UAo9Tu0vrZyOLfqRpHIxYI5SymJJ-pfGCQw6QVpggBH-UgfjiFQ2JOxqxG0Jx94kW83c\/s1600\/logo-principal.jpg\" width=\"100%\" height=\"100\" \/><\/a><!--bestpublic-voz01--><!--desk-in-out-voz01--><br \/>\n<!--publicidad-voz02--><a href=\"https:\/\/www.hellincf.com\/\"><img decoding=\"async\" class=\"alignnone size-medium\" src=\"https:\/\/blogger.googleusercontent.com\/img\/b\/R29vZ2xl\/AVvXsEhuZ4-XfBVj3UtdP8-RZugy3WVrg-Zv28c53m4oV47qYCxL1rX_dqWX_YddsGSnpH5SRDqZ7bZeKPIfDVCDncpjVlhy3aQs2vojcJBn7Gdv9hC2_Nzct_pRFrnFE1a7KTCdY1bT_kAgnY3-iadRZrGeJf1fR2P5fu11bokx0pWjaypoy-ctwCjklldpEbA\/s1600\/logo-principal7.jpg\" width=\"100%\" height=\"100\" \/><\/a><!--bestpublic-voz02--><!--desk-in-out-voz02--><\/p>\n<p style=\"text-align: justify;\">El delegado de la Junta en Albacete, Pedro Antonio Ruiz Santos ha visitado las obras de modernizaci\u00f3n, pavimentaci\u00f3n y cerramiento de estas pistas, junto al alcalde del Ayuntamiento de Ri\u00f3par, Federico Moreno, y ha recordado que estas instalaciones forman parte del Centro Rural Agrupado \u201cCalar del R\u00edo Mundo\u201d, y fueron objeto de una ayuda directa aprobada por el Consejo de Gobierno de Castilla-La Mancha de 100.000 euros, dentro de un paquete de subvenciones de car\u00e1cter extraordinario para la provincia de Albacete<\/p>\n<p style=\"text-align: justify;\">Adem\u00e1s, Ruiz Santos ha explicado que aquella I Fase de actuaci\u00f3n para estas pistas polideportivas se complementa ahora con una ayuda de 239.000 euros que gestionar\u00e1 el Ejecutivo auton\u00f3mico, gracias al proyecto presentado por el Consistorio de Ri\u00f3par, dentro de la l\u00ednea de actuaci\u00f3n para infraestructuras educativas, enmarcada en las expresiones de inter\u00e9s de la Inversi\u00f3n Territorial Integrada (ITI).<\/p>\n<p style=\"text-align: justify;\">En total, en la presente Legislatura, estas pistas polideportivas contar\u00e1n con una inversi\u00f3n de cerca de 400.000 euros, aportando la Administraci\u00f3n auton\u00f3mica m\u00e1s del 80 por ciento de forma directa, o con fondos europeos.<\/p>\n<p style=\"text-align: justify;\">F\u00e1brica de Bronce<\/p>\n<p style=\"text-align: justify;\">En otro orden de cuestiones, el delegado de la Junta en Albacete, Pedro Antonio Ruiz Santos ha felicitado al Ayuntamiento de Ri\u00f3par, tras hacerse p\u00fablico el pasado mes de julio, en el Diario Oficial de Castilla-La Mancha (DOCM), el Decreto de la Red de Hospeder\u00eda de la Comunidad Aut\u00f3noma, que selecciona a la Real F\u00e1brica de Bronce de esta localidad albacete\u00f1a, como espacio patrimonial de especial \u201csingularidad\u201d, al estar ubicado en un entorno \u201cpaisaj\u00edstico, monumental o natural privilegiado\u201d para su rehabilitaci\u00f3n como establecimiento hotelero con este distintivo de calidad tur\u00edstica.<\/p>\n<p><!--publicidad-voz03--><a href=\"https:\/\/www.facebook.com\/profile.php?id=100063593791305&amp;locale=es_ES\"><img decoding=\"async\" class=\"alignnone size-medium\" src=\"https:\/\/blogger.googleusercontent.com\/img\/b\/R29vZ2xl\/AVvXsEi8_n_ll8UOcGxCqzFvb_9Io4ICczlGC990BPtPj2w9Px-u7B3oqWUW5vtjZUqPNJ-nyjiUIorE0ATsib_l5tV8BVN-UJ03RTnU__IHJF_4DgDBtY4LIqXNG-FomrO-7ywes20CBCRM2Hcm7EJSh3UUw1dO-c_uTflUrtgY1i7uBRezj_DpympmEFkfbQY\/s1600\/logo-principal2.jpg\" width=\"100%\" height=\"100\" \/><\/a><!--bestpublic-voz03--><!--desk-in-out-voz03--><br \/>\n<!--publicidad-voz04--><a href=\"https:\/\/www.facebook.com\/profile.php?id=61557370768692&amp;locale=es_ES\"><img decoding=\"async\" class=\"alignnone size-medium\" src=\"https:\/\/blogger.googleusercontent.com\/img\/b\/R29vZ2xl\/AVvXsEgy5RdcfffrnrItnYTcV9bCJjgJwldsQLWssfVfrLbyfXeBNTFKgBf0rMIvhrUaGUhiXzVr9_eQgCbi-j63ZDpfTvLIty9w7s140y-m1yHe7eKmEK7v2NAHUJDVYGdfeiQFeRCqUjdwWmN1MX_AUxxz4IVdJ4WIM0APxit8bjWkXzrnEFGqBvW_1F13H1g\/s1600\/logo-principal5.jpg\" width=\"100%\" height=\"100\" \/><\/a><!--bestpublic-voz04--><!--desk-in-out-voz04--><br \/>\n<!--publicidad-voz05--><a href=\"https:\/\/www.facebook.com\/asociaciontamborileroshellin?locale=es_ES\"><img decoding=\"async\" class=\"alignnone size-medium\" src=\"https:\/\/blogger.googleusercontent.com\/img\/b\/R29vZ2xl\/AVvXsEhHEEpZsKK1VpwiYMrS7aE2ujtqIDZoLd4B5wtbiseSU9s2HdTdQfhF84So2XwEB1fv0BLw95GADm6hUl1bkKtzh-eIgVigXONuu_5RxeIMPhjk8q6uNX4EaEHbooKkbu7pCADWPpVJjhKIH5NQSJpWqedC-YBez4QAQeJYokkLot9bhrIaUAeztsGis6M\/s1600\/logo-principal3.jpg\" width=\"100%\" height=\"100\" \/><\/a><!--bestpublic-voz05--><!--desk-in-out-voz05--><br \/>\n<!--publicidad-voz06--><!--bestpublic-voz06--><!--desk-in-out-voz06--><br \/>\n<!--publicidad-voz07--><!--bestpublic-voz07--><!--desk-in-out-voz07--><br \/>\n<!--publicidad-voz08--><!--bestpublic-voz08--><!--desk-in-out-voz08--><br \/>\n<!--publicidad-voz09--><!--bestpublic-voz09--><!--desk-in-out-voz09--><br \/>\n<!--publicidad-voz10--><!--bestpublic-voz10--><!--desk-in-out-voz10--><br \/>\n<!--publicidad-voz11--><!--bestpublic-voz11--><!--desk-in-out-voz11--><br \/>\n<!--publicidad-voz12--><!--bestpublic-voz12--><!--desk-in-out-voz12--><br \/>\n<!--publicidad-voz13--><!--bestpublic-voz13--><!--desk-in-out-voz13--><br \/>\n<!--publicidad-voz14--><!--bestpublic-voz14--><!--desk-in-out-voz14--><br \/>\n<!--publicidad-voz15--><!--bestpublic-voz15--><!--desk-in-out-voz15--><br \/>\n<!--publicidad-voz16--><!--bestpublic-voz16--><!--desk-in-out-voz16--><\/p>\n","protected":false},"excerpt":{"rendered":"<p>EL GOBIERNO REGIONAL DESTINA 350.000 EUROS PARA CERRAR Y ACONDICIONAR LAS PISTAS POLIDEPORTIVAS DE LA LOCALIDAD DE RI\u00d3PAR<\/p>\n","protected":false},"author":2,"featured_media":90586,"comment_status":"closed","ping_status":"closed","sticky":false,"template":"","format":"standard","meta":{"footnotes":""},"categories":[723,718,715,716,717],"tags":[],"class_list":["post-102486","post","type-post","status-publish","format-standard","has-post-thumbnail","hentry","category-blog-lv005","category-blogger","category-la-voz-de-hellin","category-la-voz-de-hellin-la-voz-de-hellin","category-noticias"],"_links":{"self":[{"href":"https:\/\/lavozdehellin.com\/noticias\/wp-json\/wp\/v2\/posts\/102486","targetHints":{"allow":["GET"]}}],"collection":[{"href":"https:\/\/lavozdehellin.com\/noticias\/wp-json\/wp\/v2\/posts"}],"about":[{"href":"https:\/\/lavozdehellin.com\/noticias\/wp-json\/wp\/v2\/types\/post"}],"author":[{"embeddable":true,"href":"https:\/\/lavozdehellin.com\/noticias\/wp-json\/wp\/v2\/users\/2"}],"replies":[{"embeddable":true,"href":"https:\/\/lavozdehellin.com\/noticias\/wp-json\/wp\/v2\/comments?post=102486"}],"version-history":[{"count":0,"href":"https:\/\/lavozdehellin.com\/noticias\/wp-json\/wp\/v2\/posts\/102486\/revisions"}],"wp:featuredmedia":[{"embeddable":true,"href":"https:\/\/lavozdehellin.com\/noticias\/wp-json\/wp\/v2\/media\/90586"}],"wp:attachment":[{"href":"https:\/\/lavozdehellin.com\/noticias\/wp-json\/wp\/v2\/media?parent=102486"}],"wp:term":[{"taxonomy":"category","embeddable":true,"href":"https:\/\/lavozdehellin.com\/noticias\/wp-json\/wp\/v2\/categories?post=102486"},{"taxonomy":"post_tag","embeddable":true,"href":"https:\/\/lavozdehellin.com\/noticias\/wp-json\/wp\/v2\/tags?post=102486"}],"curies":[{"name":"wp","href":"https:\/\/api.w.org\/{rel}","templated":true}]}}