{"id":102489,"date":"2018-08-31T14:47:31","date_gmt":"2018-08-31T14:47:31","guid":{"rendered":"https:\/\/lavozdehellin.com\/noticias\/v01-068-tras-el-paron-estival-regresan-las-rutas-de-senderismo-de-la-diputacion-recorriendo-mahora\/"},"modified":"2024-01-04T14:08:50","modified_gmt":"2024-01-04T14:08:50","slug":"v01-068-tras-el-paron-estival-regresan-las-rutas-de-senderismo-de-la-diputacion-recorriendo-mahora","status":"publish","type":"post","link":"https:\/\/lavozdehellin.com\/noticias\/v01-068-tras-el-paron-estival-regresan-las-rutas-de-senderismo-de-la-diputacion-recorriendo-mahora\/","title":{"rendered":"LVH NOTICIAS | TRAS EL PAR\u00d3N ESTIVAL, REGRESAN LAS RUTAS DE SENDERISMO DE LA DIPUTACI\u00d3N RECORRIENDO MAHORA"},"content":{"rendered":"<p style=\"text-align: justify;\">Un municipio que se estrena en este evento cultural y deportivo este fin de semana con un trayecto a trav\u00e9s de las Hoces de los r\u00edos Valdemembra y J\u00facar.<\/p>\n<p><!--more--><br \/>\n<!--publicidad-voz01--><a href=\"https:\/\/www.facebook.com\/SoloRadioHellin\/?locale=es_ES\"><img decoding=\"async\" class=\"alignnone size-medium\" src=\"https:\/\/blogger.googleusercontent.com\/img\/b\/R29vZ2xl\/AVvXsEiNncirNnyGedv00mhjZjh5Wl4_YPdJGanoAl8tL8zH-HwqE8uHqjEfSt340RHdx-9tuCSIkZ8rFamZiGyYlgDGxCsmXjCH_1xk5eYM3ntFZRvJP_jndOKR7w1UAo9Tu0vrZyOLfqRpHIxYI5SymJJ-pfGCQw6QVpggBH-UgfjiFQ2JOxqxG0Jx94kW83c\/s1600\/logo-principal.jpg\" width=\"100%\" height=\"100\" \/><\/a><!--bestpublic-voz01--><!--desk-in-out-voz01--><br \/>\n<!--publicidad-voz02--><a href=\"https:\/\/www.hellincf.com\/\"><img decoding=\"async\" class=\"alignnone size-medium\" src=\"https:\/\/blogger.googleusercontent.com\/img\/b\/R29vZ2xl\/AVvXsEhuZ4-XfBVj3UtdP8-RZugy3WVrg-Zv28c53m4oV47qYCxL1rX_dqWX_YddsGSnpH5SRDqZ7bZeKPIfDVCDncpjVlhy3aQs2vojcJBn7Gdv9hC2_Nzct_pRFrnFE1a7KTCdY1bT_kAgnY3-iadRZrGeJf1fR2P5fu11bokx0pWjaypoy-ctwCjklldpEbA\/s1600\/logo-principal7.jpg\" width=\"100%\" height=\"100\" \/><\/a><!--bestpublic-voz02--><!--desk-in-out-voz02--><\/p>\n<p style=\"text-align: justify;\">Este domingo, 2 de septiembre, comienza la segunda parte de las rutas senderistas del programa que la Diputaci\u00f3n Provincial de Albacete ha organizado para seguir dando a conocer los encantos naturales y patrimoniales de las distintas comarcas.<\/p>\n<p style=\"text-align: justify;\">La cita ser\u00e1 en Mahora, en una ruta que se denomina \u201cCa\u00f1ones del Valdemembra\u201d, una prueba circular de 16 kil\u00f3metros de distancia, una dificultad media y unas cinco horas de duraci\u00f3n, con salida a las 09:00 horas, en la Plaza de la Mancha del municipio.<\/p>\n<p style=\"text-align: justify;\">Tomar\u00e1 salida desde la cuesta de la Balaguilla, con una espectacular vista de la Hoz del r\u00edo Valdemembra, dirigi\u00e9ndose a la Cueva del Valdeanguilla.<\/p>\n<p style=\"text-align: justify;\">Entre pinos subir\u00e1n direcci\u00f3n al Corral de Bolinches, y luego, ya en descenso, al r\u00edo J\u00facar. Subir\u00e1n al Barranco del B\u00faho Real y tomaran un camino que les llevar\u00e1 a lo m\u00e1s alto de Bolinches, y bajar al Paraje de la Fuente de la Teja, al Mirador del r\u00edo J\u00facar y al Charco Azul. Desde all\u00ed subir\u00e1n una cuesta hacia la antigua v\u00eda del tren, pasando por una zona de descanso de los pastores, para comenzar el \u00faltimo trayecto de la ruta por un camino entre \u00e1rboles que les conducir\u00e1 al punto de partida.<\/p>\n<p style=\"text-align: justify;\">Una bonita ruta para retomar de nuevo esta actividad, de gran atractivo natural y paisaj\u00edstico, que seguro har\u00e1 disfrutar este domingo a los cincuenta participantes que se dar\u00e1n cita en ella, gracias a esta iniciativa puesta en marcha por la Diputaci\u00f3n Provincial de Albacete y que cada vez tiene m\u00e1s seguidores amantes del senderismo y el turismo de naturaleza y que da a conocer parte de nuestra provincia.<\/p>\n<p><!--publicidad-voz03--><a href=\"https:\/\/www.facebook.com\/profile.php?id=100063593791305&amp;locale=es_ES\"><img decoding=\"async\" class=\"alignnone size-medium\" src=\"https:\/\/blogger.googleusercontent.com\/img\/b\/R29vZ2xl\/AVvXsEi8_n_ll8UOcGxCqzFvb_9Io4ICczlGC990BPtPj2w9Px-u7B3oqWUW5vtjZUqPNJ-nyjiUIorE0ATsib_l5tV8BVN-UJ03RTnU__IHJF_4DgDBtY4LIqXNG-FomrO-7ywes20CBCRM2Hcm7EJSh3UUw1dO-c_uTflUrtgY1i7uBRezj_DpympmEFkfbQY\/s1600\/logo-principal2.jpg\" width=\"100%\" height=\"100\" \/><\/a><!--bestpublic-voz03--><!--desk-in-out-voz03--><br \/>\n<!--publicidad-voz04--><a href=\"https:\/\/www.facebook.com\/profile.php?id=61557370768692&amp;locale=es_ES\"><img decoding=\"async\" class=\"alignnone size-medium\" src=\"https:\/\/blogger.googleusercontent.com\/img\/b\/R29vZ2xl\/AVvXsEgy5RdcfffrnrItnYTcV9bCJjgJwldsQLWssfVfrLbyfXeBNTFKgBf0rMIvhrUaGUhiXzVr9_eQgCbi-j63ZDpfTvLIty9w7s140y-m1yHe7eKmEK7v2NAHUJDVYGdfeiQFeRCqUjdwWmN1MX_AUxxz4IVdJ4WIM0APxit8bjWkXzrnEFGqBvW_1F13H1g\/s1600\/logo-principal5.jpg\" width=\"100%\" height=\"100\" \/><\/a><!--bestpublic-voz04--><!--desk-in-out-voz04--><br \/>\n<!--publicidad-voz05--><a href=\"https:\/\/www.facebook.com\/asociaciontamborileroshellin?locale=es_ES\"><img decoding=\"async\" class=\"alignnone size-medium\" src=\"https:\/\/blogger.googleusercontent.com\/img\/b\/R29vZ2xl\/AVvXsEhHEEpZsKK1VpwiYMrS7aE2ujtqIDZoLd4B5wtbiseSU9s2HdTdQfhF84So2XwEB1fv0BLw95GADm6hUl1bkKtzh-eIgVigXONuu_5RxeIMPhjk8q6uNX4EaEHbooKkbu7pCADWPpVJjhKIH5NQSJpWqedC-YBez4QAQeJYokkLot9bhrIaUAeztsGis6M\/s1600\/logo-principal3.jpg\" width=\"100%\" height=\"100\" \/><\/a><!--bestpublic-voz05--><!--desk-in-out-voz05--><br \/>\n<!--publicidad-voz06--><!--bestpublic-voz06--><!--desk-in-out-voz06--><br \/>\n<!--publicidad-voz07--><!--bestpublic-voz07--><!--desk-in-out-voz07--><br \/>\n<!--publicidad-voz08--><!--bestpublic-voz08--><!--desk-in-out-voz08--><br \/>\n<!--publicidad-voz09--><!--bestpublic-voz09--><!--desk-in-out-voz09--><br \/>\n<!--publicidad-voz10--><!--bestpublic-voz10--><!--desk-in-out-voz10--><br \/>\n<!--publicidad-voz11--><!--bestpublic-voz11--><!--desk-in-out-voz11--><br \/>\n<!--publicidad-voz12--><!--bestpublic-voz12--><!--desk-in-out-voz12--><br \/>\n<!--publicidad-voz13--><!--bestpublic-voz13--><!--desk-in-out-voz13--><br \/>\n<!--publicidad-voz14--><!--bestpublic-voz14--><!--desk-in-out-voz14--><br \/>\n<!--publicidad-voz15--><!--bestpublic-voz15--><!--desk-in-out-voz15--><br \/>\n<!--publicidad-voz16--><!--bestpublic-voz16--><!--desk-in-out-voz16--><\/p>\n","protected":false},"excerpt":{"rendered":"<p>TRAS EL PAR\u00d3N ESTIVAL, REGRESAN LAS RUTAS DE SENDERISMO DE LA DIPUTACI\u00d3N RECORRIENDO MAHORA<\/p>\n","protected":false},"author":2,"featured_media":90579,"comment_status":"closed","ping_status":"closed","sticky":false,"template":"","format":"standard","meta":{"footnotes":""},"categories":[723,718,715,716,717],"tags":[],"class_list":["post-102489","post","type-post","status-publish","format-standard","has-post-thumbnail","hentry","category-blog-lv005","category-blogger","category-la-voz-de-hellin","category-la-voz-de-hellin-la-voz-de-hellin","category-noticias"],"_links":{"self":[{"href":"https:\/\/lavozdehellin.com\/noticias\/wp-json\/wp\/v2\/posts\/102489","targetHints":{"allow":["GET"]}}],"collection":[{"href":"https:\/\/lavozdehellin.com\/noticias\/wp-json\/wp\/v2\/posts"}],"about":[{"href":"https:\/\/lavozdehellin.com\/noticias\/wp-json\/wp\/v2\/types\/post"}],"author":[{"embeddable":true,"href":"https:\/\/lavozdehellin.com\/noticias\/wp-json\/wp\/v2\/users\/2"}],"replies":[{"embeddable":true,"href":"https:\/\/lavozdehellin.com\/noticias\/wp-json\/wp\/v2\/comments?post=102489"}],"version-history":[{"count":0,"href":"https:\/\/lavozdehellin.com\/noticias\/wp-json\/wp\/v2\/posts\/102489\/revisions"}],"wp:featuredmedia":[{"embeddable":true,"href":"https:\/\/lavozdehellin.com\/noticias\/wp-json\/wp\/v2\/media\/90579"}],"wp:attachment":[{"href":"https:\/\/lavozdehellin.com\/noticias\/wp-json\/wp\/v2\/media?parent=102489"}],"wp:term":[{"taxonomy":"category","embeddable":true,"href":"https:\/\/lavozdehellin.com\/noticias\/wp-json\/wp\/v2\/categories?post=102489"},{"taxonomy":"post_tag","embeddable":true,"href":"https:\/\/lavozdehellin.com\/noticias\/wp-json\/wp\/v2\/tags?post=102489"}],"curies":[{"name":"wp","href":"https:\/\/api.w.org\/{rel}","templated":true}]}}